{"id":6459,"date":"2014-06-30T22:54:59","date_gmt":"2014-06-30T20:54:59","guid":{"rendered":"http:\/\/www.portaldelolleria.es\/?p=6459"},"modified":"2014-07-03T10:54:52","modified_gmt":"2014-07-03T08:54:52","slug":"mireia-mico-cerda-y-andrea-sanz-bosca-premiadas-por-el-mejor-expediente-academico","status":"publish","type":"post","link":"http:\/\/www.portaldelolleria.es\/?p=6459","title":{"rendered":"Mireia Mic\u00f3 Cerd\u00e1 y Andrea Sanz Bosc\u00e1 premiadas por el mejor expediente academico"},"content":{"rendered":"<p>&nbsp;<\/p>\n<p><a href=\"http:\/\/www.portaldelolleria.es\/wp-content\/uploads\/2014\/06\/vermellar3.jpg\"><img loading=\"lazy\" class=\"aligncenter size-full wp-image-6462\" title=\"vermellar3\" src=\"http:\/\/www.portaldelolleria.es\/wp-content\/uploads\/2014\/06\/vermellar3.jpg\" alt=\"\" width=\"598\" height=\"398\" srcset=\"http:\/\/www.portaldelolleria.es\/wp-content\/uploads\/2014\/06\/vermellar3.jpg 598w, http:\/\/www.portaldelolleria.es\/wp-content\/uploads\/2014\/06\/vermellar3-300x199.jpg 300w\" sizes=\"(max-width: 598px) 100vw, 598px\" \/><\/a><\/p>\n<p style=\"text-align: justify;\"><span style=\"font-size: small;\">Andrea Sanz Bosc\u00e1 y Mireia Mic\u00f3 Cerc\u00e1,\u00a0 alumnas de IES Vermellar, de l&#8217;Olleria, recibieron ayer el reconocimiento por parte del Ayuntamiento al esfuerzo y los excelentes resultados acad\u00e9micos obtenidos en el presente curso.<\/span><\/p>\n<p style=\"text-align: justify;\"><span style=\"font-size: small;\">El acto presidido por el Alcalde, D. Jos\u00e9 Vidal, estuvo acompa\u00f1ado por la Concejal de Educaci\u00f3n\u00a0 D\u00f1a. Gemma Borr\u00e1s, y la Directora del IES Vermellar, D\u00f1a. Esther Escot Garrido, se desarroll\u00f3 en el sal\u00f3n de actos del edificio municipal con numeroso publico asistente.<\/span><\/p>\n<p style=\"text-align: justify;\"><span style=\"font-size: small;\">El Alcalde aprovech\u00f3 la ocasi\u00f3n para felicitarlas por lo m\u00e9ritos contraidos, pero tambi\u00e9n hizo extensiva esta felicitaci\u00f3n tanto a los padres, que a buen seguro habr\u00e1n contribuido al esfuerzo,\u00a0 asi como a las directoras de los diferentes centros p\u00fablicos de l&#8217;Olleria, por su parte de aportaci\u00f3n.\u00a0 Adem\u00e1s de un diploma acreditativo del m\u00e9rito conseguido,\u00a0 el pueblo de l&#8217;Olleria, aporta la peque\u00f1a contribuci\u00f3n de un ordenador port\u00e1til para cada una con el fin de que les siga ayudando en sus estudios.<\/span><\/p>\n<p style=\"text-align: justify;\"><span style=\"font-size: small;\">Tanto Mireia como Andrea aprovecharon el acto para agradecer al Ayuntamiento y a todos el homenaje recibido, adem\u00e1s de tener el buen detalle de hacer extensiva la felicitaci\u00f3n a todos sus compa\u00f1eros de clase.<\/span><\/p>\n<p>&nbsp;<\/p>\n<p><a href=\"http:\/\/www.portaldelolleria.es\/wp-content\/uploads\/2014\/06\/vermellar1.jpg\"><img loading=\"lazy\" class=\"aligncenter size-full wp-image-6460\" title=\"vermellar1\" src=\"http:\/\/www.portaldelolleria.es\/wp-content\/uploads\/2014\/06\/vermellar1.jpg\" alt=\"\" width=\"598\" height=\"398\" srcset=\"http:\/\/www.portaldelolleria.es\/wp-content\/uploads\/2014\/06\/vermellar1.jpg 598w, http:\/\/www.portaldelolleria.es\/wp-content\/uploads\/2014\/06\/vermellar1-300x199.jpg 300w\" sizes=\"(max-width: 598px) 100vw, 598px\" \/><\/a><\/p>\n<p><a href=\"http:\/\/www.portaldelolleria.es\/wp-content\/uploads\/2014\/06\/vermellar2.jpg\"><img loading=\"lazy\" class=\"aligncenter size-full wp-image-6461\" title=\"vermellar2\" src=\"http:\/\/www.portaldelolleria.es\/wp-content\/uploads\/2014\/06\/vermellar2.jpg\" alt=\"\" width=\"598\" height=\"398\" srcset=\"http:\/\/www.portaldelolleria.es\/wp-content\/uploads\/2014\/06\/vermellar2.jpg 598w, http:\/\/www.portaldelolleria.es\/wp-content\/uploads\/2014\/06\/vermellar2-300x199.jpg 300w\" sizes=\"(max-width: 598px) 100vw, 598px\" \/><\/a><br \/>\n<iframe loading=\"lazy\" width=\"598\" height=\"449\" src=\"\/\/www.youtube.com\/embed\/IiQ9WkI1604\" frameborder=\"0\" allowfullscreen><\/iframe><\/p>\n","protected":false},"excerpt":{"rendered":"<p>&nbsp; Andrea Sanz Bosc\u00e1 y Mireia Mic\u00f3 Cerc\u00e1,\u00a0 alumnas de IES Vermellar, de l&#8217;Olleria, recibieron ayer el reconocimiento por parte del Ayuntamiento al esfuerzo y los excelentes resultados acad\u00e9micos obtenidos en el presente curso. El acto presidido por el Alcalde, D. Jos\u00e9 Vidal, estuvo acompa\u00f1ado por la Concejal de Educaci\u00f3n\u00a0 D\u00f1a. Gemma Borr\u00e1s, y la [&hellip;]<\/p>\n","protected":false},"author":1,"featured_media":0,"comment_status":"closed","ping_status":"open","sticky":false,"template":"","format":"standard","meta":{"_monsterinsights_skip_tracking":false,"_monsterinsights_sitenote_active":false,"_monsterinsights_sitenote_note":"","_monsterinsights_sitenote_category":0},"categories":[10,12],"tags":[1068,1070,1069,450,163],"_links":{"self":[{"href":"http:\/\/www.portaldelolleria.es\/index.php?rest_route=\/wp\/v2\/posts\/6459"}],"collection":[{"href":"http:\/\/www.portaldelolleria.es\/index.php?rest_route=\/wp\/v2\/posts"}],"about":[{"href":"http:\/\/www.portaldelolleria.es\/index.php?rest_route=\/wp\/v2\/types\/post"}],"author":[{"embeddable":true,"href":"http:\/\/www.portaldelolleria.es\/index.php?rest_route=\/wp\/v2\/users\/1"}],"replies":[{"embeddable":true,"href":"http:\/\/www.portaldelolleria.es\/index.php?rest_route=%2Fwp%2Fv2%2Fcomments&post=6459"}],"version-history":[{"count":3,"href":"http:\/\/www.portaldelolleria.es\/index.php?rest_route=\/wp\/v2\/posts\/6459\/revisions"}],"predecessor-version":[{"id":6516,"href":"http:\/\/www.portaldelolleria.es\/index.php?rest_route=\/wp\/v2\/posts\/6459\/revisions\/6516"}],"wp:attachment":[{"href":"http:\/\/www.portaldelolleria.es\/index.php?rest_route=%2Fwp%2Fv2%2Fmedia&parent=6459"}],"wp:term":[{"taxonomy":"category","embeddable":true,"href":"http:\/\/www.portaldelolleria.es\/index.php?rest_route=%2Fwp%2Fv2%2Fcategories&post=6459"},{"taxonomy":"post_tag","embeddable":true,"href":"http:\/\/www.portaldelolleria.es\/index.php?rest_route=%2Fwp%2Fv2%2Ftags&post=6459"}],"curies":[{"name":"wp","href":"https:\/\/api.w.org\/{rel}","templated":true}]}}