{"id":6464,"date":"2014-06-30T15:06:51","date_gmt":"2014-06-30T13:06:51","guid":{"rendered":"http:\/\/www.portaldelolleria.es\/?p=6464"},"modified":"2014-06-30T23:07:12","modified_gmt":"2014-06-30T21:07:12","slug":"acto-de-clausura-del-campus-de-futbol-de-la-fundacion-valencia-cf","status":"publish","type":"post","link":"http:\/\/www.portaldelolleria.es\/?p=6464","title":{"rendered":"Acto de clausura del Campus de Futbol de la Fundaci\u00f3n Valencia CF."},"content":{"rendered":"<p>&nbsp;<\/p>\n<p><a href=\"http:\/\/www.portaldelolleria.es\/wp-content\/uploads\/2014\/06\/campus1.jpg\"><img loading=\"lazy\" class=\"aligncenter size-full wp-image-6466\" title=\"campus1\" src=\"http:\/\/www.portaldelolleria.es\/wp-content\/uploads\/2014\/06\/campus1.jpg\" alt=\"\" width=\"598\" height=\"398\" srcset=\"http:\/\/www.portaldelolleria.es\/wp-content\/uploads\/2014\/06\/campus1.jpg 598w, http:\/\/www.portaldelolleria.es\/wp-content\/uploads\/2014\/06\/campus1-300x199.jpg 300w\" sizes=\"(max-width: 598px) 100vw, 598px\" \/><\/a><\/p>\n<p style=\"text-align: justify;\"><span id=\"result_box\" style=\"font-size: small;\" lang=\"es\"><span class=\"hps\">El viernes<\/span> <span class=\"hps\">se realiz\u00f3<\/span> <span class=\"hps\">el acto de clausura<\/span> <span class=\"hps\">del Campus<\/span> <span class=\"hps\">de f\u00fatbol<\/span> <span class=\"hps\">de<\/span> <span class=\"hps\">la<\/span> <span class=\"hps\">Fundaci\u00f3n<\/span> <span class=\"hps\">del Valencia<\/span> <span class=\"hps\">cf<\/span>. <span class=\"hps\">Despu\u00e9s de una<\/span> <span class=\"hps\">semana<\/span> <span class=\"hps\">de entrenamientos<\/span>, <span class=\"hps\">actividades<\/span> <span class=\"hps\">educativas<\/span>, <span class=\"hps\">piscina<\/span>, <span class=\"hps\">etc<\/span>., Los ni\u00f1os <span class=\"hps\">daban por<\/span> <span class=\"hps\">finalizada su<\/span> <span class=\"hps\">estancia<\/span> <span class=\"hps\">en el Campus<\/span> <span class=\"hps\">y<\/span> <span class=\"hps\">lo hac\u00edan<\/span> <span class=\"hps\">hac\u00edan<\/span> <span class=\"hps\">en<\/span> <span class=\"hps\">un acto<\/span> <span class=\"hps\">donde todos los ni\u00f1os<\/span> <span class=\"hps\">mostraban<\/span> <span class=\"hps\">una<\/span> <span class=\"hps\">gran<\/span> <span class=\"hps\">felicidad<\/span> <span class=\"hps\">para<\/span> <span class=\"hps\">la<\/span> <span class=\"hps\">semana<\/span> <span class=\"hps\">que hab\u00edan pasado<\/span> <span class=\"hps\">y tristeza<\/span> <span class=\"hps\">por el hecho<\/span> <span class=\"hps\">de que<\/span> <span class=\"hps\">ya<\/span> <span class=\"hps\">termina.<\/span><\/span><\/p>\n<p><span class=\"hps\">El acto<\/span> <span class=\"hps\">se realiz\u00f3 con<\/span> <span class=\"hps\">la presencia<\/span> <span class=\"hps\">de<\/span> <span class=\"hps\">Carlos<\/span> <span class=\"hps\">Mart\u00ednez<\/span> <span class=\"hps atn\">(<\/span>coordinador deportivo <span class=\"hps\">del Campus<\/span>), <span class=\"hps\">Jose Enrique<\/span> <span class=\"hps atn\">Mestre (<\/span>miembro de la empresa <span class=\"hps\">Interstar<\/span> <span class=\"hps\">deporte<\/span>), Vicente <span class=\"hps\">Oviedo<\/span> <span class=\"hps atn\">(<\/span>concejal de <span class=\"hps\">deportes del Ayuntamiento<\/span> <span class=\"hps\">de<\/span> <span class=\"hps\">L&#8217;Olleria<\/span>) <span class=\"hps\">y Roberto<\/span> <span class=\"hps atn\">Fern\u00e1ndez (<\/span>ex jugador <span class=\"hps\">del Valencia<\/span> <span class=\"hps\">cf<\/span> <span class=\"hps\">y<\/span> <span class=\"hps\">de la selecci\u00f3n<\/span> <span class=\"hps\">espa\u00f1ola de f\u00fatbol<\/span>).<\/p>\n<p><span class=\"hps\">Al finalizar el acto<\/span>, los ni\u00f1os <span class=\"hps\">se<\/span> <span class=\"hps\">pudieran<\/span> <span class=\"hps\">hacer fotos<\/span> <span class=\"hps\">con<\/span> <span class=\"hps\">Roberto<\/span> <span class=\"hps\">y aprovecharon<\/span> <span class=\"hps\">para<\/span> <span class=\"hps\">que<\/span> <span class=\"hps\">el<\/span> <span class=\"hps\">firmante<\/span> <span class=\"hps\">sus<\/span> <span class=\"hps\">fotos oficiales<\/span> <span class=\"hps\">del Campus<\/span>.<\/p>\n<p><a href=\"http:\/\/www.portaldelolleria.es\/wp-content\/uploads\/2014\/06\/campus2.jpg\"><img loading=\"lazy\" class=\"aligncenter size-full wp-image-6465\" title=\"campus2\" src=\"http:\/\/www.portaldelolleria.es\/wp-content\/uploads\/2014\/06\/campus2.jpg\" alt=\"\" width=\"598\" height=\"398\" srcset=\"http:\/\/www.portaldelolleria.es\/wp-content\/uploads\/2014\/06\/campus2.jpg 598w, http:\/\/www.portaldelolleria.es\/wp-content\/uploads\/2014\/06\/campus2-300x199.jpg 300w\" sizes=\"(max-width: 598px) 100vw, 598px\" \/><\/a><\/p>\n","protected":false},"excerpt":{"rendered":"<p>&nbsp; El viernes se realiz\u00f3 el acto de clausura del Campus de f\u00fatbol de la Fundaci\u00f3n del Valencia cf. Despu\u00e9s de una semana de entrenamientos, actividades educativas, piscina, etc., Los ni\u00f1os daban por finalizada su estancia en el Campus y lo hac\u00edan hac\u00edan en un acto donde todos los ni\u00f1os mostraban una gran felicidad para [&hellip;]<\/p>\n","protected":false},"author":1,"featured_media":0,"comment_status":"closed","ping_status":"open","sticky":false,"template":"","format":"standard","meta":{"_monsterinsights_skip_tracking":false,"_monsterinsights_sitenote_active":false,"_monsterinsights_sitenote_note":"","_monsterinsights_sitenote_category":0},"categories":[9,12],"tags":[32,29,31,20,333,142],"_links":{"self":[{"href":"http:\/\/www.portaldelolleria.es\/index.php?rest_route=\/wp\/v2\/posts\/6464"}],"collection":[{"href":"http:\/\/www.portaldelolleria.es\/index.php?rest_route=\/wp\/v2\/posts"}],"about":[{"href":"http:\/\/www.portaldelolleria.es\/index.php?rest_route=\/wp\/v2\/types\/post"}],"author":[{"embeddable":true,"href":"http:\/\/www.portaldelolleria.es\/index.php?rest_route=\/wp\/v2\/users\/1"}],"replies":[{"embeddable":true,"href":"http:\/\/www.portaldelolleria.es\/index.php?rest_route=%2Fwp%2Fv2%2Fcomments&post=6464"}],"version-history":[{"count":2,"href":"http:\/\/www.portaldelolleria.es\/index.php?rest_route=\/wp\/v2\/posts\/6464\/revisions"}],"predecessor-version":[{"id":6468,"href":"http:\/\/www.portaldelolleria.es\/index.php?rest_route=\/wp\/v2\/posts\/6464\/revisions\/6468"}],"wp:attachment":[{"href":"http:\/\/www.portaldelolleria.es\/index.php?rest_route=%2Fwp%2Fv2%2Fmedia&parent=6464"}],"wp:term":[{"taxonomy":"category","embeddable":true,"href":"http:\/\/www.portaldelolleria.es\/index.php?rest_route=%2Fwp%2Fv2%2Fcategories&post=6464"},{"taxonomy":"post_tag","embeddable":true,"href":"http:\/\/www.portaldelolleria.es\/index.php?rest_route=%2Fwp%2Fv2%2Ftags&post=6464"}],"curies":[{"name":"wp","href":"https:\/\/api.w.org\/{rel}","templated":true}]}}