{"id":6481,"date":"2014-07-01T21:52:21","date_gmt":"2014-07-01T19:52:21","guid":{"rendered":"http:\/\/www.portaldelolleria.es\/?p=6481"},"modified":"2014-07-03T10:57:07","modified_gmt":"2014-07-03T08:57:07","slug":"los-becarios-de-la-dipu-te-beca-comienzan-hoy-a-trabajar","status":"publish","type":"post","link":"http:\/\/www.portaldelolleria.es\/?p=6481","title":{"rendered":"Los becarios de \u00abla dipu te beca\u00bb comienzan hoy a trabajar."},"content":{"rendered":"<p><a href=\"http:\/\/www.portaldelolleria.es\/wp-content\/uploads\/2014\/07\/becarios2014a.jpg\"><img loading=\"lazy\" class=\"aligncenter size-full wp-image-6483\" title=\"becarios2014a\" src=\"http:\/\/www.portaldelolleria.es\/wp-content\/uploads\/2014\/07\/becarios2014a.jpg\" alt=\"\" width=\"598\" height=\"398\" srcset=\"http:\/\/www.portaldelolleria.es\/wp-content\/uploads\/2014\/07\/becarios2014a.jpg 598w, http:\/\/www.portaldelolleria.es\/wp-content\/uploads\/2014\/07\/becarios2014a-300x199.jpg 300w\" sizes=\"(max-width: 598px) 100vw, 598px\" \/><\/a><\/p>\n<p>&nbsp;<\/p>\n<p style=\"text-align: justify;\"><span style=\"font-size: small;\">Esta ma\u00f1ana han sido recibidos los 25 becarios beneficiarios del programa de la Diputaci\u00f3n &#8216;la Dipu te beca&#8217;, que este a\u00f1o desarrollaran sus funciones en el Ayuntamiento de L&#8217;Olleria. Al acto de bienvenida, asistieron\u00a0 tanto el Alcalde Jos\u00e9 Vidal y el Teniente de Alcalde y responsable de personal Jes\u00fas Engo,\u00a0 los cuales les dieron las indicaciones previas sobre el funcionamiento de la entidad local, asi como distribuirlos en sus nuevos cometidos que afrontar\u00e1n este verano.<\/span><\/p>\n<p style=\"text-align: justify;\"><span style=\"font-size: small;\">Aunque la Diputaci\u00f3n s\u00f3lo ha concedido, 13 becas de dos meses, estan se han desdoblado en 24 de un mes, y una por el compromiso que supone (centro dia) de dos meses.\u00a0 Con esta medida el Ayuntamiento, permite que casi el doble de jovenes, tengan la\u00a0 posibilidad de tener su primer contacto con el mundo laboral, y que por tanto sean tambi\u00e9n m\u00e1s los que se beneficien de la ayuda concedida.<\/span><\/p>\n<p><span style=\"font-size: small;\">En un breve acto de presentaci\u00f3n, los primeros becarios del mes de Julio, ya estaban integrandose en sus puestos de trabajo.<\/span><\/p>\n<p>&nbsp;<\/p>\n<p><a href=\"http:\/\/www.portaldelolleria.es\/wp-content\/uploads\/2014\/07\/becarios2014.jpg\"><img loading=\"lazy\" class=\"aligncenter size-full wp-image-6482\" title=\"becarios2014\" src=\"http:\/\/www.portaldelolleria.es\/wp-content\/uploads\/2014\/07\/becarios2014.jpg\" alt=\"\" width=\"597\" height=\"234\" srcset=\"http:\/\/www.portaldelolleria.es\/wp-content\/uploads\/2014\/07\/becarios2014.jpg 1000w, http:\/\/www.portaldelolleria.es\/wp-content\/uploads\/2014\/07\/becarios2014-300x117.jpg 300w\" sizes=\"(max-width: 597px) 100vw, 597px\" \/><\/a><\/p>\n<p><iframe loading=\"lazy\" src=\"\/\/www.youtube.com\/embed\/RQu5aYcc1Kw\" frameborder=\"0\" width=\"598\" height=\"449\"><\/iframe><\/p>\n","protected":false},"excerpt":{"rendered":"<p>&nbsp; Esta ma\u00f1ana han sido recibidos los 25 becarios beneficiarios del programa de la Diputaci\u00f3n &#8216;la Dipu te beca&#8217;, que este a\u00f1o desarrollaran sus funciones en el Ayuntamiento de L&#8217;Olleria. Al acto de bienvenida, asistieron\u00a0 tanto el Alcalde Jos\u00e9 Vidal y el Teniente de Alcalde y responsable de personal Jes\u00fas Engo,\u00a0 los cuales les dieron [&hellip;]<\/p>\n","protected":false},"author":1,"featured_media":0,"comment_status":"closed","ping_status":"open","sticky":false,"template":"","format":"standard","meta":{"_monsterinsights_skip_tracking":false,"_monsterinsights_sitenote_active":false,"_monsterinsights_sitenote_note":"","_monsterinsights_sitenote_category":0},"categories":[11,12],"tags":[810,5,20,70],"_links":{"self":[{"href":"http:\/\/www.portaldelolleria.es\/index.php?rest_route=\/wp\/v2\/posts\/6481"}],"collection":[{"href":"http:\/\/www.portaldelolleria.es\/index.php?rest_route=\/wp\/v2\/posts"}],"about":[{"href":"http:\/\/www.portaldelolleria.es\/index.php?rest_route=\/wp\/v2\/types\/post"}],"author":[{"embeddable":true,"href":"http:\/\/www.portaldelolleria.es\/index.php?rest_route=\/wp\/v2\/users\/1"}],"replies":[{"embeddable":true,"href":"http:\/\/www.portaldelolleria.es\/index.php?rest_route=%2Fwp%2Fv2%2Fcomments&post=6481"}],"version-history":[{"count":3,"href":"http:\/\/www.portaldelolleria.es\/index.php?rest_route=\/wp\/v2\/posts\/6481\/revisions"}],"predecessor-version":[{"id":6519,"href":"http:\/\/www.portaldelolleria.es\/index.php?rest_route=\/wp\/v2\/posts\/6481\/revisions\/6519"}],"wp:attachment":[{"href":"http:\/\/www.portaldelolleria.es\/index.php?rest_route=%2Fwp%2Fv2%2Fmedia&parent=6481"}],"wp:term":[{"taxonomy":"category","embeddable":true,"href":"http:\/\/www.portaldelolleria.es\/index.php?rest_route=%2Fwp%2Fv2%2Fcategories&post=6481"},{"taxonomy":"post_tag","embeddable":true,"href":"http:\/\/www.portaldelolleria.es\/index.php?rest_route=%2Fwp%2Fv2%2Ftags&post=6481"}],"curies":[{"name":"wp","href":"https:\/\/api.w.org\/{rel}","templated":true}]}}