{"id":6588,"date":"2014-07-10T22:14:14","date_gmt":"2014-07-10T20:14:14","guid":{"rendered":"http:\/\/www.portaldelolleria.es\/?p=6588"},"modified":"2014-07-14T20:35:01","modified_gmt":"2014-07-14T18:35:01","slug":"i-campus-eb-lolleria-mucho-mas-que-basquet","status":"publish","type":"post","link":"http:\/\/www.portaldelolleria.es\/?p=6588","title":{"rendered":"I Campus EB L&#8217;Olleria, mucho m\u00e1s que basquet"},"content":{"rendered":"<p>&nbsp;<\/p>\n<div id=\"attachment_6591\" style=\"width: 608px\" class=\"wp-caption aligncenter\"><a href=\"http:\/\/www.portaldelolleria.es\/wp-content\/uploads\/2014\/07\/basket.jpg\"><img aria-describedby=\"caption-attachment-6591\" loading=\"lazy\" class=\"size-full wp-image-6591\" title=\"campusbasket1\" src=\"http:\/\/www.portaldelolleria.es\/wp-content\/uploads\/2014\/07\/campusbasket1.jpg\" alt=\"\" width=\"598\" height=\"398\" srcset=\"http:\/\/www.portaldelolleria.es\/wp-content\/uploads\/2014\/07\/campusbasket1.jpg 598w, http:\/\/www.portaldelolleria.es\/wp-content\/uploads\/2014\/07\/campusbasket1-300x199.jpg 300w\" sizes=\"(max-width: 598px) 100vw, 598px\" \/><\/a><p id=\"caption-attachment-6591\" class=\"wp-caption-text\">pulse sobre la imagen para ampliar<\/p><\/div>\n<p>El I Campus de Verano de la EB Oller\u00eda es un proyecto ilusionante de nuestra Escuela impulsado por el coordinador, Dani Semper, como opci\u00f3n educativa y deportiva para pasar dos semanas de julio divertidas con un grupo humano amplio y diverso . Se trata de unas jornadas que han comenzado lunes 7 y finalizar\u00e1n el viernes 18 con una fiesta de clausura. Intentamos mezclar la educaci\u00f3n y el deporte con todos los valores que caracterizan a nuestra escuela. Pretendemos acercar el mundo del baloncesto y la diversi\u00f3n a ni\u00f1as y ni\u00f1os de 5 a 14 a\u00f1os.<\/p>\n<p>No s\u00f3lo estamos haciendo baloncesto. Estamos realizando sesiones espec\u00edficas de baloncesto y torneos, s\u00ed &#8230; Pero tambi\u00e9n voleibol, f\u00fatbol, clases de ingl\u00e9s, juegos de agua, de skate, piscina, carreras de orientaci\u00f3n, charlas y juegos de nutrici\u00f3n infantil, etc. Todo insertado en un entorno bien divertido. En los pr\u00f3ximos d\u00edas se realizar\u00e1n salidas a la naturaleza, sesiones de introducci\u00f3n al triatl\u00f3n infantil, rugby, talleres de baile, miniolimpiada, talleres de elaboraci\u00f3n de mural, slackline, cuentos motores, actividades internivel con cooperaci\u00f3n &#8230;<\/p>\n<p>Se est\u00e1 realizando tambi\u00e9n un reportaje fotogr\u00e1fico diario de todas las actividades del Campus, el cual puede ver en la siguiente direcci\u00f3n <a href=\"https:\/\/www.flickr.com\/photos\/125800350@N02\/sets\/\">(https:\/\/www.flickr.com\/photos\/125800350 @ N02\/sets \/)<\/a><\/p>\n<p>Adaptamos las actividades de los 57 deportistas que componen el campus en cuatro grupos diferenciados y las familias est\u00e1n siendo una parte activa del Campus.<\/p>\n<p>El 17 de julio (jueves) a los alumnos del campus participar\u00e1n en Genov\u00e9s en un Torneo de Baloncesto Intercampus, lo que nos permitir\u00e1 conocer tambi\u00e9n otras ni\u00f1as y ni\u00f1os baloncestistas y reforzar\u00e1 los lazos entre los participantes, al tratarse de una salida que combina la competici\u00f3n y la diversi\u00f3n, y, por tanto, el sentido de pertenencia al grupo.<\/p>\n<p>Lo que queremos es ofrecer una muy buena manera de aprender a convivir, relacionarse y compartir formando parte de un equipo, de un grupo. Adem\u00e1s, es una forma sana, saludable y econ\u00f3mica de pasar parte del verano.<\/p>\n<p style=\"text-align: justify;\"><a href=\"http:\/\/www.portaldelolleria.es\/wp-content\/uploads\/2014\/07\/campusbasket2.jpg\"><img loading=\"lazy\" class=\"aligncenter size-full wp-image-6589\" title=\"campusbasket2\" src=\"http:\/\/www.portaldelolleria.es\/wp-content\/uploads\/2014\/07\/campusbasket2.jpg\" alt=\"\" width=\"598\" height=\"398\" srcset=\"http:\/\/www.portaldelolleria.es\/wp-content\/uploads\/2014\/07\/campusbasket2.jpg 598w, http:\/\/www.portaldelolleria.es\/wp-content\/uploads\/2014\/07\/campusbasket2-300x199.jpg 300w\" sizes=\"(max-width: 598px) 100vw, 598px\" \/><\/a><\/p>\n","protected":false},"excerpt":{"rendered":"<p>&nbsp; El I Campus de Verano de la EB Oller\u00eda es un proyecto ilusionante de nuestra Escuela impulsado por el coordinador, Dani Semper, como opci\u00f3n educativa y deportiva para pasar dos semanas de julio divertidas con un grupo humano amplio y diverso . Se trata de unas jornadas que han comenzado lunes 7 y finalizar\u00e1n [&hellip;]<\/p>\n","protected":false},"author":1,"featured_media":0,"comment_status":"closed","ping_status":"open","sticky":false,"template":"","format":"standard","meta":{"_monsterinsights_skip_tracking":false,"_monsterinsights_sitenote_active":false,"_monsterinsights_sitenote_note":"","_monsterinsights_sitenote_category":0},"categories":[9,12],"tags":[215,32,1087,20,127],"_links":{"self":[{"href":"http:\/\/www.portaldelolleria.es\/index.php?rest_route=\/wp\/v2\/posts\/6588"}],"collection":[{"href":"http:\/\/www.portaldelolleria.es\/index.php?rest_route=\/wp\/v2\/posts"}],"about":[{"href":"http:\/\/www.portaldelolleria.es\/index.php?rest_route=\/wp\/v2\/types\/post"}],"author":[{"embeddable":true,"href":"http:\/\/www.portaldelolleria.es\/index.php?rest_route=\/wp\/v2\/users\/1"}],"replies":[{"embeddable":true,"href":"http:\/\/www.portaldelolleria.es\/index.php?rest_route=%2Fwp%2Fv2%2Fcomments&post=6588"}],"version-history":[{"count":4,"href":"http:\/\/www.portaldelolleria.es\/index.php?rest_route=\/wp\/v2\/posts\/6588\/revisions"}],"predecessor-version":[{"id":6593,"href":"http:\/\/www.portaldelolleria.es\/index.php?rest_route=\/wp\/v2\/posts\/6588\/revisions\/6593"}],"wp:attachment":[{"href":"http:\/\/www.portaldelolleria.es\/index.php?rest_route=%2Fwp%2Fv2%2Fmedia&parent=6588"}],"wp:term":[{"taxonomy":"category","embeddable":true,"href":"http:\/\/www.portaldelolleria.es\/index.php?rest_route=%2Fwp%2Fv2%2Fcategories&post=6588"},{"taxonomy":"post_tag","embeddable":true,"href":"http:\/\/www.portaldelolleria.es\/index.php?rest_route=%2Fwp%2Fv2%2Ftags&post=6588"}],"curies":[{"name":"wp","href":"https:\/\/api.w.org\/{rel}","templated":true}]}}