{"id":6657,"date":"2014-07-16T22:50:07","date_gmt":"2014-07-16T20:50:07","guid":{"rendered":"http:\/\/www.portaldelolleria.es\/?p=6657"},"modified":"2014-07-17T22:40:00","modified_gmt":"2014-07-17T20:40:00","slug":"lolleria-ya-es-sede-de-la-upv-campus-de-alcoi","status":"publish","type":"post","link":"http:\/\/www.portaldelolleria.es\/?p=6657","title":{"rendered":"L&#8217;Olleria ya es Sede de la UPV campus de Alcoi"},"content":{"rendered":"<p><a href=\"http:\/\/www.portaldelolleria.es\/wp-content\/uploads\/2014\/07\/upv2.jpg\"><img loading=\"lazy\" class=\"aligncenter size-full wp-image-6665\" title=\"upv2\" src=\"http:\/\/www.portaldelolleria.es\/wp-content\/uploads\/2014\/07\/upv2.jpg\" alt=\"\" width=\"598\" height=\"398\" srcset=\"http:\/\/www.portaldelolleria.es\/wp-content\/uploads\/2014\/07\/upv2.jpg 598w, http:\/\/www.portaldelolleria.es\/wp-content\/uploads\/2014\/07\/upv2-300x199.jpg 300w\" sizes=\"(max-width: 598px) 100vw, 598px\" \/><\/a><\/p>\n<p style=\"text-align: justify;\">El miercoles 16 de Julio, a mediod\u00eda ha tenido lugar la<strong> Inauguraci\u00f3n de la Sede Universitaria del Campus d\u2019Alcoi de la Universitat<\/strong> <strong>Polit\u00e8cnica de Val\u00e8ncia en L\u2019Olleria<\/strong>. Al Acto, que ha estado presidido por <strong>Don Jos\u00e9 Vidal Oltra<\/strong>, Alcalde de la poblaci\u00f3n, <strong>Don Francisco Mora M\u00e1s<\/strong>, Rector Magnifico de la Universitat\u00a0 Polit\u00e8cnica de Val\u00e8ncia,\u00a0 <strong>Do\u00f1a \u00c1ngeles Pellicer Lloret<\/strong>, Subdirectora General de Universidades, Estudios Superiores y Ciencia y por la Directora del Campus d\u2019Alcoi de la UPV, <strong>Do\u00f1a Georgina Blanes Nadal<\/strong> y al que han asistido, junto a la Corporaci\u00f3n Municipal, \u00a0alcaldes en representaci\u00f3n de la Mancomunitat de Municipis de la Vall d\u2019Albaida y de la Mancomunitat de L\u2019Alcoi\u00e0 i El Comtat, as\u00ed como representes empresariales, de entidades financieras y\u00a0 de asociaciones sociales de la comarca, dio comienzo con la recepci\u00f3n de autoridades en el Consistorio Municipal y la correspondiente firma en el Libro de Honor\u00a0 por parte del Sr. Rector de la UPV, visitando a continuaci\u00f3n las instalaciones municipales.<\/p>\n<p style=\"text-align: justify;\">A continuaci\u00f3n, la comitiva se desplaz\u00f3 hasta el <strong>\u201cCasa Santonja -Palau dels Marau<\/strong>\u201d, donde el Alcalde y el Rector procedieron a la firma del <strong>\u201cConvenio Marco de Colaboraci\u00f3n Institucional\u201d<\/strong>\u00a0 que regula las actividades y describe los objetivos que unir\u00e1n a partir de ahora a las dos Instituciones.<\/p>\n<p style=\"text-align: justify;\">M\u00e1s tarde descubrieron la placa conmemorativa que otorga al <strong>Campus d\u2019Alcoi de la UPV<\/strong>, el privilegio de poder utilizar las instalaciones de esta <strong>Casa Santonja<\/strong>, como <strong>Sede Universitaria<\/strong>. Visitando a continuaci\u00f3n la Exposici\u00f3n preparada al efecto y que resume la historia de la Escuela polit\u00e9cnica Superior de Alcoy, tambi\u00e9n han formado parte de esta exposici\u00f3n los grupos de trabajo de Inform\u00e1tica, Rob\u00f3tica y el veh\u00edculo de bajo consumo IDF Eco-marathon, los grupos realizaron demostraciones para ilustrar a los asistentes sobre sus trabajos en el <strong>Campus d\u2019Alcoi de la UPV<\/strong>.<\/p>\n<p style=\"text-align: justify;\">La comitiva, una vez visitada la exposici\u00f3n, subi\u00f3, acompa\u00f1ada de los invitados a la planta noble del palau donde se celebraron los parlamentos protocolarios.<\/p>\n<p style=\"text-align: justify;\">Tom\u00f3 la palabra el Sr. Alcalde de L\u2019Olleria para agradecer la presencia, tanto a las autoridades asistentes, como a los invitados municipales y representantes empresariales.<\/p>\n<p style=\"text-align: justify;\">Cediendo la palabra a continuaci\u00f3n a la Directora del Campus d\u2019Alcoi, qui\u00e9n comenz\u00f3 dando las gracias al Ayuntamiento de L\u2019Olleria y a su Alcalde, \u201c<em>por el inter\u00e9s manifiesto que han demostrado para inaugurar esta Sede Universitaria en tan poco tiempo, afirmando su convencimiento que esta Sede va a permitir acrecentar las relaciones con el tejido empresarial de la Vall<\/em> <em>d\u2019Albaida, a la vez que se congratula \u00a0que tambi\u00e9n permitir\u00e1 fomentar la cultura del talento , como parte esencial de la formaci\u00f3n de nuestros j\u00f3venes y ese es nuestro principal objetivo<\/em>. En otro orden de cosas, <em>dio a conocer el trabajo que se est\u00e1 realizando para dotar a esta Sede de una programaci\u00f3n de actividades compacta y que se dar\u00e1 a conocer en<\/em> <em>septiembre<\/em>.<\/p>\n<p style=\"text-align: justify;\">A continuaci\u00f3n Do\u00f1a \u00c1ngeles Pellicer, hizo uso de la palabra y <em>enfatiz\u00f3 en felicitar a las dos instituciones e hizo extensible el reconocimiento de la Consellera de Educaci\u00f3n Mar\u00eda Jos\u00e9 Catal\u00e1, que por motivos de agenda no ha podido asistir a este acto, afirm\u00f3 que este es un convenio firmado entre un Ayuntamiento con una dilatada tradici\u00f3n industrial y una universidad que se encuentra entre las mejores de Espa\u00f1a, el enlace entre el conocimiento y la industria, es la base para una mejor productividad para nuestras empresas.<\/em><\/p>\n<p style=\"text-align: justify;\">M\u00e1s tarde, Don Francisco Mora afirm\u00f3 que <em>hoy ponemos en marcha una colaboraci\u00f3n, agradeciendo a las personas que han hecho posible esta realidad, que permite que hoy estemos hablando de proyectos de futuro en diferentes \u00e1mbitos, que permitir\u00e1 que los j\u00f3venes tanto de L\u2019Olleria como de la comarca pueden conocer un Campus Sobresaliente como es el Campus d\u2019Alcoi de la UPV, hizo hincapi\u00e9 en la trasferencia del conocimiento, como una de las misiones de la universidad y a la que la Polit\u00e8cnica de Val\u00e8ncia le presta especial atenci\u00f3n, puso en valor la importancia de la cultura emprendedora y del respaldo que recibir\u00e1 por parte del Instituto Ideas de la UPV.<\/em><\/p>\n<p style=\"text-align: justify;\">Para finalizar, Don Jos\u00e9 Vidal manifest\u00f3 que <em>hoy es un d\u00eda de celebraci\u00f3n y de alegr\u00eda para el municipio de L\u2019Olleria y que nosotros queremos compartir con todos los municipios de la Vall d\u2019Albaida y de todas las comarcas centrales, a\u00f1adiendo que desde la rehabilitaci\u00f3n de esta Casa Santonja, las actos m\u00e1s representativos e importantes de la L\u2019Olleria se han celebrado en este sal\u00f3n noble de la Casa Santonja \u2013 Palau dels Marau, por eso hemos ofrecido para instalar la Sede Universitaria, lo mejor que tenemos, esta casa singular y de un valor especial para nosotros. Esta Sede nos permitir\u00e1 aprovechar las sinergias supra comarcales entre la universidad y la industria para convertirlo en el motor impulsor de la recuperaci\u00f3n econ\u00f3mica.<\/em><\/p>\n<p style=\"text-align: justify;\">Finalmente y antes del Vino de Honor, Don Jos\u00e9 Millet, Vicerrector\/Director Delegado de Emprendimiento y Empleo, present\u00f3 a los asistentes el Instituto Ideas de la UPV, como herramienta para el emprendimiento<\/p>\n<p><em>\u00e1rea de comunicaci\u00f3n de UPV Alcoi<\/em><\/p>\n<p>&nbsp;<\/p>\n<p><a href=\"http:\/\/www.portaldelolleria.es\/wp-content\/uploads\/2014\/07\/IMG_5680-copia.jpg\"><img loading=\"lazy\" class=\"aligncenter size-full wp-image-6660\" title=\"IMG_5680 - copia\" src=\"http:\/\/www.portaldelolleria.es\/wp-content\/uploads\/2014\/07\/IMG_5680-copia.jpg\" alt=\"\" width=\"717\" height=\"478\" srcset=\"http:\/\/www.portaldelolleria.es\/wp-content\/uploads\/2014\/07\/IMG_5680-copia.jpg 717w, http:\/\/www.portaldelolleria.es\/wp-content\/uploads\/2014\/07\/IMG_5680-copia-300x200.jpg 300w\" sizes=\"(max-width: 717px) 100vw, 717px\" \/><\/a><a href=\"http:\/\/www.portaldelolleria.es\/wp-content\/uploads\/2014\/07\/IMG_5687-copia.jpg\"><img loading=\"lazy\" class=\"aligncenter size-full wp-image-6661\" title=\"IMG_5687 - copia\" src=\"http:\/\/www.portaldelolleria.es\/wp-content\/uploads\/2014\/07\/IMG_5687-copia.jpg\" alt=\"\" width=\"717\" height=\"517\" srcset=\"http:\/\/www.portaldelolleria.es\/wp-content\/uploads\/2014\/07\/IMG_5687-copia.jpg 717w, http:\/\/www.portaldelolleria.es\/wp-content\/uploads\/2014\/07\/IMG_5687-copia-300x216.jpg 300w\" sizes=\"(max-width: 717px) 100vw, 717px\" \/><\/a><a href=\"http:\/\/www.portaldelolleria.es\/wp-content\/uploads\/2014\/07\/IMG_5701-copia.jpg\"><img loading=\"lazy\" class=\"aligncenter size-full wp-image-6662\" title=\"IMG_5701 - copia\" src=\"http:\/\/www.portaldelolleria.es\/wp-content\/uploads\/2014\/07\/IMG_5701-copia.jpg\" alt=\"\" width=\"717\" height=\"478\" srcset=\"http:\/\/www.portaldelolleria.es\/wp-content\/uploads\/2014\/07\/IMG_5701-copia.jpg 717w, http:\/\/www.portaldelolleria.es\/wp-content\/uploads\/2014\/07\/IMG_5701-copia-300x200.jpg 300w\" sizes=\"(max-width: 717px) 100vw, 717px\" \/><\/a><a href=\"http:\/\/www.portaldelolleria.es\/wp-content\/uploads\/2014\/07\/IMG_5717-copia.jpg\"><img loading=\"lazy\" class=\"aligncenter size-full wp-image-6664\" title=\"IMG_5717 - copia\" src=\"http:\/\/www.portaldelolleria.es\/wp-content\/uploads\/2014\/07\/IMG_5717-copia.jpg\" alt=\"\" width=\"717\" height=\"478\" srcset=\"http:\/\/www.portaldelolleria.es\/wp-content\/uploads\/2014\/07\/IMG_5717-copia.jpg 717w, http:\/\/www.portaldelolleria.es\/wp-content\/uploads\/2014\/07\/IMG_5717-copia-300x200.jpg 300w\" sizes=\"(max-width: 717px) 100vw, 717px\" \/><\/a><a href=\"http:\/\/www.portaldelolleria.es\/wp-content\/uploads\/2014\/07\/IMG_5719-copia.jpg\"><img loading=\"lazy\" class=\"aligncenter size-full wp-image-6659\" title=\"IMG_5719 - copia\" src=\"http:\/\/www.portaldelolleria.es\/wp-content\/uploads\/2014\/07\/IMG_5719-copia.jpg\" alt=\"\" width=\"717\" height=\"478\" srcset=\"http:\/\/www.portaldelolleria.es\/wp-content\/uploads\/2014\/07\/IMG_5719-copia.jpg 717w, http:\/\/www.portaldelolleria.es\/wp-content\/uploads\/2014\/07\/IMG_5719-copia-300x200.jpg 300w\" sizes=\"(max-width: 717px) 100vw, 717px\" \/><\/a><a href=\"http:\/\/www.portaldelolleria.es\/wp-content\/uploads\/2014\/07\/IMG_5727.jpg\"><img loading=\"lazy\" class=\"aligncenter size-full wp-image-6658\" title=\"IMG_5727\" src=\"http:\/\/www.portaldelolleria.es\/wp-content\/uploads\/2014\/07\/IMG_5727.jpg\" alt=\"\" width=\"717\" height=\"478\" srcset=\"http:\/\/www.portaldelolleria.es\/wp-content\/uploads\/2014\/07\/IMG_5727.jpg 717w, http:\/\/www.portaldelolleria.es\/wp-content\/uploads\/2014\/07\/IMG_5727-300x200.jpg 300w\" sizes=\"(max-width: 717px) 100vw, 717px\" \/><\/a><\/p>\n<p>Video emitido en Comarcal tv en las noticias del 17 de Julio<\/p>\n<p><iframe loading=\"lazy\" src=\"\/\/www.youtube.com\/embed\/mXVKvGL5IjA\" frameborder=\"0\" width=\"717\" height=\"403\"><\/iframe><\/p>\n","protected":false},"excerpt":{"rendered":"<p>El miercoles 16 de Julio, a mediod\u00eda ha tenido lugar la Inauguraci\u00f3n de la Sede Universitaria del Campus d\u2019Alcoi de la Universitat Polit\u00e8cnica de Val\u00e8ncia en L\u2019Olleria. Al Acto, que ha estado presidido por Don Jos\u00e9 Vidal Oltra, Alcalde de la poblaci\u00f3n, Don Francisco Mora M\u00e1s, Rector Magnifico de la Universitat\u00a0 Polit\u00e8cnica de Val\u00e8ncia,\u00a0 Do\u00f1a [&hellip;]<\/p>\n","protected":false},"author":1,"featured_media":0,"comment_status":"closed","ping_status":"open","sticky":false,"template":"","format":"standard","meta":{"_monsterinsights_skip_tracking":false,"_monsterinsights_sitenote_active":false,"_monsterinsights_sitenote_note":"","_monsterinsights_sitenote_category":0},"categories":[171,12,1058],"tags":[545,20,1054,33,327,615,1059,23],"_links":{"self":[{"href":"http:\/\/www.portaldelolleria.es\/index.php?rest_route=\/wp\/v2\/posts\/6657"}],"collection":[{"href":"http:\/\/www.portaldelolleria.es\/index.php?rest_route=\/wp\/v2\/posts"}],"about":[{"href":"http:\/\/www.portaldelolleria.es\/index.php?rest_route=\/wp\/v2\/types\/post"}],"author":[{"embeddable":true,"href":"http:\/\/www.portaldelolleria.es\/index.php?rest_route=\/wp\/v2\/users\/1"}],"replies":[{"embeddable":true,"href":"http:\/\/www.portaldelolleria.es\/index.php?rest_route=%2Fwp%2Fv2%2Fcomments&post=6657"}],"version-history":[{"count":9,"href":"http:\/\/www.portaldelolleria.es\/index.php?rest_route=\/wp\/v2\/posts\/6657\/revisions"}],"predecessor-version":[{"id":6695,"href":"http:\/\/www.portaldelolleria.es\/index.php?rest_route=\/wp\/v2\/posts\/6657\/revisions\/6695"}],"wp:attachment":[{"href":"http:\/\/www.portaldelolleria.es\/index.php?rest_route=%2Fwp%2Fv2%2Fmedia&parent=6657"}],"wp:term":[{"taxonomy":"category","embeddable":true,"href":"http:\/\/www.portaldelolleria.es\/index.php?rest_route=%2Fwp%2Fv2%2Fcategories&post=6657"},{"taxonomy":"post_tag","embeddable":true,"href":"http:\/\/www.portaldelolleria.es\/index.php?rest_route=%2Fwp%2Fv2%2Ftags&post=6657"}],"curies":[{"name":"wp","href":"https:\/\/api.w.org\/{rel}","templated":true}]}}