{"id":668,"date":"2012-06-21T19:23:26","date_gmt":"2012-06-21T18:23:26","guid":{"rendered":"http:\/\/www.portaldelolleria.es\/?p=668"},"modified":"2012-06-23T10:19:49","modified_gmt":"2012-06-23T09:19:49","slug":"se-presenta-el-consejo-municipal-de-promocion-economica-de-l%e2%80%99olleria","status":"publish","type":"post","link":"http:\/\/www.portaldelolleria.es\/?p=668","title":{"rendered":"Se presenta el Consejo Municipal de Promoci\u00f3n Econ\u00f3mica de L\u2019Olleria"},"content":{"rendered":"<p><em>Los principales objetivos \u201creactivar la econom\u00eda y crear empleo\u201d<\/em><\/p>\n<p><em>\u00a0<a href=\"http:\/\/www.portaldelolleria.es\/wp-content\/uploads\/2012\/06\/compe-lolleria.jpg\"><img loading=\"lazy\" class=\"aligncenter size-full wp-image-669\" title=\"compe-lolleria\" src=\"http:\/\/www.portaldelolleria.es\/wp-content\/uploads\/2012\/06\/compe-lolleria.jpg\" alt=\"\" width=\"598\" height=\"398\" srcset=\"http:\/\/www.portaldelolleria.es\/wp-content\/uploads\/2012\/06\/compe-lolleria.jpg 598w, http:\/\/www.portaldelolleria.es\/wp-content\/uploads\/2012\/06\/compe-lolleria-300x199.jpg 300w\" sizes=\"(max-width: 598px) 100vw, 598px\" \/><\/a><\/em><\/p>\n<p><strong>\u00a0<\/strong><\/p>\n<p>El Ayuntamiento de L\u2019Olleria ha presentado esta ma\u00f1ana el Consejo Municipal de Promoci\u00f3n Econ\u00f3mica de L\u2019Olleria (COMPE), una iniciativa cuyo principal objetivo tal y como ha explicado durante la presentaci\u00f3n el concejal de Promoci\u00f3n Econ\u00f3mica, Jes\u00fas Engo Ari\u00f1o es \u201ccontribuir a la reactivaci\u00f3n econ\u00f3mica del municipio un objetivo prioritario para el actual equipo de gobierno y en el que estamos trabajando desde el primer d\u00eda. Un objetivo dif\u00edcil pero muy necesario y para conseguirlo\u00a0 es esencial la contribuci\u00f3n de todos\u201d porque \u201cdesde el Ayuntamiento de L\u2019Olleria se tiene el convencimiento que es preciso aglutinar y concentrar los esfuerzos de todos los colectivos involucrados, p\u00fablicos y privados, para aportar las experiencias individuales que permitan la definici\u00f3n de estrategias encaminadas a la promoci\u00f3n, dinamizaci\u00f3n y diversificaci\u00f3n del tejido empresarial y en especial de diferentes sectores como la industria, el comercio, adem\u00e1s de contemplar actuaciones de car\u00e1cter medio ambiental y de sostenibilidad en el crecimiento\u201d.<\/p>\n<p>La presentaci\u00f3n a la que han acudido pol\u00edticos, representantes de diversas asociaciones del municipio, empresarios y comerciantes, \u00a0tambi\u00e9n ha contado con la presencia del alcalde de la localidad, Jos\u00e9 Vidal quien ha comentado que \u201cel COMPE es un f\u00f3rum de di\u00e1logo y\u00a0 debate que permite canalizar la participaci\u00f3n de los ciudadanos, organizaciones, asociaciones empresariales etc. en los asuntos municipales\u201d a\u00f1adiendo que \u201cel principal objetivo es intentar paliar los efectos negativos que est\u00e1 padeciendo la econom\u00eda y es importante dejar las diferencias aparte y trabajar en un fin com\u00fan que es reactivar la econom\u00eda y crear empleo, con esa ilusi\u00f3n se ha creado este Consejo que hoy os presentamos\u201d.<\/p>\n<p>En cuanto a su estructura organizativa ambos han explicado que estar\u00e1 formada por una Asamblea, una comisi\u00f3n Ejecutiva Permanente y Comisiones Sectoriales de Trabajo. La Asamblea estar\u00e1 presidida por el alcalde, Jos\u00e9 Vidal, la vicepresidencia primera por el concejal de Promoci\u00f3n Econ\u00f3mica, la vicepresidencia segunda por la concejala de Econom\u00eda y Hacienda, Carmina Naval\u00f3n, por un Director, adem\u00e1s de por un Secretario que ser\u00e1 el del Ayuntamiento o funcionario en que delegue, un representante de cada grupo pol\u00edtico municipal, que deber\u00e1 ser concejal del Ayuntamiento de L\u2019Olleria, un representante de cada una de las asociaciones de comerciantes y\/o empresariales locales o de \u00e1mbito superior legalmente constituidas y hasta tres representantes sindicales con representaci\u00f3n en empresas o administraci\u00f3n p\u00fablica, designados por las organizaciones sindicales, en atenci\u00f3n a su representatividad.<\/p>\n<p>Engo adem\u00e1s, ha comentado que \u201ceste Consejo es un \u00f3rgano con car\u00e1cter\u00a0 asesor, consultivo y dinamizador de todas aquellas actividades o acciones encaminadas a mejorar las condiciones para la realizaci\u00f3n de la actividad comercial y para favorecer la creaci\u00f3n y mantenimiento de empresas as\u00ed como la diversificaci\u00f3n\u00a0 de la actividad econ\u00f3mica de nuestro municipio y cuya funci\u00f3n se ejercer\u00e1 por medio de la realizaci\u00f3n de debates y elaboraci\u00f3n de informes y propuestas, las cuales tendr\u00e1n rango de recomendaci\u00f3n\u201d<\/p>\n<p>Por \u00faltimo, tanto el alcalde como el concejal de Promoci\u00f3n Econ\u00f3mica han animado a los presentes \u00a0\u201ca formar parte de este Consejo y aportar ideas y opiniones que ayuden a nuestra econom\u00eda y a nuestro mercado laboral\u201d.<\/p>\n","protected":false},"excerpt":{"rendered":"<p>Los principales objetivos \u201creactivar la econom\u00eda y crear empleo\u201d \u00a0 \u00a0 El Ayuntamiento de L\u2019Olleria ha presentado esta ma\u00f1ana el Consejo Municipal de Promoci\u00f3n Econ\u00f3mica de L\u2019Olleria (COMPE), una iniciativa cuyo principal objetivo tal y como ha explicado durante la presentaci\u00f3n el concejal de Promoci\u00f3n Econ\u00f3mica, Jes\u00fas Engo Ari\u00f1o es \u201ccontribuir a la reactivaci\u00f3n econ\u00f3mica [&hellip;]<\/p>\n","protected":false},"author":2,"featured_media":0,"comment_status":"closed","ping_status":"open","sticky":false,"template":"","format":"standard","meta":{"_monsterinsights_skip_tracking":false,"_monsterinsights_sitenote_active":false,"_monsterinsights_sitenote_note":"","_monsterinsights_sitenote_category":0},"categories":[171,12],"tags":[159,20,158],"_links":{"self":[{"href":"http:\/\/www.portaldelolleria.es\/index.php?rest_route=\/wp\/v2\/posts\/668"}],"collection":[{"href":"http:\/\/www.portaldelolleria.es\/index.php?rest_route=\/wp\/v2\/posts"}],"about":[{"href":"http:\/\/www.portaldelolleria.es\/index.php?rest_route=\/wp\/v2\/types\/post"}],"author":[{"embeddable":true,"href":"http:\/\/www.portaldelolleria.es\/index.php?rest_route=\/wp\/v2\/users\/2"}],"replies":[{"embeddable":true,"href":"http:\/\/www.portaldelolleria.es\/index.php?rest_route=%2Fwp%2Fv2%2Fcomments&post=668"}],"version-history":[{"count":4,"href":"http:\/\/www.portaldelolleria.es\/index.php?rest_route=\/wp\/v2\/posts\/668\/revisions"}],"predecessor-version":[{"id":699,"href":"http:\/\/www.portaldelolleria.es\/index.php?rest_route=\/wp\/v2\/posts\/668\/revisions\/699"}],"wp:attachment":[{"href":"http:\/\/www.portaldelolleria.es\/index.php?rest_route=%2Fwp%2Fv2%2Fmedia&parent=668"}],"wp:term":[{"taxonomy":"category","embeddable":true,"href":"http:\/\/www.portaldelolleria.es\/index.php?rest_route=%2Fwp%2Fv2%2Fcategories&post=668"},{"taxonomy":"post_tag","embeddable":true,"href":"http:\/\/www.portaldelolleria.es\/index.php?rest_route=%2Fwp%2Fv2%2Ftags&post=668"}],"curies":[{"name":"wp","href":"https:\/\/api.w.org\/{rel}","templated":true}]}}