{"id":6734,"date":"2014-07-27T21:16:14","date_gmt":"2014-07-27T19:16:14","guid":{"rendered":"http:\/\/www.portaldelolleria.es\/?p=6734"},"modified":"2014-07-30T22:23:17","modified_gmt":"2014-07-30T20:23:17","slug":"con-la-publicacion-empieza-al-cuenta-atras-para-las-fiestas","status":"publish","type":"post","link":"http:\/\/www.portaldelolleria.es\/?p=6734","title":{"rendered":"Empieza al cuenta atr\u00e1s para las fiestas."},"content":{"rendered":"<p><a href=\"http:\/\/www.portaldelolleria.es\/wp-content\/uploads\/2014\/07\/publicacion3.jpg\"><img loading=\"lazy\" class=\"aligncenter size-full wp-image-6740\" title=\"publicacion3\" src=\"http:\/\/www.portaldelolleria.es\/wp-content\/uploads\/2014\/07\/publicacion3.jpg\" alt=\"\" width=\"598\" height=\"398\" srcset=\"http:\/\/www.portaldelolleria.es\/wp-content\/uploads\/2014\/07\/publicacion3.jpg 598w, http:\/\/www.portaldelolleria.es\/wp-content\/uploads\/2014\/07\/publicacion3-300x199.jpg 300w\" sizes=\"(max-width: 598px) 100vw, 598px\" \/><\/a><\/p>\n<p>&nbsp;<\/p>\n<p>L&#8217;Olleria celebra la publicaci\u00f3n de fiestas, paso previo a la presentaci\u00f3n de Agosto.\u00a0 Tras el tradicional desfile desde el centro Dia Juan Bautista Momp\u00f3 hasta la plaza de la Vila, donde el Alcalde, Jos\u00e9 Vidal, el Concejal de Fiestas, Juan Ricardo Ruano,\u00a0 la Presidenta de la Junta, Mariola Gil, y la Publicadora\u00a0 de fiestas\u00a0 Manoli Esteve Sirera se dirigieron a los presentes desde el balc\u00f3n del antiguo Ayuntamiento.<\/p>\n<p>La publicadora de fiestas, persona destacada dentro del mundo festero de l&#8217;Olleria,\u00a0 que adem\u00e1s forma parte de una familia de amplia tradici\u00f3n festera,\u00a0\u00a0 quiso destacar en su intervenci\u00f3n\u00a0 el 60 aniversario que cumplen las fil\u00e1es fundadoras de esta fiesta, que curiosamente, dos de ellas obstentan las capitanias de este a\u00f1o. Tanto Llevantins como Mariners celebran su 60 aniversario (junto con Chirigotes y Pirates son los fundadores de la fiesta de moros i cristians en l&#8217;Olleria, all\u00e1 por 1954),\u00a0 Tambi\u00e9n en su intervenci\u00f3n,\u00a0 hizo referencias a los festeros fallecidos,\u00a0 que durante el transcurso de las fiestas recibir\u00e1n como todos los a\u00f1os su merecido homenaje.<\/p>\n<p>Acabado el acto protocolario, y ya en el cine Goya, abarrotado como es costumbre. El acto se iniciaba con \u00a0la entrega a la Publicadora del cuadro de nombramiento como Publicadora de las Fiestas 2014,<\/p>\n<p>posteriormente \u00a0el Coordinador del Libro de Fiestas, Miguel \u00c1ngel Mart\u00ednez\u00a0 tras la explicaci\u00f3n t\u00e9cnica de esta edici\u00f3n,\u00a0 hizo entrega del primer ejemplar al Alcalde, Concejal de Fiestas, y dem\u00e1s miembros de la mesa, para pasar al resto de cargos festeros. Maria Momp\u00f3 y Aitana Terol Reinas de Fiestas de L\u2019Olleria 2013 disfrutarian de\u00a0 uno de sus \u00faltimos actos de reinado, junto a sus sucesoras que ejercer\u00e1n a partir del d\u00eda de la presentaci\u00f3n, Paula Mart\u00ed Vidal y Elsa Momp\u00f3 Albi\u00f1ana.<\/p>\n<p>En los discursos una a\u00f1o m\u00e1s,\u00a0 se destac\u00f3\u00a0 los esfuerzos que tanto los festeros, como desde el Ayuntamiento se est\u00e1n haciendo para mantener el nivel digno de nuestras fiestas, adem\u00e1s del intercambio de merecidas felicitaciones, y ese significativo 60 aniversario, de la fiesta de moros i cristians.<\/p>\n<p>El himno de la fiesta cantado por todos, es otro de los momentos especiales de la noche, que ponen punto y final a la publicaci\u00f3n de fiestas.\u00a0\u00a0 La cuenta atr\u00e1s para las fiestas ya est\u00e1 en marcha.<\/p>\n<p><a href=\"http:\/\/www.portaldelolleria.es\/wp-content\/uploads\/2014\/07\/publicacion.jpg\"><img loading=\"lazy\" class=\"aligncenter size-full wp-image-6735\" title=\"publicacion\" src=\"http:\/\/www.portaldelolleria.es\/wp-content\/uploads\/2014\/07\/publicacion.jpg\" alt=\"\" width=\"598\" height=\"398\" srcset=\"http:\/\/www.portaldelolleria.es\/wp-content\/uploads\/2014\/07\/publicacion.jpg 598w, http:\/\/www.portaldelolleria.es\/wp-content\/uploads\/2014\/07\/publicacion-300x199.jpg 300w\" sizes=\"(max-width: 598px) 100vw, 598px\" \/><\/a><\/p>\n<p>&nbsp;<\/p>\n<p><a href=\"http:\/\/www.portaldelolleria.es\/wp-content\/uploads\/2014\/07\/publicacion4.jpg\"><img loading=\"lazy\" class=\"aligncenter size-full wp-image-6737\" title=\"publicacion4\" src=\"http:\/\/www.portaldelolleria.es\/wp-content\/uploads\/2014\/07\/publicacion4.jpg\" alt=\"\" width=\"598\" height=\"398\" srcset=\"http:\/\/www.portaldelolleria.es\/wp-content\/uploads\/2014\/07\/publicacion4.jpg 598w, http:\/\/www.portaldelolleria.es\/wp-content\/uploads\/2014\/07\/publicacion4-300x199.jpg 300w\" sizes=\"(max-width: 598px) 100vw, 598px\" \/><\/a><\/p>\n<p>&nbsp;<\/p>\n<p><a href=\"http:\/\/www.portaldelolleria.es\/wp-content\/uploads\/2014\/07\/publicacion2.jpg\"><img loading=\"lazy\" class=\"aligncenter size-full wp-image-6736\" title=\"publicacion2\" src=\"http:\/\/www.portaldelolleria.es\/wp-content\/uploads\/2014\/07\/publicacion2.jpg\" alt=\"\" width=\"598\" height=\"398\" srcset=\"http:\/\/www.portaldelolleria.es\/wp-content\/uploads\/2014\/07\/publicacion2.jpg 598w, http:\/\/www.portaldelolleria.es\/wp-content\/uploads\/2014\/07\/publicacion2-300x199.jpg 300w\" sizes=\"(max-width: 598px) 100vw, 598px\" \/><\/a><\/p>\n<p><a href=\"http:\/\/www.portaldelolleria.es\/wp-content\/uploads\/2014\/07\/publicacion6.jpg\"><img loading=\"lazy\" class=\"aligncenter size-full wp-image-6739\" title=\"publicacion6\" src=\"http:\/\/www.portaldelolleria.es\/wp-content\/uploads\/2014\/07\/publicacion6.jpg\" alt=\"\" width=\"598\" height=\"398\" srcset=\"http:\/\/www.portaldelolleria.es\/wp-content\/uploads\/2014\/07\/publicacion6.jpg 598w, http:\/\/www.portaldelolleria.es\/wp-content\/uploads\/2014\/07\/publicacion6-300x199.jpg 300w\" sizes=\"(max-width: 598px) 100vw, 598px\" \/><\/a><\/p>\n<p><a href=\"http:\/\/www.portaldelolleria.es\/wp-content\/uploads\/2014\/07\/publicacion5.jpg\"><img loading=\"lazy\" class=\"aligncenter size-full wp-image-6738\" title=\"publicacion5\" src=\"http:\/\/www.portaldelolleria.es\/wp-content\/uploads\/2014\/07\/publicacion5.jpg\" alt=\"\" width=\"598\" height=\"398\" srcset=\"http:\/\/www.portaldelolleria.es\/wp-content\/uploads\/2014\/07\/publicacion5.jpg 598w, http:\/\/www.portaldelolleria.es\/wp-content\/uploads\/2014\/07\/publicacion5-300x199.jpg 300w\" sizes=\"(max-width: 598px) 100vw, 598px\" \/><\/a><\/p>\n<p>&nbsp;<\/p>\n<p><a href=\"http:\/\/www.portaldelolleria.es\/wp-content\/uploads\/2014\/07\/olleria_fiestas5.jpg\"><img loading=\"lazy\" class=\"aligncenter size-full wp-image-6751\" title=\"olleria_fiestas5\" src=\"http:\/\/www.portaldelolleria.es\/wp-content\/uploads\/2014\/07\/olleria_fiestas5.jpg\" alt=\"\" width=\"717\" height=\"478\" srcset=\"http:\/\/www.portaldelolleria.es\/wp-content\/uploads\/2014\/07\/olleria_fiestas5.jpg 717w, http:\/\/www.portaldelolleria.es\/wp-content\/uploads\/2014\/07\/olleria_fiestas5-300x200.jpg 300w\" sizes=\"(max-width: 717px) 100vw, 717px\" \/><\/a><\/p>\n<p><a href=\"http:\/\/www.portaldelolleria.es\/wp-content\/uploads\/2014\/07\/olleria_fiestas4.jpg\"><img loading=\"lazy\" class=\"aligncenter size-full wp-image-6750\" title=\"olleria_fiestas4\" src=\"http:\/\/www.portaldelolleria.es\/wp-content\/uploads\/2014\/07\/olleria_fiestas4.jpg\" alt=\"\" width=\"717\" height=\"478\" srcset=\"http:\/\/www.portaldelolleria.es\/wp-content\/uploads\/2014\/07\/olleria_fiestas4.jpg 717w, http:\/\/www.portaldelolleria.es\/wp-content\/uploads\/2014\/07\/olleria_fiestas4-300x200.jpg 300w\" sizes=\"(max-width: 717px) 100vw, 717px\" \/><\/a><\/p>\n<p><a href=\"http:\/\/www.portaldelolleria.es\/wp-content\/uploads\/2014\/07\/olleria_fiestas3.jpg\"><img loading=\"lazy\" class=\"aligncenter size-full wp-image-6749\" title=\"olleria_fiestas3\" src=\"http:\/\/www.portaldelolleria.es\/wp-content\/uploads\/2014\/07\/olleria_fiestas3.jpg\" alt=\"\" width=\"717\" height=\"478\" srcset=\"http:\/\/www.portaldelolleria.es\/wp-content\/uploads\/2014\/07\/olleria_fiestas3.jpg 717w, http:\/\/www.portaldelolleria.es\/wp-content\/uploads\/2014\/07\/olleria_fiestas3-300x200.jpg 300w\" sizes=\"(max-width: 717px) 100vw, 717px\" \/><\/a><\/p>\n<p>&nbsp;<\/p>\n<p><a href=\"http:\/\/www.portaldelolleria.es\/wp-content\/uploads\/2014\/07\/olleria_fiestas7.jpg\"><img loading=\"lazy\" class=\"aligncenter size-full wp-image-6753\" title=\"olleria_fiestas7\" src=\"http:\/\/www.portaldelolleria.es\/wp-content\/uploads\/2014\/07\/olleria_fiestas7.jpg\" alt=\"\" width=\"717\" height=\"478\" srcset=\"http:\/\/www.portaldelolleria.es\/wp-content\/uploads\/2014\/07\/olleria_fiestas7.jpg 717w, http:\/\/www.portaldelolleria.es\/wp-content\/uploads\/2014\/07\/olleria_fiestas7-300x200.jpg 300w\" sizes=\"(max-width: 717px) 100vw, 717px\" \/><\/a><\/p>\n<p><a href=\"http:\/\/www.portaldelolleria.es\/wp-content\/uploads\/2014\/07\/olleria_fiestas6.jpg\"><img loading=\"lazy\" class=\"aligncenter size-full wp-image-6752\" title=\"olleria_fiestas6\" src=\"http:\/\/www.portaldelolleria.es\/wp-content\/uploads\/2014\/07\/olleria_fiestas6.jpg\" alt=\"\" width=\"717\" height=\"478\" srcset=\"http:\/\/www.portaldelolleria.es\/wp-content\/uploads\/2014\/07\/olleria_fiestas6.jpg 717w, http:\/\/www.portaldelolleria.es\/wp-content\/uploads\/2014\/07\/olleria_fiestas6-300x200.jpg 300w\" sizes=\"(max-width: 717px) 100vw, 717px\" \/><\/a><\/p>\n<p><a href=\"http:\/\/www.portaldelolleria.es\/wp-content\/uploads\/2014\/07\/olleria_fiestas2.jpg\"><img loading=\"lazy\" class=\"aligncenter size-full wp-image-6748\" title=\"olleria_fiestas2\" src=\"http:\/\/www.portaldelolleria.es\/wp-content\/uploads\/2014\/07\/olleria_fiestas2.jpg\" alt=\"\" width=\"717\" height=\"478\" srcset=\"http:\/\/www.portaldelolleria.es\/wp-content\/uploads\/2014\/07\/olleria_fiestas2.jpg 717w, http:\/\/www.portaldelolleria.es\/wp-content\/uploads\/2014\/07\/olleria_fiestas2-300x200.jpg 300w\" sizes=\"(max-width: 717px) 100vw, 717px\" \/><\/a><\/p>\n<p><a href=\"http:\/\/www.portaldelolleria.es\/wp-content\/uploads\/2014\/07\/olleria_fiestas1.jpg\"><img loading=\"lazy\" class=\"aligncenter size-full wp-image-6747\" title=\"olleria_fiestas1\" src=\"http:\/\/www.portaldelolleria.es\/wp-content\/uploads\/2014\/07\/olleria_fiestas1.jpg\" alt=\"\" width=\"717\" height=\"478\" srcset=\"http:\/\/www.portaldelolleria.es\/wp-content\/uploads\/2014\/07\/olleria_fiestas1.jpg 717w, http:\/\/www.portaldelolleria.es\/wp-content\/uploads\/2014\/07\/olleria_fiestas1-300x200.jpg 300w\" sizes=\"(max-width: 717px) 100vw, 717px\" \/><\/a><\/p>\n<p><iframe loading=\"lazy\" src=\"\/\/www.youtube.com\/embed\/tJtwzjF-q58\" frameborder=\"0\" width=\"717\" height=\"538\"><\/iframe><\/p>\n","protected":false},"excerpt":{"rendered":"<p>&nbsp; L&#8217;Olleria celebra la publicaci\u00f3n de fiestas, paso previo a la presentaci\u00f3n de Agosto.\u00a0 Tras el tradicional desfile desde el centro Dia Juan Bautista Momp\u00f3 hasta la plaza de la Vila, donde el Alcalde, Jos\u00e9 Vidal, el Concejal de Fiestas, Juan Ricardo Ruano,\u00a0 la Presidenta de la Junta, Mariola Gil, y la Publicadora\u00a0 de fiestas\u00a0 [&hellip;]<\/p>\n","protected":false},"author":1,"featured_media":0,"comment_status":"closed","ping_status":"open","sticky":false,"template":"","format":"standard","meta":{"_monsterinsights_skip_tracking":false,"_monsterinsights_sitenote_active":false,"_monsterinsights_sitenote_note":"","_monsterinsights_sitenote_category":0},"categories":[17,12],"tags":[810,318,564,1100,252],"_links":{"self":[{"href":"http:\/\/www.portaldelolleria.es\/index.php?rest_route=\/wp\/v2\/posts\/6734"}],"collection":[{"href":"http:\/\/www.portaldelolleria.es\/index.php?rest_route=\/wp\/v2\/posts"}],"about":[{"href":"http:\/\/www.portaldelolleria.es\/index.php?rest_route=\/wp\/v2\/types\/post"}],"author":[{"embeddable":true,"href":"http:\/\/www.portaldelolleria.es\/index.php?rest_route=\/wp\/v2\/users\/1"}],"replies":[{"embeddable":true,"href":"http:\/\/www.portaldelolleria.es\/index.php?rest_route=%2Fwp%2Fv2%2Fcomments&post=6734"}],"version-history":[{"count":10,"href":"http:\/\/www.portaldelolleria.es\/index.php?rest_route=\/wp\/v2\/posts\/6734\/revisions"}],"predecessor-version":[{"id":6795,"href":"http:\/\/www.portaldelolleria.es\/index.php?rest_route=\/wp\/v2\/posts\/6734\/revisions\/6795"}],"wp:attachment":[{"href":"http:\/\/www.portaldelolleria.es\/index.php?rest_route=%2Fwp%2Fv2%2Fmedia&parent=6734"}],"wp:term":[{"taxonomy":"category","embeddable":true,"href":"http:\/\/www.portaldelolleria.es\/index.php?rest_route=%2Fwp%2Fv2%2Fcategories&post=6734"},{"taxonomy":"post_tag","embeddable":true,"href":"http:\/\/www.portaldelolleria.es\/index.php?rest_route=%2Fwp%2Fv2%2Ftags&post=6734"}],"curies":[{"name":"wp","href":"https:\/\/api.w.org\/{rel}","templated":true}]}}