{"id":6771,"date":"2014-07-29T23:38:47","date_gmt":"2014-07-29T21:38:47","guid":{"rendered":"http:\/\/www.portaldelolleria.es\/?p=6771"},"modified":"2014-07-29T23:44:45","modified_gmt":"2014-07-29T21:44:45","slug":"nits-destiu-josemy-i-amics","status":"publish","type":"post","link":"http:\/\/www.portaldelolleria.es\/?p=6771","title":{"rendered":"Nits d&#8217;estiu: Josemy i amics"},"content":{"rendered":"<p><a href=\"http:\/\/www.portaldelolleria.es\/wp-content\/uploads\/2014\/07\/JOSEMI1.jpg\"><img loading=\"lazy\" class=\"aligncenter size-full wp-image-6774\" title=\"JOSEMI\" src=\"http:\/\/www.portaldelolleria.es\/wp-content\/uploads\/2014\/07\/JOSEMI1.jpg\" alt=\"\" width=\"598\" height=\"398\" srcset=\"http:\/\/www.portaldelolleria.es\/wp-content\/uploads\/2014\/07\/JOSEMI1.jpg 598w, http:\/\/www.portaldelolleria.es\/wp-content\/uploads\/2014\/07\/JOSEMI1-300x199.jpg 300w\" sizes=\"(max-width: 598px) 100vw, 598px\" \/><\/a><\/p>\n<p>&nbsp;<\/p>\n<p>Dentro de las actuaciones de \u00abnits d&#8217;estiu\u00bb,\u00a0 el pr\u00f3ximo viernes es el turno de\u00a0<strong> JOSEMY I AMICS<\/strong>,\u00a0\u00a0 a partir de las 12 de la noche, en la Casa Santonja,\u00a0\u00a0 entrada por la Ermita del Cristo.<\/p>\n<p>Josemy Albi\u00f1ana, natural de l&#8217;Olleria, es un joven cantante, que poco a poco se v\u00e1 haciendo un hueco en el entorno musical,\u00a0 merced a sus buenas actuaciones en diferentes locales y eventos del contorno.\u00a0 El pr\u00f3ximo viernes, sobre el escenerio har\u00e1n un repaso del el panorama espa\u00f1ol a\u00f1os 80 90 i actual versiones ac\u00fasticas. Estar\u00e1 acompa\u00f1ado en el escenario por <strong>Genaro Mateu y Iv\u00e1n Lane<\/strong>\u00a0 (els amics).\u00a0 Aunque dentro del espect\u00e1culo, tambi\u00e9n pueden participar cantantes que est\u00e9n presentes en el concierto escogiendo alguna canci\u00f3n.<\/p>\n<p>El viernes es un buen d\u00eda no s\u00f3lo para disfrutar de un buen concierto,\u00a0 tambi\u00e9n lo \u00e9s para descubrir y apoyar una joven promesa del terreno.<\/p>\n<p><iframe loading=\"lazy\" src=\"\/\/www.youtube.com\/embed\/4W8ZBmfXwFY\" frameborder=\"0\" width=\"598\" height=\"336\"><\/iframe><\/p>\n","protected":false},"excerpt":{"rendered":"<p>&nbsp; Dentro de las actuaciones de \u00abnits d&#8217;estiu\u00bb,\u00a0 el pr\u00f3ximo viernes es el turno de\u00a0 JOSEMY I AMICS,\u00a0\u00a0 a partir de las 12 de la noche, en la Casa Santonja,\u00a0\u00a0 entrada por la Ermita del Cristo. Josemy Albi\u00f1ana, natural de l&#8217;Olleria, es un joven cantante, que poco a poco se v\u00e1 haciendo un hueco en [&hellip;]<\/p>\n","protected":false},"author":1,"featured_media":0,"comment_status":"closed","ping_status":"open","sticky":false,"template":"","format":"standard","meta":{"_monsterinsights_skip_tracking":false,"_monsterinsights_sitenote_active":false,"_monsterinsights_sitenote_note":"","_monsterinsights_sitenote_category":0},"categories":[15,12],"tags":[848,169,1101,1102],"_links":{"self":[{"href":"http:\/\/www.portaldelolleria.es\/index.php?rest_route=\/wp\/v2\/posts\/6771"}],"collection":[{"href":"http:\/\/www.portaldelolleria.es\/index.php?rest_route=\/wp\/v2\/posts"}],"about":[{"href":"http:\/\/www.portaldelolleria.es\/index.php?rest_route=\/wp\/v2\/types\/post"}],"author":[{"embeddable":true,"href":"http:\/\/www.portaldelolleria.es\/index.php?rest_route=\/wp\/v2\/users\/1"}],"replies":[{"embeddable":true,"href":"http:\/\/www.portaldelolleria.es\/index.php?rest_route=%2Fwp%2Fv2%2Fcomments&post=6771"}],"version-history":[{"count":7,"href":"http:\/\/www.portaldelolleria.es\/index.php?rest_route=\/wp\/v2\/posts\/6771\/revisions"}],"predecessor-version":[{"id":6784,"href":"http:\/\/www.portaldelolleria.es\/index.php?rest_route=\/wp\/v2\/posts\/6771\/revisions\/6784"}],"wp:attachment":[{"href":"http:\/\/www.portaldelolleria.es\/index.php?rest_route=%2Fwp%2Fv2%2Fmedia&parent=6771"}],"wp:term":[{"taxonomy":"category","embeddable":true,"href":"http:\/\/www.portaldelolleria.es\/index.php?rest_route=%2Fwp%2Fv2%2Fcategories&post=6771"},{"taxonomy":"post_tag","embeddable":true,"href":"http:\/\/www.portaldelolleria.es\/index.php?rest_route=%2Fwp%2Fv2%2Ftags&post=6771"}],"curies":[{"name":"wp","href":"https:\/\/api.w.org\/{rel}","templated":true}]}}