{"id":6818,"date":"2014-08-07T13:14:11","date_gmt":"2014-08-07T11:14:11","guid":{"rendered":"http:\/\/www.portaldelolleria.es\/?p=6818"},"modified":"2014-08-07T13:19:09","modified_gmt":"2014-08-07T11:19:09","slug":"nits-destiu-arthur-caravan","status":"publish","type":"post","link":"http:\/\/www.portaldelolleria.es\/?p=6818","title":{"rendered":"Nits d&#8217;estiu:  Arthur Caravan"},"content":{"rendered":"<p><a href=\"http:\/\/www.portaldelolleria.es\/wp-content\/uploads\/2014\/08\/caravan1.jpg\"><img loading=\"lazy\" class=\"aligncenter size-full wp-image-6821\" title=\"caravan\" src=\"http:\/\/www.portaldelolleria.es\/wp-content\/uploads\/2014\/08\/caravan1.jpg\" alt=\"\" width=\"598\" height=\"398\" srcset=\"http:\/\/www.portaldelolleria.es\/wp-content\/uploads\/2014\/08\/caravan1.jpg 598w, http:\/\/www.portaldelolleria.es\/wp-content\/uploads\/2014\/08\/caravan1-300x199.jpg 300w\" sizes=\"(max-width: 598px) 100vw, 598px\" \/><\/a><\/p>\n<p>&nbsp;<\/p>\n<p><strong>NITS D&#8217;ESTIU:\u00a0<\/strong> Arthur Caravan,\u00a0 viernes, 8 de agosto a las 12 de la noche.\u00a0 Casa Santonja\u00a0 entrada por la Ermita del Cristo.<\/p>\n<p>&nbsp;<\/p>\n<p>&nbsp;<\/p>\n<p><a href=\"http:\/\/www.portaldelolleria.es\/wp-content\/uploads\/2014\/08\/Ciges-Teresa_54371494517_54026874288_174_128.jpg\"><img loading=\"lazy\" class=\"size-full wp-image-6819 alignleft\" title=\"Ciges-Teresa_54371494517_54026874288_174_128\" src=\"http:\/\/www.portaldelolleria.es\/wp-content\/uploads\/2014\/08\/Ciges-Teresa_54371494517_54026874288_174_128.jpg\" alt=\"\" width=\"44\" height=\"32\" \/><\/a><\/p>\n<div>\n<p>Teresa Ciges &#8211; Universitat de Val\u00e8ncia &#8211;\u00a0\u00a0 para\u00a0lavanguardia.com<a href=\"http:\/\/www.lavanguardia.com\/local\/valencia\/20130522\/54374302167\/entrevista-grupo-arthur-caravan.html\" target=\"_blank\">\u00a0 <\/a>22\/05\/2013<\/p>\n<\/div>\n<h4>Arthur Caravan, grupo musical valenciano: \u00abSomos una mosca cojonera<\/h4>\n<p>Son cinco m\u00fasicos, y adem\u00e1s, de Alcoy. <strong>Arthur Caravan<\/strong> se ha constitu\u00eddo como una de las propuestas m\u00e1s atrevidas del panorama <strong>musical valenciano<\/strong>. Sus se\u00f1as de identidas son las melod\u00edas intensas con guitarras que ofrecen al p\u00fablico todos sus decibelios. Hablamos con <strong>Pau Miquel Soler<\/strong>, el vocalista del grupo.<\/p>\n<p><strong>\u00bfPor qu\u00e9 Arthur Caravan?<\/strong><\/p>\n<p>Arthur Caravan es un nombre que escogimos hace casi diez a\u00f1os, cuando a\u00fan \u00e9ramos estudiantes, en homenaje a un boxeador y poeta dada\u00edsta, que era sobrino de Oscar Wilde. Al crear el grupo tuvimos claro que el nombre ser\u00eda Arthur Caravan y que cantar\u00edamos en valenciano.<\/p>\n<p><strong>\u00bfY por qu\u00e9 ten\u00edais tan claro el querer cantar en valenciano?<\/strong><\/p>\n<p>La primera raz\u00f3n es simplemente po\u00e9tica y expresiva. Tambi\u00e9n hay una raz\u00f3n cultural y otra pol\u00edtica, porque todas las decisiones que tomamos en la vida son pol\u00edticas. Nosotros somos una mosca cojonera. Cuando te pones a hacer m\u00fasica te das cuenta de que quieres decir cosas y que la mejor forma de decirlas es tu propia lengua. Somos un grupo musical y l\u00edrico y la lengua es el veh\u00edculo, que muchas veces se pone por delante, pero en una situaci\u00f3n de normalidad no tendr\u00eda que estarlo.<\/p>\n<p><strong>Habl\u00e1is de pol\u00edtica, y sin embargo vuestras letras no tienen un lenguaje reivindicativo&#8230;<\/strong><\/p>\n<p>Nosotros tenemos nuestra visi\u00f3n pol\u00edtica de las cosas, pero no hacemos apolog\u00eda simplemente porque queremos decir otras cosas. Hay muchas maneras de hacer discos pol\u00edticos. Puede que a nosotros no se nos vea signos expl\u00edcitamente pol\u00edticos, pero se tiene una sensaci\u00f3n un poco \u201canarquista\u201d.<\/p>\n<p><strong>Los alcoyanos siempre hab\u00e9is destacado culturamente. \u00bfPor qu\u00e9?<\/strong><\/p>\n<p>Alcoy tiene su peculiaridad en que es un pueblo industrial, ha tenido un fuerte movimiento obrero y burgu\u00e9s, ha sido antecesora de revueltas, como es el caso del petr\u00f3leo en la I Rep\u00fablica, y culturalmente est\u00e1n los referentes de Ovidi Montllor, Isabel-Clara Sim\u00f3, Joan Valls y muchos m\u00e1s. Tenemos la visi\u00f3n de ser una generaci\u00f3n que ha mamado mucho este ambiente cultural.<\/p>\n<p><strong>Vemos que en vuestro \u00faltimo disco, <em>Atles enharm\u00f2nic<\/em>, todo tiene un sentido musical. \u00bfC\u00f3mo surge la idea?<\/strong><\/p>\n<p>A m\u00ed como letrista me interesaba hacer una cosa que se pudiera escuchar l\u00edricamente como un compendio po\u00e9tico, como un libro entre comillas. Y el disco <em>Atles enharm\u00f2nic <\/em>est\u00e1 planteado como una sucesi\u00f3n temporal de tesis, donde las met\u00e1foras musicales lo atravesaran todo. Es un juego po\u00e9tico simplemente.<\/p>\n<p><strong>\u00bfY qu\u00e9 peculiaridad tendr\u00e1 el nuevo disco, a parte de que Hugo Mas forme parte del proyecto?<\/strong><\/p>\n<p>Musicalmente est\u00e1 entre medio del discurso de Hugo Mas, mucho m\u00e1s denso y po\u00e9tico que el nuestro, y el de Arthur Caravan. En este disco nos hemos centrado m\u00e1s como banda, porque ha sido Hugo Mas quien ha hecho las letras. Hay momentos muy \u00edntimos, mucho en la l\u00ednea de Hugo, y otros que son m\u00e1s ruidosos, m\u00e1s en nuestra l\u00ednea. En definitiva, temas ca\u00f3ticos y otros tranquilos.<\/p>\n<p><a href=\"http:\/\/www.lavanguardia.com\/local\/valencia\/20130522\/54374302167\/entrevista-grupo-arthur-caravan.html\" target=\"_blank\">resto de la noticia en lavanguardia.com<\/a><\/p>\n<p><iframe loading=\"lazy\" src=\"\/\/www.youtube.com\/embed\/wdj_D6YIDfQ\" frameborder=\"0\" width=\"717\" height=\"403\"><\/iframe><\/p>\n","protected":false},"excerpt":{"rendered":"<p>&nbsp; NITS D&#8217;ESTIU:\u00a0 Arthur Caravan,\u00a0 viernes, 8 de agosto a las 12 de la noche.\u00a0 Casa Santonja\u00a0 entrada por la Ermita del Cristo. &nbsp; &nbsp; Teresa Ciges &#8211; Universitat de Val\u00e8ncia &#8211;\u00a0\u00a0 para\u00a0lavanguardia.com\u00a0 22\/05\/2013 Arthur Caravan, grupo musical valenciano: \u00abSomos una mosca cojonera Son cinco m\u00fasicos, y adem\u00e1s, de Alcoy. Arthur Caravan se ha constitu\u00eddo [&hellip;]<\/p>\n","protected":false},"author":1,"featured_media":0,"comment_status":"closed","ping_status":"open","sticky":false,"template":"","format":"standard","meta":{"_monsterinsights_skip_tracking":false,"_monsterinsights_sitenote_active":false,"_monsterinsights_sitenote_note":"","_monsterinsights_sitenote_category":0},"categories":[15,12],"tags":[1110,20,200],"_links":{"self":[{"href":"http:\/\/www.portaldelolleria.es\/index.php?rest_route=\/wp\/v2\/posts\/6818"}],"collection":[{"href":"http:\/\/www.portaldelolleria.es\/index.php?rest_route=\/wp\/v2\/posts"}],"about":[{"href":"http:\/\/www.portaldelolleria.es\/index.php?rest_route=\/wp\/v2\/types\/post"}],"author":[{"embeddable":true,"href":"http:\/\/www.portaldelolleria.es\/index.php?rest_route=\/wp\/v2\/users\/1"}],"replies":[{"embeddable":true,"href":"http:\/\/www.portaldelolleria.es\/index.php?rest_route=%2Fwp%2Fv2%2Fcomments&post=6818"}],"version-history":[{"count":7,"href":"http:\/\/www.portaldelolleria.es\/index.php?rest_route=\/wp\/v2\/posts\/6818\/revisions"}],"predecessor-version":[{"id":6828,"href":"http:\/\/www.portaldelolleria.es\/index.php?rest_route=\/wp\/v2\/posts\/6818\/revisions\/6828"}],"wp:attachment":[{"href":"http:\/\/www.portaldelolleria.es\/index.php?rest_route=%2Fwp%2Fv2%2Fmedia&parent=6818"}],"wp:term":[{"taxonomy":"category","embeddable":true,"href":"http:\/\/www.portaldelolleria.es\/index.php?rest_route=%2Fwp%2Fv2%2Fcategories&post=6818"},{"taxonomy":"post_tag","embeddable":true,"href":"http:\/\/www.portaldelolleria.es\/index.php?rest_route=%2Fwp%2Fv2%2Ftags&post=6818"}],"curies":[{"name":"wp","href":"https:\/\/api.w.org\/{rel}","templated":true}]}}