{"id":682,"date":"2012-06-22T17:54:15","date_gmt":"2012-06-22T16:54:15","guid":{"rendered":"http:\/\/www.portaldelolleria.es\/?p=682"},"modified":"2012-06-22T17:54:15","modified_gmt":"2012-06-22T16:54:15","slug":"marta-bataller-y-berta-oviedo-mejores-estudiantes-del-ies-vermellar-de-l%e2%80%99olleria","status":"publish","type":"post","link":"http:\/\/www.portaldelolleria.es\/?p=682","title":{"rendered":"Marta Bataller y Berta Oviedo mejores estudiantes del IES Vermellar de L\u2019Olleria"},"content":{"rendered":"<p><strong>El Ayuntamiento de L\u2019Olleria entrega los premios extraordinarios de bachillerato<\/strong><\/p>\n<p><strong>\u00a0<a href=\"http:\/\/www.portaldelolleria.es\/wp-content\/uploads\/2012\/06\/estudiantes.jpg\"><img loading=\"lazy\" class=\"aligncenter size-full wp-image-683\" title=\"estudiantes\" src=\"http:\/\/www.portaldelolleria.es\/wp-content\/uploads\/2012\/06\/estudiantes.jpg\" alt=\"\" width=\"598\" height=\"398\" srcset=\"http:\/\/www.portaldelolleria.es\/wp-content\/uploads\/2012\/06\/estudiantes.jpg 598w, http:\/\/www.portaldelolleria.es\/wp-content\/uploads\/2012\/06\/estudiantes-300x199.jpg 300w\" sizes=\"(max-width: 598px) 100vw, 598px\" \/><\/a><\/strong><\/p>\n<p><em>Marta Bataller y Berta Oviedo mejores estudiantes del IES Vermellar de L\u2019Olleria<\/em><\/p>\n<p>Con un sal\u00f3n de plenos lleno de familiares y amigos, el alcalde de L\u2019Olleria, Jos\u00e9 Vidal y la concejala de Educaci\u00f3n, Gema Borr\u00e1s entregaban los premios extraordinarios de bachillerato a los dos mejores curr\u00edculum del IES Vermellar de L\u2019Olleria.<\/p>\n<p>Marta Bataller Estruch y Berta Oviedo Cerd\u00e1 ambas matr\u00edcula de honor, recogieron el detalle de manos del alcalde y la concejala, un ordenador port\u00e1til y un diploma. Ambas mostraron su alegr\u00eda por este reconocimiento y dieron las gracias a sus familiares, profesores y amigos por el apoyo recibido en estos a\u00f1os y que \u201cha sido fundamental para conseguirlo\u201d.<\/p>\n<p>El alcalde aseguraba que \u201cel acto de hoy es un acto entra\u00f1able y familiar que tiene como principal motivo rendir un merecido reconocimiento p\u00fablico al m\u00e9rito de estas dos estudiantes ollerienses, Marta y Berta, por sus resultados acad\u00e9micos excelentes\u201d a\u00f1adiendo que \u201cel \u00e9xito de la educaci\u00f3n de una persona pasa por tres pilares fundamentales como son los padres, los profesores y los alumnos\u201d.<\/p>\n<p>Por su parte, la concejala de Educaci\u00f3n felicitaba a las ganadoras \u201cpor su esfuerzo y sacrificio ya que conseguir una nota media de excelente implica muchas horas de estudio y trabajo por lo que no es nada f\u00e1cil y vosotras lo hab\u00e9is conseguido\u201d.<\/p>\n<p>Tambi\u00e9n el alcalde las felicitaba y subrayaba \u201cel orgullo que para el pueblo de L\u2019Olleria es el tener a dos estudiantes tan brillantes como vosotras y desde aqu\u00ed os animamos a continuar en la misma l\u00ednea en la nueva etapa estudiantil que se abre para vosotras\u201d.<\/p>\n<p>El acto cont\u00f3 igualmente con la presencia de la directora del IES Vermellar, Esther Escot\u00a0\u00a0\u00a0\u00a0\u00a0\u00a0\u00a0 y la directora del CP Isabel la Cat\u00f3lica, \u00a0Cristina Navarro y el inspector de zona de educaci\u00f3n de Secundaria y Escuelas de Adultos, Vicent Mart\u00ed.<\/p>\n","protected":false},"excerpt":{"rendered":"<p>El Ayuntamiento de L\u2019Olleria entrega los premios extraordinarios de bachillerato \u00a0 Marta Bataller y Berta Oviedo mejores estudiantes del IES Vermellar de L\u2019Olleria Con un sal\u00f3n de plenos lleno de familiares y amigos, el alcalde de L\u2019Olleria, Jos\u00e9 Vidal y la concejala de Educaci\u00f3n, Gema Borr\u00e1s entregaban los premios extraordinarios de bachillerato a los dos [&hellip;]<\/p>\n","protected":false},"author":2,"featured_media":0,"comment_status":"closed","ping_status":"open","sticky":false,"template":"","format":"standard","meta":{"_monsterinsights_skip_tracking":false,"_monsterinsights_sitenote_active":false,"_monsterinsights_sitenote_note":"","_monsterinsights_sitenote_category":0},"categories":[10,12],"tags":[164,20,165,163],"_links":{"self":[{"href":"http:\/\/www.portaldelolleria.es\/index.php?rest_route=\/wp\/v2\/posts\/682"}],"collection":[{"href":"http:\/\/www.portaldelolleria.es\/index.php?rest_route=\/wp\/v2\/posts"}],"about":[{"href":"http:\/\/www.portaldelolleria.es\/index.php?rest_route=\/wp\/v2\/types\/post"}],"author":[{"embeddable":true,"href":"http:\/\/www.portaldelolleria.es\/index.php?rest_route=\/wp\/v2\/users\/2"}],"replies":[{"embeddable":true,"href":"http:\/\/www.portaldelolleria.es\/index.php?rest_route=%2Fwp%2Fv2%2Fcomments&post=682"}],"version-history":[{"count":1,"href":"http:\/\/www.portaldelolleria.es\/index.php?rest_route=\/wp\/v2\/posts\/682\/revisions"}],"predecessor-version":[{"id":684,"href":"http:\/\/www.portaldelolleria.es\/index.php?rest_route=\/wp\/v2\/posts\/682\/revisions\/684"}],"wp:attachment":[{"href":"http:\/\/www.portaldelolleria.es\/index.php?rest_route=%2Fwp%2Fv2%2Fmedia&parent=682"}],"wp:term":[{"taxonomy":"category","embeddable":true,"href":"http:\/\/www.portaldelolleria.es\/index.php?rest_route=%2Fwp%2Fv2%2Fcategories&post=682"},{"taxonomy":"post_tag","embeddable":true,"href":"http:\/\/www.portaldelolleria.es\/index.php?rest_route=%2Fwp%2Fv2%2Ftags&post=682"}],"curies":[{"name":"wp","href":"https:\/\/api.w.org\/{rel}","templated":true}]}}