{"id":6840,"date":"2014-08-18T18:41:57","date_gmt":"2014-08-18T16:41:57","guid":{"rendered":"http:\/\/www.portaldelolleria.es\/?p=6840"},"modified":"2025-09-29T04:43:04","modified_gmt":"2025-09-29T02:43:04","slug":"ocho-apellidos-vascos-pone-fin-al-ciclo-de-cine-destiu","status":"publish","type":"post","link":"http:\/\/www.portaldelolleria.es\/?p=6840","title":{"rendered":"Ocho apellidos vascos pone fin al ciclo de cine d&#8217;estiu"},"content":{"rendered":"<p><a href=\"http:\/\/www.portaldelolleria.es\/wp-content\/uploads\/2014\/08\/vascos.jpg\"><img loading=\"lazy\" class=\"aligncenter size-full wp-image-6842\" title=\"vascos\" src=\"http:\/\/www.portaldelolleria.es\/wp-content\/uploads\/2014\/08\/vascos.jpg\" alt=\"\" width=\"598\" height=\"398\" srcset=\"http:\/\/www.portaldelolleria.es\/wp-content\/uploads\/2014\/08\/vascos.jpg 598w, http:\/\/www.portaldelolleria.es\/wp-content\/uploads\/2014\/08\/vascos-300x199.jpg 300w\" sizes=\"(max-width: 598px) 100vw, 598px\" \/><\/a><\/p>\n<p>&nbsp;<\/p>\n<p>CINE D&#8217;ESTIU:&nbsp; OCHO APELLIDOS VASCOS,&nbsp; MIERCOLES 20 DE AGOSTO A LAS 22:OO H EN CASA SANTONJA.&nbsp;&nbsp; ACCESO POR LA ERMITA DEL CRISTO<\/p>\n<dl>\n<dt>T\u00edtulo original<\/dt>\n<dd>Ocho apellidos vascos<\/dd>\n<dt>A\u00f1o<\/dt>\n<dd>2014<\/dd>\n<dt>Duraci\u00f3n<\/dt>\n<dd>98 min.<\/dd>\n<dt>Pa\u00eds<\/dt>\n<dd><img title=\"Espa\u00f1a\" src=\"http:\/\/www.filmaffinity.com\/imgs\/countries\/ES.jpg\" alt=\"\">&nbsp;Espa\u00f1a<\/dd>\n<dt>Director<\/dt>\n<dd>Emilio Mart\u00ednez-L\u00e1zaro<\/dd>\n<dt>Gui\u00f3n<\/dt>\n<dd>Borja Cobeaga, Diego San Jos\u00e9<\/dd>\n<dt>M\u00fasica<\/dt>\n<dd>Fernando Vel\u00e1zquez<\/dd>\n<dt>Fotograf\u00eda<\/dt>\n<dd>Gonzalo F. Berridi, Juan Molina<\/dd>\n<dt>Reparto<\/dt>\n<dd>Dani Rovira, Clara Lago, Carmen Machi, Karra Elejalde, Alfonso S\u00e1nchez, Alberto L\u00f3pez, Aitor Mazo, Lander Otaola<\/dd>\n<dt>Productora<\/dt>\n<dd>Lazonafilms \/ Kowalski Films \/ Telecinco Cinema<\/dd>\n<dt>G\u00e9nero<\/dt>\n<dd>Comedia. Romance | Comedia rom\u00e1ntica<\/dd>\n<dt>Web oficial<\/dt>\n<dd><a href=\"http:\/\/www.lazona.eu\/html\/cine\/8apellidos.html\" target=\"_BLANK\" rel=\"noopener\">http:\/\/www.lazona.eu\/html\/cine\/8apellidos.html<\/a><\/dd>\n<dt>Sinopsis<\/dt>\n<dd>Rafa (Dani Rovira) es un joven se\u00f1orito andaluz que no ha tenido que salir jam\u00e1s de su Sevilla natal para conseguir lo \u00fanico que le importa en la vida: el fino, la gomina, el Betis y las mujeres. Todo cambia cuando conoce una mujer que se resiste a sus encantos: es Amaia (Clara Lago), una chica vasca. Decidido a conquistarla, se traslada a un pueblo de las Vascongadas, donde se hace pasar por vasco para vencer su resistencia. Adopta el nombre de Antxon y varios apellidos vascos: Argui\u00f1ano, Igartiburu, Erentxun, Gabilondo, Urdangar\u00edn, Otegi, Zubizarreta e incluso Clemente. Descubra una amplia selecci\u00f3n de bongs de alta calidad y <a href=\"https:\/\/www.shishaspace.de\/\">shisha<\/a> En nuestra tienda online. Nuestros productos est\u00e1n dise\u00f1ados tanto para principiantes como para aficionados, garantizando una experiencia de fumado excepcional.<\/dd>\n<dd><\/dd>\n<dd><\/dd>\n<\/dl>\n<p><iframe loading=\"lazy\" src=\"\/\/www.youtube.com\/embed\/YfopzNHLp4o\" width=\"598\" height=\"336\" frameborder=\"0\"><\/iframe><\/p>\n<p>&nbsp;<\/p>\n<p><a href=\"http:\/\/www.portaldelolleria.es\/wp-content\/uploads\/2014\/08\/8vascos.jpg\"><img loading=\"lazy\" class=\"aligncenter size-full wp-image-6841\" title=\"8vascos\" src=\"http:\/\/www.portaldelolleria.es\/wp-content\/uploads\/2014\/08\/8vascos.jpg\" alt=\"\" width=\"598\" height=\"876\" srcset=\"http:\/\/www.portaldelolleria.es\/wp-content\/uploads\/2014\/08\/8vascos.jpg 598w, http:\/\/www.portaldelolleria.es\/wp-content\/uploads\/2014\/08\/8vascos-204x300.jpg 204w\" sizes=\"(max-width: 598px) 100vw, 598px\" \/><\/a><\/p>\n\n\n<p><\/p>\n","protected":false},"excerpt":{"rendered":"<p>&nbsp; CINE D&#8217;ESTIU:&nbsp; OCHO APELLIDOS VASCOS,&nbsp; MIERCOLES 20 DE AGOSTO A LAS 22:OO H EN CASA SANTONJA.&nbsp;&nbsp; ACCESO POR LA ERMITA DEL CRISTO T\u00edtulo original Ocho apellidos vascos A\u00f1o 2014 Duraci\u00f3n 98 min. Pa\u00eds &nbsp;Espa\u00f1a Director Emilio Mart\u00ednez-L\u00e1zaro Gui\u00f3n Borja Cobeaga, Diego San Jos\u00e9 M\u00fasica Fernando Vel\u00e1zquez Fotograf\u00eda Gonzalo F. Berridi, Juan Molina Reparto Dani [&hellip;]<\/p>\n","protected":false},"author":1,"featured_media":0,"comment_status":"closed","ping_status":"open","sticky":false,"template":"","format":"standard","meta":{"_monsterinsights_skip_tracking":false,"_monsterinsights_sitenote_active":false,"_monsterinsights_sitenote_note":"","_monsterinsights_sitenote_category":0},"categories":[15,12],"tags":[222,1074,20,1111],"_links":{"self":[{"href":"http:\/\/www.portaldelolleria.es\/index.php?rest_route=\/wp\/v2\/posts\/6840"}],"collection":[{"href":"http:\/\/www.portaldelolleria.es\/index.php?rest_route=\/wp\/v2\/posts"}],"about":[{"href":"http:\/\/www.portaldelolleria.es\/index.php?rest_route=\/wp\/v2\/types\/post"}],"author":[{"embeddable":true,"href":"http:\/\/www.portaldelolleria.es\/index.php?rest_route=\/wp\/v2\/users\/1"}],"replies":[{"embeddable":true,"href":"http:\/\/www.portaldelolleria.es\/index.php?rest_route=%2Fwp%2Fv2%2Fcomments&post=6840"}],"version-history":[{"count":5,"href":"http:\/\/www.portaldelolleria.es\/index.php?rest_route=\/wp\/v2\/posts\/6840\/revisions"}],"predecessor-version":[{"id":32224,"href":"http:\/\/www.portaldelolleria.es\/index.php?rest_route=\/wp\/v2\/posts\/6840\/revisions\/32224"}],"wp:attachment":[{"href":"http:\/\/www.portaldelolleria.es\/index.php?rest_route=%2Fwp%2Fv2%2Fmedia&parent=6840"}],"wp:term":[{"taxonomy":"category","embeddable":true,"href":"http:\/\/www.portaldelolleria.es\/index.php?rest_route=%2Fwp%2Fv2%2Fcategories&post=6840"},{"taxonomy":"post_tag","embeddable":true,"href":"http:\/\/www.portaldelolleria.es\/index.php?rest_route=%2Fwp%2Fv2%2Ftags&post=6840"}],"curies":[{"name":"wp","href":"https:\/\/api.w.org\/{rel}","templated":true}]}}