{"id":688,"date":"2012-06-22T09:51:07","date_gmt":"2012-06-22T08:51:07","guid":{"rendered":"http:\/\/www.portaldelolleria.es\/?p=688"},"modified":"2012-09-24T17:17:14","modified_gmt":"2012-09-24T16:17:14","slug":"la-sem-santa-cecilia-de-lolleria-en-casa-santonja-con-recordando-a-nino-bravo","status":"publish","type":"post","link":"http:\/\/www.portaldelolleria.es\/?p=688","title":{"rendered":"La SEM Santa Cecilia de l&#8217;Olleria, en Casa Santonja con \u00abRecordando a Nino Bravo\u00bb"},"content":{"rendered":"<div id=\"attachment_689\" style=\"width: 608px\" class=\"wp-caption aligncenter\"><a href=\"http:\/\/www.portaldelolleria.es\/wp-content\/uploads\/2012\/06\/ninobravo.jpg\"><img aria-describedby=\"caption-attachment-689\" loading=\"lazy\" class=\"size-full wp-image-689\" title=\"ninobravo\" src=\"http:\/\/www.portaldelolleria.es\/wp-content\/uploads\/2012\/06\/ninobravo.jpg\" alt=\"\" width=\"598\" height=\"398\" srcset=\"http:\/\/www.portaldelolleria.es\/wp-content\/uploads\/2012\/06\/ninobravo.jpg 598w, http:\/\/www.portaldelolleria.es\/wp-content\/uploads\/2012\/06\/ninobravo-300x199.jpg 300w\" sizes=\"(max-width: 598px) 100vw, 598px\" \/><\/a><p id=\"caption-attachment-689\" class=\"wp-caption-text\">foto de la banda http:\/\/morosycristianosenelche.blogspot.com.es<\/p><\/div>\n<p>La SEM Santa Cecilia de l&#8217;Olleria,\u00a0 vuelve con el exitoso concierto \u00abRecordando a Nivo Bravo\u00bb.\u00a0\u00a0 La actuaci\u00f3n se llevar\u00e1 a cabo el S\u00e1bado, 23 en el Patio de la Casa Santonja a las 23:00 h.\u00a0\u00a0 En el se recordar\u00e1n los principales \u00ab\u00e9xitos\u00bb del m\u00edtico cantante de Aielo.<\/p>\n<p><iframe loading=\"lazy\" src=\"http:\/\/www.youtube.com\/embed\/9QZY8CuTAZU\" frameborder=\"0\" width=\"598\" height=\"449\"><\/iframe><\/p>\n","protected":false},"excerpt":{"rendered":"<p>La SEM Santa Cecilia de l&#8217;Olleria,\u00a0 vuelve con el exitoso concierto \u00abRecordando a Nivo Bravo\u00bb.\u00a0\u00a0 La actuaci\u00f3n se llevar\u00e1 a cabo el S\u00e1bado, 23 en el Patio de la Casa Santonja a las 23:00 h.\u00a0\u00a0 En el se recordar\u00e1n los principales \u00ab\u00e9xitos\u00bb del m\u00edtico cantante de Aielo.<\/p>\n","protected":false},"author":2,"featured_media":0,"comment_status":"closed","ping_status":"open","sticky":false,"template":"","format":"standard","meta":{"_monsterinsights_skip_tracking":false,"_monsterinsights_sitenote_active":false,"_monsterinsights_sitenote_note":"","_monsterinsights_sitenote_category":0},"categories":[15],"tags":[170,169,20,168,167],"_links":{"self":[{"href":"http:\/\/www.portaldelolleria.es\/index.php?rest_route=\/wp\/v2\/posts\/688"}],"collection":[{"href":"http:\/\/www.portaldelolleria.es\/index.php?rest_route=\/wp\/v2\/posts"}],"about":[{"href":"http:\/\/www.portaldelolleria.es\/index.php?rest_route=\/wp\/v2\/types\/post"}],"author":[{"embeddable":true,"href":"http:\/\/www.portaldelolleria.es\/index.php?rest_route=\/wp\/v2\/users\/2"}],"replies":[{"embeddable":true,"href":"http:\/\/www.portaldelolleria.es\/index.php?rest_route=%2Fwp%2Fv2%2Fcomments&post=688"}],"version-history":[{"count":9,"href":"http:\/\/www.portaldelolleria.es\/index.php?rest_route=\/wp\/v2\/posts\/688\/revisions"}],"predecessor-version":[{"id":691,"href":"http:\/\/www.portaldelolleria.es\/index.php?rest_route=\/wp\/v2\/posts\/688\/revisions\/691"}],"wp:attachment":[{"href":"http:\/\/www.portaldelolleria.es\/index.php?rest_route=%2Fwp%2Fv2%2Fmedia&parent=688"}],"wp:term":[{"taxonomy":"category","embeddable":true,"href":"http:\/\/www.portaldelolleria.es\/index.php?rest_route=%2Fwp%2Fv2%2Fcategories&post=688"},{"taxonomy":"post_tag","embeddable":true,"href":"http:\/\/www.portaldelolleria.es\/index.php?rest_route=%2Fwp%2Fv2%2Ftags&post=688"}],"curies":[{"name":"wp","href":"https:\/\/api.w.org\/{rel}","templated":true}]}}