{"id":6899,"date":"2014-08-23T12:15:13","date_gmt":"2014-08-23T10:15:13","guid":{"rendered":"http:\/\/www.portaldelolleria.es\/?p=6899"},"modified":"2014-08-27T03:27:24","modified_gmt":"2014-08-27T01:27:24","slug":"lolleria-celebra-la-proclamacion-de-reinas-cortes-de-honor-y-cargos-festeros","status":"publish","type":"post","link":"http:\/\/www.portaldelolleria.es\/?p=6899","title":{"rendered":"L&#8217;Olleria, celebra la proclamaci\u00f3n de Reinas, Cortes de Honor y cargos festeros"},"content":{"rendered":"<p style=\"text-align: justify;\"><a href=\"http:\/\/www.portaldelolleria.es\/wp-content\/uploads\/2014\/08\/procla13.jpg\"><img loading=\"lazy\" class=\"aligncenter size-full wp-image-6917\" title=\"procla13\" src=\"http:\/\/www.portaldelolleria.es\/wp-content\/uploads\/2014\/08\/procla13.jpg\" alt=\"\" width=\"598\" height=\"398\" srcset=\"http:\/\/www.portaldelolleria.es\/wp-content\/uploads\/2014\/08\/procla13.jpg 598w, http:\/\/www.portaldelolleria.es\/wp-content\/uploads\/2014\/08\/procla13-300x199.jpg 300w\" sizes=\"(max-width: 598px) 100vw, 598px\" \/><\/a><\/p>\n<p style=\"text-align: justify;\">L\u2019Olleria vivi\u00f3 el primer fin de semana de sus Fiestas Patronales y de Moros y Cristianos, abriendo la programaci\u00f3n la proclamaci\u00f3n de las Reinas, cortes de honor, festeros y cargos.<\/p>\n<p style=\"text-align: justify;\">El acto que tuvo lugar en el parque Beat Pare Ferreres se llen\u00f3 un a\u00f1o m\u00e1s de luz, color, emoci\u00f3n y cientos de personas, familiares, amigos y vecinos de L\u2019Olleria que no quisieron perderse este importante acto.<\/p>\n<p style=\"text-align: justify;\">Por la pasarela desfil\u00f3 la reina de 2013, Maria Momp\u00f3 junto al alcalde, Jos\u00e9 Vidal y el concejal de Fiestas, Juan Ricardo Ruano y la reina infantil 2013 Aitana Terol, que subi\u00f3 al escenario junto al teniente de alcalde, Jes\u00fas Engo y el vicepresidente de la Junta Central, Vicente Egea, adem\u00e1s del resto de festeros que conforman la corte de honor de infantil y mayor de este 2014\u00a0 as\u00ed como las dos reinas de 2014, la mayor Paula Mart\u00ed Vidal que subi\u00f3 acompa\u00f1ada de la Presidenta de la Junta Central Maria Dolores Gil y de la mantenedora y pregonera de e<span style=\"color: #000000;\">ste a\u00f1o, Vanessa Vidal Cerd\u00e1, y Elsa Momp\u00f3 Albi\u00f1ana como reina infantil que subi\u00f3 al escenario acompa\u00f1ada por el concejal de Patrimonio, Javier Albero, y\u00a0 el vicepresidente de la Junta Central, Juan M. Mart\u00ed Boix. Junto a<\/span> ellos, los otros grandes protagonistas de estas Fiestas 2014, los capitanes y embajadores de las dos <em>filaes<\/em> con cargo este a\u00f1o, la cristiana Mariners y la mora Llevantins. Por la fil\u00e0 cristiana, el embajador Victor Gonz\u00e1lez Alvarez y el capit\u00e1n Juan Rafael Ferri Pastor, por la fil\u00e0 mora, el embajador Ricardo S\u00e1ez Cerd\u00e1 y como capit\u00e1n Vicente Oviedo Such.<\/p>\n<p style=\"text-align: justify;\">Las primeras palabras del Alcade, Jos\u00e9 Vidal, tras los saludos protocolarios, fueron para las reinas salientes, agradeciendoles, la dignidad y elegancia con que han representado a l&#8217;Olleria durante el a\u00f1o.\u00a0 Tambi\u00e9n hubo palabras de gratitud para Capitanes, Embajadores y festeros del a\u00f1o anterior por su buen trabajo en las fiestas anteriores.\u00a0 En este a\u00f1o que se conmemora el 425\u00ba aniversario de l&#8217;Olleria, Jos\u00e9 Vidal destac\u00f3 la fecha tan se\u00f1alada como el 60 aniversario que celebran las capitan\u00edas, tambi\u00e9n quiso agradecer una vez m\u00e1s la hospitalidad el pueblo de L&#8217;Olleria en estos d\u00edas en los que muchas de las personas que disfrutan de estas fiestas vienen de otros municipios.\u00a0 Tambi\u00e9n hizo menci\u00f3n a estos tiempos de crisis esperando que con la recuperaci\u00f3n l&#8217;Olleria vuelva a recuperar poco a poco la ilusi\u00f3n y la capacidad de producir que ten\u00edamos hace pocos a\u00f1os, por \u00faltimo felicit\u00f3 a las reinas de 2014, cortes de honor y festeros, as\u00ed como a los cargos de fiestas, mantenedora y publicador a los que dese\u00f3 unas fiestas inolvidables.<\/p>\n<p style=\"text-align: justify;\">Acto seguido la presidenta de la Junta Central,\u00a0 Mariola Gil,\u00a0 que tras las felicitaciones present\u00f3 a la mantenedora de las Fiestas 2014, Vanesa Vidal Cerd\u00e1,\u00a0 que dentro de su curriculum lo m\u00e1s destacable para ese evento es su pertenencia a la SEM Santa Cecilia y a la fil\u00e1 Juvenils,\u00a0 y que precisamente este a\u00f1o cumple su 25 aniversario como reina infantil.\u00a0\u00a0 La combinaci\u00f3n perfecta de una persona que siente y ama las fiestas de L&#8217;Olleria.<\/p>\n<p style=\"text-align: justify;\">En su intervenci\u00f3n, breve y cargada de sentimiento,Vanesa Vidal\u00a0 adem\u00e1s de palabras de \u00e1nimo para las reinas salientes,\u00a0 a las que les indic\u00f3 que ahora tendr\u00e1n en sus vidas un bonito a\u00f1o que recordar, tambi\u00e9n tuvo una peque\u00f1a rese\u00f1a espont\u00e1nea con su sobrina Paula\u00a0 (reina 2014),\u00a0 \u00ab<em>quien nos iba a decir que coincidiriamos en el mismo escenario<\/em>\u00ab.\u00a0 Dentro de la originalidad del discurso, y un breve repaso por el origen de las fiestas de moros y cristianos, y las empresas que ayudaron a instaurarlas hace 60 a\u00f1os,\u00a0 Vanesa propuso a los asistentes un ejercicio de imaginaci\u00f3n,\u00a0 con una semana de antelaci\u00f3n\u00a0 hizo un recorrido detallado\u00a0 de la \u00abentrada\u00bb, resaltando lo m\u00e1s sobresaliente de cada fil\u00e1 y bandas de m\u00fasica <em>\u00abcon sus sonidos met\u00e1licos en las melodias \u00e9picas y marciales\u00bb<\/em> (una forma de rendir homenaje y reconocimiento a cada formaci\u00f3n), no faltaron los mejores deseos para Capitanes y Embajadores, Reinas, Cortes de honor de una persona amante de la m\u00fasica y la fiesta, que se identifica en todo su esplendor con las fiestas de l&#8217;Olleria.<\/p>\n<p style=\"text-align: justify;\">Finalmente\u00a0 la SEM Sta Cecilia, pon\u00eda la guinda al acto,\u00a0 con las memorables interpretaciones de los himnos de la fiesta y de la Comunitat Valenciana.<\/p>\n<p style=\"text-align: justify;\">Visca L&#8217;Olleria \u00a1\u00a1\u00a1\u00a1\u00a0\u00a0\u00a0 Visca San Miquel \u00a1\u00a1\u00a1\u00a1\u00a1<\/p>\n<p style=\"text-align: justify;\"><a href=\"http:\/\/www.portaldelolleria.es\/wp-content\/uploads\/2014\/08\/procla5.jpg\"><img loading=\"lazy\" class=\"aligncenter size-full wp-image-6901\" title=\"procla5\" src=\"http:\/\/www.portaldelolleria.es\/wp-content\/uploads\/2014\/08\/procla5.jpg\" alt=\"\" width=\"598\" height=\"398\" srcset=\"http:\/\/www.portaldelolleria.es\/wp-content\/uploads\/2014\/08\/procla5.jpg 598w, http:\/\/www.portaldelolleria.es\/wp-content\/uploads\/2014\/08\/procla5-300x199.jpg 300w\" sizes=\"(max-width: 598px) 100vw, 598px\" \/><\/a><\/p>\n<p style=\"text-align: justify;\"><a href=\"http:\/\/www.portaldelolleria.es\/wp-content\/uploads\/2014\/08\/procla6.jpg\"><img loading=\"lazy\" class=\"aligncenter size-full wp-image-6902\" title=\"procla6\" src=\"http:\/\/www.portaldelolleria.es\/wp-content\/uploads\/2014\/08\/procla6.jpg\" alt=\"\" width=\"598\" height=\"398\" srcset=\"http:\/\/www.portaldelolleria.es\/wp-content\/uploads\/2014\/08\/procla6.jpg 598w, http:\/\/www.portaldelolleria.es\/wp-content\/uploads\/2014\/08\/procla6-300x199.jpg 300w\" sizes=\"(max-width: 598px) 100vw, 598px\" \/><\/a><\/p>\n<p style=\"text-align: justify;\"><a href=\"http:\/\/www.portaldelolleria.es\/wp-content\/uploads\/2014\/08\/procla7.jpg\"><img loading=\"lazy\" class=\"aligncenter size-full wp-image-6903\" title=\"procla7\" src=\"http:\/\/www.portaldelolleria.es\/wp-content\/uploads\/2014\/08\/procla7.jpg\" alt=\"\" width=\"598\" height=\"398\" srcset=\"http:\/\/www.portaldelolleria.es\/wp-content\/uploads\/2014\/08\/procla7.jpg 598w, http:\/\/www.portaldelolleria.es\/wp-content\/uploads\/2014\/08\/procla7-300x199.jpg 300w\" sizes=\"(max-width: 598px) 100vw, 598px\" \/><\/a><\/p>\n<p style=\"text-align: justify;\"><a href=\"http:\/\/www.portaldelolleria.es\/wp-content\/uploads\/2014\/08\/procla8.jpg\"><img loading=\"lazy\" class=\"aligncenter size-full wp-image-6904\" title=\"procla8\" src=\"http:\/\/www.portaldelolleria.es\/wp-content\/uploads\/2014\/08\/procla8.jpg\" alt=\"\" width=\"598\" height=\"398\" srcset=\"http:\/\/www.portaldelolleria.es\/wp-content\/uploads\/2014\/08\/procla8.jpg 598w, http:\/\/www.portaldelolleria.es\/wp-content\/uploads\/2014\/08\/procla8-300x199.jpg 300w\" sizes=\"(max-width: 598px) 100vw, 598px\" \/><\/a><\/p>\n<p style=\"text-align: justify;\"><a href=\"http:\/\/www.portaldelolleria.es\/wp-content\/uploads\/2014\/08\/procla9.jpg\"><img loading=\"lazy\" class=\"aligncenter size-full wp-image-6905\" title=\"procla9\" src=\"http:\/\/www.portaldelolleria.es\/wp-content\/uploads\/2014\/08\/procla9.jpg\" alt=\"\" width=\"598\" height=\"398\" srcset=\"http:\/\/www.portaldelolleria.es\/wp-content\/uploads\/2014\/08\/procla9.jpg 598w, http:\/\/www.portaldelolleria.es\/wp-content\/uploads\/2014\/08\/procla9-300x199.jpg 300w\" sizes=\"(max-width: 598px) 100vw, 598px\" \/><\/a><\/p>\n<p style=\"text-align: justify;\"><a href=\"http:\/\/www.portaldelolleria.es\/wp-content\/uploads\/2014\/08\/procla10.jpg\"><img loading=\"lazy\" class=\"aligncenter size-full wp-image-6906\" title=\"procla10\" src=\"http:\/\/www.portaldelolleria.es\/wp-content\/uploads\/2014\/08\/procla10.jpg\" alt=\"\" width=\"598\" height=\"398\" srcset=\"http:\/\/www.portaldelolleria.es\/wp-content\/uploads\/2014\/08\/procla10.jpg 598w, http:\/\/www.portaldelolleria.es\/wp-content\/uploads\/2014\/08\/procla10-300x199.jpg 300w\" sizes=\"(max-width: 598px) 100vw, 598px\" \/><\/a><\/p>\n<p style=\"text-align: justify;\"><a href=\"http:\/\/www.portaldelolleria.es\/wp-content\/uploads\/2014\/08\/procla11.jpg\"><img loading=\"lazy\" class=\"aligncenter size-full wp-image-6907\" title=\"procla11\" src=\"http:\/\/www.portaldelolleria.es\/wp-content\/uploads\/2014\/08\/procla11.jpg\" alt=\"\" width=\"598\" height=\"398\" srcset=\"http:\/\/www.portaldelolleria.es\/wp-content\/uploads\/2014\/08\/procla11.jpg 598w, http:\/\/www.portaldelolleria.es\/wp-content\/uploads\/2014\/08\/procla11-300x199.jpg 300w\" sizes=\"(max-width: 598px) 100vw, 598px\" \/><\/a><\/p>\n<p style=\"text-align: justify;\"><a href=\"http:\/\/www.portaldelolleria.es\/wp-content\/uploads\/2014\/08\/procla12.jpg\"><img loading=\"lazy\" class=\"aligncenter size-full wp-image-6908\" title=\"procla12\" src=\"http:\/\/www.portaldelolleria.es\/wp-content\/uploads\/2014\/08\/procla12.jpg\" alt=\"\" width=\"598\" height=\"398\" srcset=\"http:\/\/www.portaldelolleria.es\/wp-content\/uploads\/2014\/08\/procla12.jpg 598w, http:\/\/www.portaldelolleria.es\/wp-content\/uploads\/2014\/08\/procla12-300x199.jpg 300w\" sizes=\"(max-width: 598px) 100vw, 598px\" \/><\/a><\/p>\n<p style=\"text-align: justify;\"><a href=\"http:\/\/www.portaldelolleria.es\/wp-content\/uploads\/2014\/08\/procla14.jpg\"><img loading=\"lazy\" class=\"aligncenter size-full wp-image-6909\" title=\"procla14\" src=\"http:\/\/www.portaldelolleria.es\/wp-content\/uploads\/2014\/08\/procla14.jpg\" alt=\"\" width=\"598\" height=\"398\" srcset=\"http:\/\/www.portaldelolleria.es\/wp-content\/uploads\/2014\/08\/procla14.jpg 598w, http:\/\/www.portaldelolleria.es\/wp-content\/uploads\/2014\/08\/procla14-300x199.jpg 300w\" sizes=\"(max-width: 598px) 100vw, 598px\" \/><\/a><\/p>\n<p style=\"text-align: justify;\"><a href=\"http:\/\/www.portaldelolleria.es\/wp-content\/uploads\/2014\/08\/procla15.jpg\"><img loading=\"lazy\" class=\"aligncenter size-full wp-image-6910\" title=\"procla15\" src=\"http:\/\/www.portaldelolleria.es\/wp-content\/uploads\/2014\/08\/procla15.jpg\" alt=\"\" width=\"598\" height=\"398\" srcset=\"http:\/\/www.portaldelolleria.es\/wp-content\/uploads\/2014\/08\/procla15.jpg 598w, http:\/\/www.portaldelolleria.es\/wp-content\/uploads\/2014\/08\/procla15-300x199.jpg 300w\" sizes=\"(max-width: 598px) 100vw, 598px\" \/><\/a><\/p>\n<p style=\"text-align: justify;\"><a href=\"http:\/\/www.portaldelolleria.es\/wp-content\/uploads\/2014\/08\/procla16.jpg\"><img loading=\"lazy\" class=\"aligncenter size-full wp-image-6911\" title=\"procla16\" src=\"http:\/\/www.portaldelolleria.es\/wp-content\/uploads\/2014\/08\/procla16.jpg\" alt=\"\" width=\"598\" height=\"398\" srcset=\"http:\/\/www.portaldelolleria.es\/wp-content\/uploads\/2014\/08\/procla16.jpg 598w, http:\/\/www.portaldelolleria.es\/wp-content\/uploads\/2014\/08\/procla16-300x199.jpg 300w\" sizes=\"(max-width: 598px) 100vw, 598px\" \/><\/a><\/p>\n<p style=\"text-align: justify;\"><a href=\"http:\/\/www.portaldelolleria.es\/wp-content\/uploads\/2014\/08\/procla17.jpg\"><img loading=\"lazy\" class=\"aligncenter size-full wp-image-6912\" title=\"procla17\" src=\"http:\/\/www.portaldelolleria.es\/wp-content\/uploads\/2014\/08\/procla17.jpg\" alt=\"\" width=\"598\" height=\"398\" srcset=\"http:\/\/www.portaldelolleria.es\/wp-content\/uploads\/2014\/08\/procla17.jpg 598w, http:\/\/www.portaldelolleria.es\/wp-content\/uploads\/2014\/08\/procla17-300x199.jpg 300w\" sizes=\"(max-width: 598px) 100vw, 598px\" \/><\/a><\/p>\n<p style=\"text-align: justify;\"><a href=\"http:\/\/www.portaldelolleria.es\/wp-content\/uploads\/2014\/08\/procla18.jpg\"><img loading=\"lazy\" class=\"aligncenter size-full wp-image-6913\" title=\"procla18\" src=\"http:\/\/www.portaldelolleria.es\/wp-content\/uploads\/2014\/08\/procla18.jpg\" alt=\"\" width=\"598\" height=\"398\" srcset=\"http:\/\/www.portaldelolleria.es\/wp-content\/uploads\/2014\/08\/procla18.jpg 598w, http:\/\/www.portaldelolleria.es\/wp-content\/uploads\/2014\/08\/procla18-300x199.jpg 300w\" sizes=\"(max-width: 598px) 100vw, 598px\" \/><\/a><\/p>\n<p style=\"text-align: justify;\"><a href=\"http:\/\/www.portaldelolleria.es\/wp-content\/uploads\/2014\/08\/procla19.jpg\"><img loading=\"lazy\" class=\"aligncenter size-full wp-image-6914\" title=\"procla19\" src=\"http:\/\/www.portaldelolleria.es\/wp-content\/uploads\/2014\/08\/procla19.jpg\" alt=\"\" width=\"598\" height=\"398\" srcset=\"http:\/\/www.portaldelolleria.es\/wp-content\/uploads\/2014\/08\/procla19.jpg 598w, http:\/\/www.portaldelolleria.es\/wp-content\/uploads\/2014\/08\/procla19-300x199.jpg 300w\" sizes=\"(max-width: 598px) 100vw, 598px\" \/><\/a><\/p>\n<p style=\"text-align: justify;\"><a href=\"http:\/\/www.portaldelolleria.es\/wp-content\/uploads\/2014\/08\/procla21.jpg\"><img loading=\"lazy\" class=\"aligncenter size-full wp-image-6915\" title=\"procla21\" src=\"http:\/\/www.portaldelolleria.es\/wp-content\/uploads\/2014\/08\/procla21.jpg\" alt=\"\" width=\"598\" height=\"398\" srcset=\"http:\/\/www.portaldelolleria.es\/wp-content\/uploads\/2014\/08\/procla21.jpg 598w, http:\/\/www.portaldelolleria.es\/wp-content\/uploads\/2014\/08\/procla21-300x199.jpg 300w\" sizes=\"(max-width: 598px) 100vw, 598px\" \/><\/a><\/p>\n<p style=\"text-align: justify;\"><a href=\"http:\/\/www.portaldelolleria.es\/wp-content\/uploads\/2014\/08\/procla22.jpg\"><img loading=\"lazy\" class=\"aligncenter size-full wp-image-6916\" title=\"procla22\" src=\"http:\/\/www.portaldelolleria.es\/wp-content\/uploads\/2014\/08\/procla22.jpg\" alt=\"\" width=\"598\" height=\"398\" srcset=\"http:\/\/www.portaldelolleria.es\/wp-content\/uploads\/2014\/08\/procla22.jpg 598w, http:\/\/www.portaldelolleria.es\/wp-content\/uploads\/2014\/08\/procla22-300x199.jpg 300w\" sizes=\"(max-width: 598px) 100vw, 598px\" \/><\/a><\/p>\n<p><iframe loading=\"lazy\" src=\"\/\/www.youtube.com\/embed\/pYBoC4mmh8A\" frameborder=\"0\" width=\"717\" height=\"403\"><\/iframe><\/p>\n","protected":false},"excerpt":{"rendered":"<p>L\u2019Olleria vivi\u00f3 el primer fin de semana de sus Fiestas Patronales y de Moros y Cristianos, abriendo la programaci\u00f3n la proclamaci\u00f3n de las Reinas, cortes de honor, festeros y cargos. El acto que tuvo lugar en el parque Beat Pare Ferreres se llen\u00f3 un a\u00f1o m\u00e1s de luz, color, emoci\u00f3n y cientos de personas, familiares, [&hellip;]<\/p>\n","protected":false},"author":1,"featured_media":0,"comment_status":"closed","ping_status":"open","sticky":false,"template":"","format":"standard","meta":{"_monsterinsights_skip_tracking":false,"_monsterinsights_sitenote_active":false,"_monsterinsights_sitenote_note":"","_monsterinsights_sitenote_category":0},"categories":[17,12],"tags":[810,318,20,42,792],"_links":{"self":[{"href":"http:\/\/www.portaldelolleria.es\/index.php?rest_route=\/wp\/v2\/posts\/6899"}],"collection":[{"href":"http:\/\/www.portaldelolleria.es\/index.php?rest_route=\/wp\/v2\/posts"}],"about":[{"href":"http:\/\/www.portaldelolleria.es\/index.php?rest_route=\/wp\/v2\/types\/post"}],"author":[{"embeddable":true,"href":"http:\/\/www.portaldelolleria.es\/index.php?rest_route=\/wp\/v2\/users\/1"}],"replies":[{"embeddable":true,"href":"http:\/\/www.portaldelolleria.es\/index.php?rest_route=%2Fwp%2Fv2%2Fcomments&post=6899"}],"version-history":[{"count":6,"href":"http:\/\/www.portaldelolleria.es\/index.php?rest_route=\/wp\/v2\/posts\/6899\/revisions"}],"predecessor-version":[{"id":6950,"href":"http:\/\/www.portaldelolleria.es\/index.php?rest_route=\/wp\/v2\/posts\/6899\/revisions\/6950"}],"wp:attachment":[{"href":"http:\/\/www.portaldelolleria.es\/index.php?rest_route=%2Fwp%2Fv2%2Fmedia&parent=6899"}],"wp:term":[{"taxonomy":"category","embeddable":true,"href":"http:\/\/www.portaldelolleria.es\/index.php?rest_route=%2Fwp%2Fv2%2Fcategories&post=6899"},{"taxonomy":"post_tag","embeddable":true,"href":"http:\/\/www.portaldelolleria.es\/index.php?rest_route=%2Fwp%2Fv2%2Ftags&post=6899"}],"curies":[{"name":"wp","href":"https:\/\/api.w.org\/{rel}","templated":true}]}}