{"id":6968,"date":"2014-08-30T10:46:15","date_gmt":"2014-08-30T08:46:15","guid":{"rendered":"http:\/\/www.portaldelolleria.es\/?p=6968"},"modified":"2014-09-02T09:59:23","modified_gmt":"2014-09-02T07:59:23","slug":"lolleria-se-prepara-para-vivir-la-trilogia","status":"publish","type":"post","link":"http:\/\/www.portaldelolleria.es\/?p=6968","title":{"rendered":"L&#8217;Olleria se prepara para vivir la trilog\u00eda"},"content":{"rendered":"<p><a href=\"http:\/\/www.portaldelolleria.es\/wp-content\/uploads\/2014\/08\/ofrenda1_olleria.jpg\"><img loading=\"lazy\" class=\"aligncenter size-full wp-image-6970\" title=\"ofrenda1_olleria\" src=\"http:\/\/www.portaldelolleria.es\/wp-content\/uploads\/2014\/08\/ofrenda1_olleria.jpg\" alt=\"\" width=\"598\" height=\"398\" srcset=\"http:\/\/www.portaldelolleria.es\/wp-content\/uploads\/2014\/08\/ofrenda1_olleria.jpg 598w, http:\/\/www.portaldelolleria.es\/wp-content\/uploads\/2014\/08\/ofrenda1_olleria-300x199.jpg 300w\" sizes=\"(max-width: 598px) 100vw, 598px\" \/><\/a><\/p>\n<p>&nbsp;<\/p>\n<p>Este viernes se han iniciado los actos previos a la trilog\u00eda festera que son los actos centrales de las Fiestas Patronales de Moros y Cristianos.<\/p>\n<p>Con los balcones engalanados, se inici\u00f3 la Ofrenda de flores con toda la comitiva desplazando de la plaza de la Villa en la plaza de Loreto donde se realizar\u00eda la ofrenda, por parte de todos los cargos festeros y representantes de las filaes. La comitiva municipal con el Alcalde a la cabeza,\u00a0 cont\u00f3 una vez m\u00e1s con la presencia de la consejera de Bienestar Social de la Generalitat Valenciana, Asunci\u00f3n S. Zaplana.<\/p>\n<p>Desde la 21:00 hasta las 10: 45h, se fueron depositando ramos flores que se iban colocando cuidadosamente en la parrilla dispuesta para tal fin junto a la puerta de la Iglesia de Loreto.<\/p>\n<p>Con este acto Oller\u00eda rinde homenaje a la patrona del pueblo, la Virgen de Loreto. la que termina la ofrenda fue traslada a la iglesia de la parroqu\u00eda para presidir el resto de actos religiosos y festivos.<\/p>\n<p><a href=\"http:\/\/www.portaldelolleria.es\/wp-content\/uploads\/2014\/08\/ofrenda2_olleria.jpg\"><img loading=\"lazy\" class=\"aligncenter size-full wp-image-6969\" title=\"ofrenda2_olleria\" src=\"http:\/\/www.portaldelolleria.es\/wp-content\/uploads\/2014\/08\/ofrenda2_olleria.jpg\" alt=\"\" width=\"598\" height=\"398\" srcset=\"http:\/\/www.portaldelolleria.es\/wp-content\/uploads\/2014\/08\/ofrenda2_olleria.jpg 598w, http:\/\/www.portaldelolleria.es\/wp-content\/uploads\/2014\/08\/ofrenda2_olleria-300x199.jpg 300w\" sizes=\"(max-width: 598px) 100vw, 598px\" \/><\/a><br \/>\n<iframe loading=\"lazy\" width=\"717\" height=\"403\" src=\"\/\/www.youtube.com\/embed\/XyMEQbpcuE4\" frameborder=\"0\" allowfullscreen><\/iframe><\/p>\n","protected":false},"excerpt":{"rendered":"<p>&nbsp; Este viernes se han iniciado los actos previos a la trilog\u00eda festera que son los actos centrales de las Fiestas Patronales de Moros y Cristianos. Con los balcones engalanados, se inici\u00f3 la Ofrenda de flores con toda la comitiva desplazando de la plaza de la Villa en la plaza de Loreto donde se realizar\u00eda [&hellip;]<\/p>\n","protected":false},"author":1,"featured_media":0,"comment_status":"closed","ping_status":"open","sticky":false,"template":"","format":"standard","meta":{"_monsterinsights_skip_tracking":false,"_monsterinsights_sitenote_active":false,"_monsterinsights_sitenote_note":"","_monsterinsights_sitenote_category":0},"categories":[17,12],"tags":[810,318,20,1131,1132],"_links":{"self":[{"href":"http:\/\/www.portaldelolleria.es\/index.php?rest_route=\/wp\/v2\/posts\/6968"}],"collection":[{"href":"http:\/\/www.portaldelolleria.es\/index.php?rest_route=\/wp\/v2\/posts"}],"about":[{"href":"http:\/\/www.portaldelolleria.es\/index.php?rest_route=\/wp\/v2\/types\/post"}],"author":[{"embeddable":true,"href":"http:\/\/www.portaldelolleria.es\/index.php?rest_route=\/wp\/v2\/users\/1"}],"replies":[{"embeddable":true,"href":"http:\/\/www.portaldelolleria.es\/index.php?rest_route=%2Fwp%2Fv2%2Fcomments&post=6968"}],"version-history":[{"count":3,"href":"http:\/\/www.portaldelolleria.es\/index.php?rest_route=\/wp\/v2\/posts\/6968\/revisions"}],"predecessor-version":[{"id":6996,"href":"http:\/\/www.portaldelolleria.es\/index.php?rest_route=\/wp\/v2\/posts\/6968\/revisions\/6996"}],"wp:attachment":[{"href":"http:\/\/www.portaldelolleria.es\/index.php?rest_route=%2Fwp%2Fv2%2Fmedia&parent=6968"}],"wp:term":[{"taxonomy":"category","embeddable":true,"href":"http:\/\/www.portaldelolleria.es\/index.php?rest_route=%2Fwp%2Fv2%2Fcategories&post=6968"},{"taxonomy":"post_tag","embeddable":true,"href":"http:\/\/www.portaldelolleria.es\/index.php?rest_route=%2Fwp%2Fv2%2Ftags&post=6968"}],"curies":[{"name":"wp","href":"https:\/\/api.w.org\/{rel}","templated":true}]}}