{"id":6978,"date":"2014-08-29T18:22:59","date_gmt":"2014-08-29T16:22:59","guid":{"rendered":"http:\/\/www.portaldelolleria.es\/?p=6978"},"modified":"2014-08-30T21:20:03","modified_gmt":"2014-08-30T19:20:03","slug":"futbol-base-lolleria-campana-de-captacion","status":"publish","type":"post","link":"http:\/\/www.portaldelolleria.es\/?p=6978","title":{"rendered":"Futbol base l&#8217;Olleria: Campa\u00f1a de captaci\u00f3n"},"content":{"rendered":"<p><a href=\"http:\/\/www.portaldelolleria.es\/wp-content\/uploads\/2014\/08\/futbolbase1.jpg\"><img loading=\"lazy\" class=\"aligncenter size-full wp-image-6980\" title=\"futbolbase1\" src=\"http:\/\/www.portaldelolleria.es\/wp-content\/uploads\/2014\/08\/futbolbase1.jpg\" alt=\"\" width=\"598\" height=\"398\" srcset=\"http:\/\/www.portaldelolleria.es\/wp-content\/uploads\/2014\/08\/futbolbase1.jpg 598w, http:\/\/www.portaldelolleria.es\/wp-content\/uploads\/2014\/08\/futbolbase1-300x199.jpg 300w\" sizes=\"(max-width: 598px) 100vw, 598px\" \/><\/a><\/p>\n<p>&nbsp;<\/p>\n<p>La Escuela Municipal f\u00fatbol base de L&#8217;Olleria ha lanzado una campa\u00f1a de captaci\u00f3n, aprovechando varias fotos antiguas, donde aparecen los equipajes rayados, tan identificativos de nuestro pueblo.<\/p>\n<p>Con el lema \u00abEllos ya jugaban por estos colores &#8230; y t\u00fa, \u00bfa qu\u00e9 esperas? Tratamos de acercar a los ni\u00f1os, la importancia del f\u00fatbol en la historia deportiva de l&#8217;Olleria, mediante fotos representativas de distintas \u00e9pocas y conmemorar tambi\u00e9n la ascenso a Tercera divisi\u00f3n, ahora que se cumplen 25 a\u00f1os. Una l\u00ednea del tiempo olmo atamos pasado, presente y futuro.<\/p>\n<p>La gente mayor se muestra muy orgullosa contando como cuando jugaban y visitaban otras poblaciones, los colores del Atleti, eran relacionados directamente con nuestro pueblo y queremos llegar a esa parte sensible de los peque\u00f1os, que de seguro tendr\u00e1n cualquier familiar que tendr\u00e1 defendido ejes colores y reactivar esa concienciaci\u00f3n de defender esa camiseta.<\/p>\n<p>Tambi\u00e9n hacemos referencia a los entrenadores donde mezclamos experiencia y juventud, as\u00ed como dedicaci\u00f3n y cualificaci\u00f3n. Finalmente, tambi\u00e9n mostramos la reci\u00e9n creada p\u00e1gina web (<a href=\"http:\/\/futbolbaseolleria.weebly.com\/\" target=\"_blank\">futbolbaseolleria.weebly.com<\/a>) y la presencia en Facebook -Twiter para estar m\u00e1s cerca de cada alumno de la Escuela.<\/p>\n<p>&nbsp;<\/p>\n<p><a href=\"http:\/\/www.portaldelolleria.es\/wp-content\/uploads\/2014\/08\/futbolbase.jpg\"><img loading=\"lazy\" class=\"aligncenter size-full wp-image-6979\" title=\"futbolbase\" src=\"http:\/\/www.portaldelolleria.es\/wp-content\/uploads\/2014\/08\/futbolbase.jpg\" alt=\"\" width=\"598\" height=\"878\" srcset=\"http:\/\/www.portaldelolleria.es\/wp-content\/uploads\/2014\/08\/futbolbase.jpg 598w, http:\/\/www.portaldelolleria.es\/wp-content\/uploads\/2014\/08\/futbolbase-204x300.jpg 204w\" sizes=\"(max-width: 598px) 100vw, 598px\" \/><\/a><\/p>\n","protected":false},"excerpt":{"rendered":"<p>&nbsp; La Escuela Municipal f\u00fatbol base de L&#8217;Olleria ha lanzado una campa\u00f1a de captaci\u00f3n, aprovechando varias fotos antiguas, donde aparecen los equipajes rayados, tan identificativos de nuestro pueblo. Con el lema \u00abEllos ya jugaban por estos colores &#8230; y t\u00fa, \u00bfa qu\u00e9 esperas? Tratamos de acercar a los ni\u00f1os, la importancia del f\u00fatbol en la [&hellip;]<\/p>\n","protected":false},"author":1,"featured_media":0,"comment_status":"closed","ping_status":"open","sticky":false,"template":"","format":"standard","meta":{"_monsterinsights_skip_tracking":false,"_monsterinsights_sitenote_active":false,"_monsterinsights_sitenote_note":"","_monsterinsights_sitenote_category":0},"categories":[9,12],"tags":[1056,31,20,1136],"_links":{"self":[{"href":"http:\/\/www.portaldelolleria.es\/index.php?rest_route=\/wp\/v2\/posts\/6978"}],"collection":[{"href":"http:\/\/www.portaldelolleria.es\/index.php?rest_route=\/wp\/v2\/posts"}],"about":[{"href":"http:\/\/www.portaldelolleria.es\/index.php?rest_route=\/wp\/v2\/types\/post"}],"author":[{"embeddable":true,"href":"http:\/\/www.portaldelolleria.es\/index.php?rest_route=\/wp\/v2\/users\/1"}],"replies":[{"embeddable":true,"href":"http:\/\/www.portaldelolleria.es\/index.php?rest_route=%2Fwp%2Fv2%2Fcomments&post=6978"}],"version-history":[{"count":2,"href":"http:\/\/www.portaldelolleria.es\/index.php?rest_route=\/wp\/v2\/posts\/6978\/revisions"}],"predecessor-version":[{"id":6988,"href":"http:\/\/www.portaldelolleria.es\/index.php?rest_route=\/wp\/v2\/posts\/6978\/revisions\/6988"}],"wp:attachment":[{"href":"http:\/\/www.portaldelolleria.es\/index.php?rest_route=%2Fwp%2Fv2%2Fmedia&parent=6978"}],"wp:term":[{"taxonomy":"category","embeddable":true,"href":"http:\/\/www.portaldelolleria.es\/index.php?rest_route=%2Fwp%2Fv2%2Fcategories&post=6978"},{"taxonomy":"post_tag","embeddable":true,"href":"http:\/\/www.portaldelolleria.es\/index.php?rest_route=%2Fwp%2Fv2%2Ftags&post=6978"}],"curies":[{"name":"wp","href":"https:\/\/api.w.org\/{rel}","templated":true}]}}