{"id":7046,"date":"2014-09-04T12:05:25","date_gmt":"2014-09-04T10:05:25","guid":{"rendered":"http:\/\/www.portaldelolleria.es\/?p=7046"},"modified":"2014-09-04T12:05:25","modified_gmt":"2014-09-04T10:05:25","slug":"embajadas-y-procesion-ponen-fin-a-las-fiestas-de-lolleria","status":"publish","type":"post","link":"http:\/\/www.portaldelolleria.es\/?p=7046","title":{"rendered":"Embajadas y procesi\u00f3n ponen fin a las fiestas de l&#8217;Olleria"},"content":{"rendered":"<p><a href=\"http:\/\/www.portaldelolleria.es\/wp-content\/uploads\/2014\/09\/findefiesta.jpg\"><img loading=\"lazy\" class=\"aligncenter size-full wp-image-7078\" title=\"findefiesta\" src=\"http:\/\/www.portaldelolleria.es\/wp-content\/uploads\/2014\/09\/findefiesta.jpg\" alt=\"\" width=\"598\" height=\"398\" srcset=\"http:\/\/www.portaldelolleria.es\/wp-content\/uploads\/2014\/09\/findefiesta.jpg 598w, http:\/\/www.portaldelolleria.es\/wp-content\/uploads\/2014\/09\/findefiesta-300x199.jpg 300w\" sizes=\"(max-width: 598px) 100vw, 598px\" \/><\/a><\/p>\n<p>&nbsp;<\/p>\n<p>Con las embajadas y la procesi\u00f3n general, llenando las calles del municipio, L\u2019Olleria pon\u00eda fin a a sus fiestas patronales y de Moros y Cristianos, 2014.<\/p>\n<p>Estas fiestas, multitudinarias desde el principio,\u00a0 cont\u00f3 con la presencia y participaci\u00f3n de la Consellera de Bienestar Social,\u00a0 Asunci\u00f3n Sanchez Zaplana,\u00a0 la cual particip\u00f3 tanto en la ofrenda a la Virgen de Loreto, como en la Entrada,\u00a0 formando parte de una escuadra femenina especial de Mariners.<\/p>\n<p>El Alcalde, por su parte\u00a0 adem\u00e1s de agradecer la deferencia que brinda la Consellera \u00a0Asunci\u00f3n Sanchez Zaplana para con esta poblaci\u00f3n, apoyando tanto los actos institucionales que proceden, como participando en la alegr\u00eda de las fiestas. Tambi\u00e9n dedic\u00f3 palabras de \u00e1nimo, para el incidente de la embajada mora, donde el festero Hector Vila, sufri\u00f3 quemaduras de 2\u00bay 3\u00ba grado, al incendi\u00e1rsele la petaca de polvora. El propio Hector pudo seguir los actos de la tarde desde un balc\u00f3n, \u00a0recibiendo el apoyo de todos, y dedic\u00e1ndosele el acto.<\/p>\n<p>Tambi\u00e9n recibieron la felicitaci\u00f3n del Alcalde, a los Capitanes y Embajadores,\u00a0 y \u00a0las fil\u00e1s participantes, por la interpretaci\u00f3n tan apasionada en la embajadas.\u00a0 Y a todo el pueblo en general por el gran espect\u00e1culo en que se ha participado, sin producirse incidentes que rese\u00f1ar.\u00a0 La sensaci\u00f3n y el balance de estas fiestas no puede ser m\u00e1s positivo.<\/p>\n<p>Por su parte, el concejal de Fiestas, Juan Ricardo Ruano se mostraba muy satisfecho con estas fiestas en las que &#8216;una vez m\u00e1s han dejado el list\u00f3n muy alto&#8217;. Calific\u00e1ndolas como extraordinarias , como extraordinario tambi\u00e9n, \u00a0es el ambiente festero de nuestra poblaci\u00f3n.<\/p>\n<p>Todav\u00eda qued\u00e1n una serie de actos, con los que se completar\u00e1 el programa de actos y festejos del 2014<\/p>\n<p>&nbsp;<\/p>\n<p><span style=\"color: #008080;\"><strong>Del d\u00eda 6 al 14 de septiembre<\/strong><\/span><\/p>\n<p>En el Santuario de la Virgen de Loreto, SOLEMNE NOVENARIO con la participaci\u00f3n de los festeros \/ as de la Virgen de Loreto.<\/p>\n<p><strong><span style=\"color: #008080;\">S\u00e1bado, d\u00eda 27 de septiembre<\/span><\/strong><\/p>\n<p>A las 9:00 h, en el Cementerio Municipal DISPARO DE salvas de arcabucer\u00eda en honor a los difuntos festeros de Filaes.<\/p>\n<p>A las 11:00 h, PASACALLE por la Banda de Cornetas y Tambores Sant\u00edsimo Cristo de la Palma de L\u2019Olleria.<\/p>\n<p>A las 11:45 h, desde el Ayuntamiento s\u2019assitir\u00e1 a la MISA, en la Parroquia en honor a San Miguel y en sufragio de los difuntos festeros.<\/p>\n<p>Al finalizar la Misa, el Castillo ACTO DE HOMENAJE Y OFRENDA A LOS DIFUNTOS FESTEROS, dispar\u00e1ndose salvas de arcabucer\u00eda por festeros uniformados.<\/p>\n<p>Desde las 19:00 h. ENTRAETA DE FILAES por el itinerario de la Entrada y pasando por la calle San Miguel.<\/p>\n\n\t\t<style type=\"text\/css\">\n\t\t\t#gallery-1 {\n\t\t\t\tmargin: auto;\n\t\t\t}\n\t\t\t#gallery-1 .gallery-item {\n\t\t\t\tfloat: left;\n\t\t\t\tmargin-top: 10px;\n\t\t\t\ttext-align: center;\n\t\t\t\twidth: 33%;\n\t\t\t}\n\t\t\t#gallery-1 img {\n\t\t\t\tborder: 2px solid #cfcfcf;\n\t\t\t}\n\t\t\t#gallery-1 .gallery-caption {\n\t\t\t\tmargin-left: 0;\n\t\t\t}\n\t\t\t\/* see gallery_shortcode() in wp-includes\/media.php *\/\n\t\t<\/style>\n\t\t<div id='gallery-1' class='gallery galleryid-7046 gallery-columns-3 gallery-size-thumbnail'><dl class='gallery-item'>\n\t\t\t<dt class='gallery-icon landscape'>\n\t\t\t\t<a href='http:\/\/www.portaldelolleria.es\/wp-content\/uploads\/2014\/09\/findefiesta.jpg'><img width=\"150\" height=\"150\" src=\"http:\/\/www.portaldelolleria.es\/wp-content\/uploads\/2014\/09\/findefiesta-150x150.jpg\" class=\"attachment-thumbnail size-thumbnail\" alt=\"\" loading=\"lazy\" \/><\/a>\n\t\t\t<\/dt><\/dl><dl class='gallery-item'>\n\t\t\t<dt class='gallery-icon landscape'>\n\t\t\t\t<a href='http:\/\/www.portaldelolleria.es\/wp-content\/uploads\/2014\/09\/lolleria_festes01.jpg'><img width=\"150\" height=\"150\" src=\"http:\/\/www.portaldelolleria.es\/wp-content\/uploads\/2014\/09\/lolleria_festes01-150x150.jpg\" class=\"attachment-thumbnail size-thumbnail\" alt=\"\" loading=\"lazy\" \/><\/a>\n\t\t\t<\/dt><\/dl><dl class='gallery-item'>\n\t\t\t<dt class='gallery-icon landscape'>\n\t\t\t\t<a href='http:\/\/www.portaldelolleria.es\/wp-content\/uploads\/2014\/09\/lolleria_festes02.jpg'><img width=\"150\" height=\"150\" src=\"http:\/\/www.portaldelolleria.es\/wp-content\/uploads\/2014\/09\/lolleria_festes02-150x150.jpg\" class=\"attachment-thumbnail size-thumbnail\" alt=\"\" loading=\"lazy\" \/><\/a>\n\t\t\t<\/dt><\/dl><br style=\"clear: both\" \/><dl class='gallery-item'>\n\t\t\t<dt class='gallery-icon landscape'>\n\t\t\t\t<a href='http:\/\/www.portaldelolleria.es\/wp-content\/uploads\/2014\/09\/lolleria_festes03.jpg'><img width=\"150\" height=\"150\" src=\"http:\/\/www.portaldelolleria.es\/wp-content\/uploads\/2014\/09\/lolleria_festes03-150x150.jpg\" class=\"attachment-thumbnail size-thumbnail\" alt=\"\" loading=\"lazy\" \/><\/a>\n\t\t\t<\/dt><\/dl><dl class='gallery-item'>\n\t\t\t<dt class='gallery-icon landscape'>\n\t\t\t\t<a href='http:\/\/www.portaldelolleria.es\/wp-content\/uploads\/2014\/09\/lolleria_festes04.jpg'><img width=\"150\" height=\"150\" src=\"http:\/\/www.portaldelolleria.es\/wp-content\/uploads\/2014\/09\/lolleria_festes04-150x150.jpg\" class=\"attachment-thumbnail size-thumbnail\" alt=\"\" loading=\"lazy\" \/><\/a>\n\t\t\t<\/dt><\/dl><dl class='gallery-item'>\n\t\t\t<dt class='gallery-icon landscape'>\n\t\t\t\t<a href='http:\/\/www.portaldelolleria.es\/wp-content\/uploads\/2014\/09\/lolleria_festes05.jpg'><img width=\"150\" height=\"150\" src=\"http:\/\/www.portaldelolleria.es\/wp-content\/uploads\/2014\/09\/lolleria_festes05-150x150.jpg\" class=\"attachment-thumbnail size-thumbnail\" alt=\"\" loading=\"lazy\" \/><\/a>\n\t\t\t<\/dt><\/dl><br style=\"clear: both\" \/><dl class='gallery-item'>\n\t\t\t<dt class='gallery-icon landscape'>\n\t\t\t\t<a href='http:\/\/www.portaldelolleria.es\/wp-content\/uploads\/2014\/09\/lolleria_festes06.jpg'><img width=\"150\" height=\"150\" src=\"http:\/\/www.portaldelolleria.es\/wp-content\/uploads\/2014\/09\/lolleria_festes06-150x150.jpg\" class=\"attachment-thumbnail size-thumbnail\" alt=\"\" loading=\"lazy\" \/><\/a>\n\t\t\t<\/dt><\/dl><dl class='gallery-item'>\n\t\t\t<dt class='gallery-icon landscape'>\n\t\t\t\t<a href='http:\/\/www.portaldelolleria.es\/wp-content\/uploads\/2014\/09\/lolleria_festes07.jpg'><img width=\"150\" height=\"150\" src=\"http:\/\/www.portaldelolleria.es\/wp-content\/uploads\/2014\/09\/lolleria_festes07-150x150.jpg\" class=\"attachment-thumbnail size-thumbnail\" alt=\"\" loading=\"lazy\" \/><\/a>\n\t\t\t<\/dt><\/dl><dl class='gallery-item'>\n\t\t\t<dt class='gallery-icon landscape'>\n\t\t\t\t<a href='http:\/\/www.portaldelolleria.es\/wp-content\/uploads\/2014\/09\/lolleria_festes08.jpg'><img width=\"150\" height=\"150\" src=\"http:\/\/www.portaldelolleria.es\/wp-content\/uploads\/2014\/09\/lolleria_festes08-150x150.jpg\" class=\"attachment-thumbnail size-thumbnail\" alt=\"\" loading=\"lazy\" \/><\/a>\n\t\t\t<\/dt><\/dl><br style=\"clear: both\" \/><dl class='gallery-item'>\n\t\t\t<dt class='gallery-icon landscape'>\n\t\t\t\t<a href='http:\/\/www.portaldelolleria.es\/wp-content\/uploads\/2014\/09\/lolleria_festes09.jpg'><img width=\"150\" height=\"150\" src=\"http:\/\/www.portaldelolleria.es\/wp-content\/uploads\/2014\/09\/lolleria_festes09-150x150.jpg\" class=\"attachment-thumbnail size-thumbnail\" alt=\"\" loading=\"lazy\" \/><\/a>\n\t\t\t<\/dt><\/dl><dl class='gallery-item'>\n\t\t\t<dt class='gallery-icon landscape'>\n\t\t\t\t<a href='http:\/\/www.portaldelolleria.es\/wp-content\/uploads\/2014\/09\/lolleria_festes10.jpg'><img width=\"150\" height=\"150\" src=\"http:\/\/www.portaldelolleria.es\/wp-content\/uploads\/2014\/09\/lolleria_festes10-150x150.jpg\" class=\"attachment-thumbnail size-thumbnail\" alt=\"\" loading=\"lazy\" \/><\/a>\n\t\t\t<\/dt><\/dl><dl class='gallery-item'>\n\t\t\t<dt class='gallery-icon landscape'>\n\t\t\t\t<a href='http:\/\/www.portaldelolleria.es\/wp-content\/uploads\/2014\/09\/lolleria_festes11.jpg'><img width=\"150\" height=\"150\" src=\"http:\/\/www.portaldelolleria.es\/wp-content\/uploads\/2014\/09\/lolleria_festes11-150x150.jpg\" class=\"attachment-thumbnail size-thumbnail\" alt=\"\" loading=\"lazy\" \/><\/a>\n\t\t\t<\/dt><\/dl><br style=\"clear: both\" \/><dl class='gallery-item'>\n\t\t\t<dt class='gallery-icon landscape'>\n\t\t\t\t<a href='http:\/\/www.portaldelolleria.es\/wp-content\/uploads\/2014\/09\/lolleria_festes12.jpg'><img width=\"150\" height=\"150\" src=\"http:\/\/www.portaldelolleria.es\/wp-content\/uploads\/2014\/09\/lolleria_festes12-150x150.jpg\" class=\"attachment-thumbnail size-thumbnail\" alt=\"\" loading=\"lazy\" \/><\/a>\n\t\t\t<\/dt><\/dl><dl class='gallery-item'>\n\t\t\t<dt class='gallery-icon landscape'>\n\t\t\t\t<a href='http:\/\/www.portaldelolleria.es\/wp-content\/uploads\/2014\/09\/lolleria_festes13.jpg'><img width=\"150\" height=\"150\" src=\"http:\/\/www.portaldelolleria.es\/wp-content\/uploads\/2014\/09\/lolleria_festes13-150x150.jpg\" class=\"attachment-thumbnail size-thumbnail\" alt=\"\" loading=\"lazy\" \/><\/a>\n\t\t\t<\/dt><\/dl><dl class='gallery-item'>\n\t\t\t<dt class='gallery-icon landscape'>\n\t\t\t\t<a href='http:\/\/www.portaldelolleria.es\/wp-content\/uploads\/2014\/09\/lolleria_festes14.jpg'><img width=\"150\" height=\"150\" src=\"http:\/\/www.portaldelolleria.es\/wp-content\/uploads\/2014\/09\/lolleria_festes14-150x150.jpg\" class=\"attachment-thumbnail size-thumbnail\" alt=\"\" loading=\"lazy\" \/><\/a>\n\t\t\t<\/dt><\/dl><br style=\"clear: both\" \/><dl class='gallery-item'>\n\t\t\t<dt class='gallery-icon landscape'>\n\t\t\t\t<a href='http:\/\/www.portaldelolleria.es\/wp-content\/uploads\/2014\/09\/lolleria_festes15.jpg'><img width=\"150\" height=\"150\" src=\"http:\/\/www.portaldelolleria.es\/wp-content\/uploads\/2014\/09\/lolleria_festes15-150x150.jpg\" class=\"attachment-thumbnail size-thumbnail\" alt=\"\" loading=\"lazy\" \/><\/a>\n\t\t\t<\/dt><\/dl><dl class='gallery-item'>\n\t\t\t<dt class='gallery-icon landscape'>\n\t\t\t\t<a href='http:\/\/www.portaldelolleria.es\/wp-content\/uploads\/2014\/09\/lolleria_festes16.jpg'><img width=\"150\" height=\"150\" src=\"http:\/\/www.portaldelolleria.es\/wp-content\/uploads\/2014\/09\/lolleria_festes16-150x150.jpg\" class=\"attachment-thumbnail size-thumbnail\" alt=\"\" loading=\"lazy\" \/><\/a>\n\t\t\t<\/dt><\/dl><dl class='gallery-item'>\n\t\t\t<dt class='gallery-icon landscape'>\n\t\t\t\t<a href='http:\/\/www.portaldelolleria.es\/wp-content\/uploads\/2014\/09\/lolleria_festes17.jpg'><img width=\"150\" height=\"150\" src=\"http:\/\/www.portaldelolleria.es\/wp-content\/uploads\/2014\/09\/lolleria_festes17-150x150.jpg\" class=\"attachment-thumbnail size-thumbnail\" alt=\"\" loading=\"lazy\" \/><\/a>\n\t\t\t<\/dt><\/dl><br style=\"clear: both\" \/><dl class='gallery-item'>\n\t\t\t<dt class='gallery-icon landscape'>\n\t\t\t\t<a href='http:\/\/www.portaldelolleria.es\/wp-content\/uploads\/2014\/09\/lolleria_festes18.jpg'><img width=\"150\" height=\"150\" src=\"http:\/\/www.portaldelolleria.es\/wp-content\/uploads\/2014\/09\/lolleria_festes18-150x150.jpg\" class=\"attachment-thumbnail size-thumbnail\" alt=\"\" loading=\"lazy\" \/><\/a>\n\t\t\t<\/dt><\/dl><dl class='gallery-item'>\n\t\t\t<dt class='gallery-icon landscape'>\n\t\t\t\t<a href='http:\/\/www.portaldelolleria.es\/wp-content\/uploads\/2014\/09\/lolleria_festes19.jpg'><img width=\"150\" height=\"150\" src=\"http:\/\/www.portaldelolleria.es\/wp-content\/uploads\/2014\/09\/lolleria_festes19-150x150.jpg\" class=\"attachment-thumbnail size-thumbnail\" alt=\"\" loading=\"lazy\" \/><\/a>\n\t\t\t<\/dt><\/dl><dl class='gallery-item'>\n\t\t\t<dt class='gallery-icon landscape'>\n\t\t\t\t<a href='http:\/\/www.portaldelolleria.es\/wp-content\/uploads\/2014\/09\/lolleria_festes20.jpg'><img width=\"150\" height=\"150\" src=\"http:\/\/www.portaldelolleria.es\/wp-content\/uploads\/2014\/09\/lolleria_festes20-150x150.jpg\" class=\"attachment-thumbnail size-thumbnail\" alt=\"\" loading=\"lazy\" \/><\/a>\n\t\t\t<\/dt><\/dl><br style=\"clear: both\" \/><dl class='gallery-item'>\n\t\t\t<dt class='gallery-icon landscape'>\n\t\t\t\t<a href='http:\/\/www.portaldelolleria.es\/wp-content\/uploads\/2014\/09\/lolleria_festes21.jpg'><img width=\"150\" height=\"150\" src=\"http:\/\/www.portaldelolleria.es\/wp-content\/uploads\/2014\/09\/lolleria_festes21-150x150.jpg\" class=\"attachment-thumbnail size-thumbnail\" alt=\"\" loading=\"lazy\" \/><\/a>\n\t\t\t<\/dt><\/dl><dl class='gallery-item'>\n\t\t\t<dt class='gallery-icon landscape'>\n\t\t\t\t<a href='http:\/\/www.portaldelolleria.es\/wp-content\/uploads\/2014\/09\/lolleria_festes22.jpg'><img width=\"150\" height=\"150\" src=\"http:\/\/www.portaldelolleria.es\/wp-content\/uploads\/2014\/09\/lolleria_festes22-150x150.jpg\" class=\"attachment-thumbnail size-thumbnail\" alt=\"\" loading=\"lazy\" \/><\/a>\n\t\t\t<\/dt><\/dl><dl class='gallery-item'>\n\t\t\t<dt class='gallery-icon landscape'>\n\t\t\t\t<a href='http:\/\/www.portaldelolleria.es\/wp-content\/uploads\/2014\/09\/lolleria_festes23.jpg'><img width=\"150\" height=\"150\" src=\"http:\/\/www.portaldelolleria.es\/wp-content\/uploads\/2014\/09\/lolleria_festes23-150x150.jpg\" class=\"attachment-thumbnail size-thumbnail\" alt=\"\" loading=\"lazy\" \/><\/a>\n\t\t\t<\/dt><\/dl><br style=\"clear: both\" \/><dl class='gallery-item'>\n\t\t\t<dt class='gallery-icon landscape'>\n\t\t\t\t<a href='http:\/\/www.portaldelolleria.es\/wp-content\/uploads\/2014\/09\/lolleria_festes24.jpg'><img width=\"150\" height=\"150\" src=\"http:\/\/www.portaldelolleria.es\/wp-content\/uploads\/2014\/09\/lolleria_festes24-150x150.jpg\" class=\"attachment-thumbnail size-thumbnail\" alt=\"\" loading=\"lazy\" \/><\/a>\n\t\t\t<\/dt><\/dl><dl class='gallery-item'>\n\t\t\t<dt class='gallery-icon landscape'>\n\t\t\t\t<a href='http:\/\/www.portaldelolleria.es\/wp-content\/uploads\/2014\/09\/lolleria_festes25.jpg'><img width=\"150\" height=\"150\" src=\"http:\/\/www.portaldelolleria.es\/wp-content\/uploads\/2014\/09\/lolleria_festes25-150x150.jpg\" class=\"attachment-thumbnail size-thumbnail\" alt=\"\" loading=\"lazy\" \/><\/a>\n\t\t\t<\/dt><\/dl><dl class='gallery-item'>\n\t\t\t<dt class='gallery-icon landscape'>\n\t\t\t\t<a href='http:\/\/www.portaldelolleria.es\/wp-content\/uploads\/2014\/09\/lolleria_festes26.jpg'><img width=\"150\" height=\"150\" src=\"http:\/\/www.portaldelolleria.es\/wp-content\/uploads\/2014\/09\/lolleria_festes26-150x150.jpg\" class=\"attachment-thumbnail size-thumbnail\" alt=\"\" loading=\"lazy\" \/><\/a>\n\t\t\t<\/dt><\/dl><br style=\"clear: both\" \/><dl class='gallery-item'>\n\t\t\t<dt class='gallery-icon landscape'>\n\t\t\t\t<a href='http:\/\/www.portaldelolleria.es\/wp-content\/uploads\/2014\/09\/lolleria_festes27.jpg'><img width=\"150\" height=\"150\" src=\"http:\/\/www.portaldelolleria.es\/wp-content\/uploads\/2014\/09\/lolleria_festes27-150x150.jpg\" class=\"attachment-thumbnail size-thumbnail\" alt=\"\" loading=\"lazy\" \/><\/a>\n\t\t\t<\/dt><\/dl><dl class='gallery-item'>\n\t\t\t<dt class='gallery-icon landscape'>\n\t\t\t\t<a href='http:\/\/www.portaldelolleria.es\/wp-content\/uploads\/2014\/09\/lolleria_festes28.jpg'><img width=\"150\" height=\"150\" src=\"http:\/\/www.portaldelolleria.es\/wp-content\/uploads\/2014\/09\/lolleria_festes28-150x150.jpg\" class=\"attachment-thumbnail size-thumbnail\" alt=\"\" loading=\"lazy\" \/><\/a>\n\t\t\t<\/dt><\/dl><dl class='gallery-item'>\n\t\t\t<dt class='gallery-icon landscape'>\n\t\t\t\t<a href='http:\/\/www.portaldelolleria.es\/wp-content\/uploads\/2014\/09\/lolleria_festes29.jpg'><img width=\"150\" height=\"150\" src=\"http:\/\/www.portaldelolleria.es\/wp-content\/uploads\/2014\/09\/lolleria_festes29-150x150.jpg\" class=\"attachment-thumbnail size-thumbnail\" alt=\"\" loading=\"lazy\" \/><\/a>\n\t\t\t<\/dt><\/dl><br style=\"clear: both\" \/><dl class='gallery-item'>\n\t\t\t<dt class='gallery-icon landscape'>\n\t\t\t\t<a href='http:\/\/www.portaldelolleria.es\/wp-content\/uploads\/2014\/09\/lolleria_festes30.jpg'><img width=\"150\" height=\"150\" src=\"http:\/\/www.portaldelolleria.es\/wp-content\/uploads\/2014\/09\/lolleria_festes30-150x150.jpg\" class=\"attachment-thumbnail size-thumbnail\" alt=\"\" loading=\"lazy\" \/><\/a>\n\t\t\t<\/dt><\/dl><dl class='gallery-item'>\n\t\t\t<dt class='gallery-icon landscape'>\n\t\t\t\t<a href='http:\/\/www.portaldelolleria.es\/wp-content\/uploads\/2014\/09\/lolleria_festes31.jpg'><img width=\"150\" height=\"150\" src=\"http:\/\/www.portaldelolleria.es\/wp-content\/uploads\/2014\/09\/lolleria_festes31-150x150.jpg\" class=\"attachment-thumbnail size-thumbnail\" alt=\"\" loading=\"lazy\" \/><\/a>\n\t\t\t<\/dt><\/dl>\n\t\t\t<br style='clear: both' \/>\n\t\t<\/div>\n\n<p><iframe loading=\"lazy\" src=\"\/\/www.youtube.com\/embed\/GyOvslvqzpY\" frameborder=\"0\" width=\"717\" height=\"403\"><\/iframe><\/p>\n","protected":false},"excerpt":{"rendered":"<p>&nbsp; Con las embajadas y la procesi\u00f3n general, llenando las calles del municipio, L\u2019Olleria pon\u00eda fin a a sus fiestas patronales y de Moros y Cristianos, 2014. Estas fiestas, multitudinarias desde el principio,\u00a0 cont\u00f3 con la presencia y participaci\u00f3n de la Consellera de Bienestar Social,\u00a0 Asunci\u00f3n Sanchez Zaplana,\u00a0 la cual particip\u00f3 tanto en la ofrenda [&hellip;]<\/p>\n","protected":false},"author":1,"featured_media":0,"comment_status":"closed","ping_status":"open","sticky":false,"template":"","format":"standard","meta":{"_monsterinsights_skip_tracking":false,"_monsterinsights_sitenote_active":false,"_monsterinsights_sitenote_note":"","_monsterinsights_sitenote_category":0},"categories":[17,12],"tags":[810,1141,318,20,1142],"_links":{"self":[{"href":"http:\/\/www.portaldelolleria.es\/index.php?rest_route=\/wp\/v2\/posts\/7046"}],"collection":[{"href":"http:\/\/www.portaldelolleria.es\/index.php?rest_route=\/wp\/v2\/posts"}],"about":[{"href":"http:\/\/www.portaldelolleria.es\/index.php?rest_route=\/wp\/v2\/types\/post"}],"author":[{"embeddable":true,"href":"http:\/\/www.portaldelolleria.es\/index.php?rest_route=\/wp\/v2\/users\/1"}],"replies":[{"embeddable":true,"href":"http:\/\/www.portaldelolleria.es\/index.php?rest_route=%2Fwp%2Fv2%2Fcomments&post=7046"}],"version-history":[{"count":1,"href":"http:\/\/www.portaldelolleria.es\/index.php?rest_route=\/wp\/v2\/posts\/7046\/revisions"}],"predecessor-version":[{"id":7079,"href":"http:\/\/www.portaldelolleria.es\/index.php?rest_route=\/wp\/v2\/posts\/7046\/revisions\/7079"}],"wp:attachment":[{"href":"http:\/\/www.portaldelolleria.es\/index.php?rest_route=%2Fwp%2Fv2%2Fmedia&parent=7046"}],"wp:term":[{"taxonomy":"category","embeddable":true,"href":"http:\/\/www.portaldelolleria.es\/index.php?rest_route=%2Fwp%2Fv2%2Fcategories&post=7046"},{"taxonomy":"post_tag","embeddable":true,"href":"http:\/\/www.portaldelolleria.es\/index.php?rest_route=%2Fwp%2Fv2%2Ftags&post=7046"}],"curies":[{"name":"wp","href":"https:\/\/api.w.org\/{rel}","templated":true}]}}