{"id":7092,"date":"2014-09-08T12:35:37","date_gmt":"2014-09-08T10:35:37","guid":{"rendered":"http:\/\/www.portaldelolleria.es\/?p=7092"},"modified":"2014-09-08T12:35:37","modified_gmt":"2014-09-08T10:35:37","slug":"xxxvii-festa-de-les-danses-de-la-vall-dalbaida-en-lolleria","status":"publish","type":"post","link":"http:\/\/www.portaldelolleria.es\/?p=7092","title":{"rendered":"XXXVII Festa de les Danses de la Vall d&#8217;Albaida en l&#8217;Olleria"},"content":{"rendered":"<p><a href=\"http:\/\/www.portaldelolleria.es\/wp-content\/uploads\/2014\/09\/danzas.jpg\"><img loading=\"lazy\" class=\"aligncenter size-full wp-image-7094\" title=\"danzas\" src=\"http:\/\/www.portaldelolleria.es\/wp-content\/uploads\/2014\/09\/danzas.jpg\" alt=\"\" width=\"598\" height=\"398\" srcset=\"http:\/\/www.portaldelolleria.es\/wp-content\/uploads\/2014\/09\/danzas.jpg 598w, http:\/\/www.portaldelolleria.es\/wp-content\/uploads\/2014\/09\/danzas-300x199.jpg 300w\" sizes=\"(max-width: 598px) 100vw, 598px\" \/><\/a><\/p>\n<p>El s\u00e1bado d\u00eda 13, tendr\u00e1 lugar,\u00a0 la presentaci\u00f3n de libro del Grupo de Danzas \u00abEl Revol\u00bb en la Casa Santonja-Palau dels Marau.\u00a0\u00a0 Acto seguido se inaugurar\u00e1 la exposici\u00f3n de\u00a0 Indumentaria: contrastes en el tiempo y piezas cedidas por el Museo Etnol\u00f3gico de Valencia.<\/p>\n<p>la exposici\u00f3n podr\u00e1 ser visitada de miercoles a viernes de 19:00 a 21:00h, el s\u00e1bado 20 de 17:00 a 21:00h y el domingo 21 de 12:00 a 14:00h.<\/p>\n<p>&nbsp;<\/p>\n<p><strong>El s\u00e1bado, d\u00eda 20 de septiembre se celebrar\u00e1 en l&#8217;Olleria,\u00a0 la XXXVII edici\u00f3n de la\u00a0 Festa de les Danses de la Vall d&#8217;Albaida .<\/strong><\/p>\n<p>Los actos de esta romeria, empezar\u00e1n a las 17:30 h desde la plaza del Ravalet hasta la plaza de Loreto.\u00a0 acompa\u00f1ados por el Grup de Dol\u00e7ainers La Morralla de l&#8217;Olleria.<\/p>\n<p>Ya en la plaza de Loreto se producir\u00e1 el encuentro de los grupos de danzas participantes,\u00a0 que iniciar\u00e1n un recorrido por las calles Virgen del Remedio, San Jos\u00e9, San Francisco, y finalmente plaza del Ravalet.\u00a0 Donde de forma conjunta se bailar\u00e1 la jota de l&#8217;Olleria.<\/p>\n<p>A partir de las 21:30,\u00a0 Cena de hermanamiento en la Casa Santonja,\u00a0\u00a0 El grupo Rascanya, amenizar\u00e1 la velada.<\/p>\n<p>Participar\u00e1n en el evento, 16 formaciones por orden de participaci\u00f3n ser\u00e1n:\u00a0 Bell\u00fas, Alfarras\u00ed, Castell\u00f3 de Rugat, Bocairent, El Palomar, Benig\u00e1nim, Albaida, Ontinyent, Fontanars dels Alforins, Agullent, Montaverner, La Pobla del Duc, Quatretonda, B\u00e8lgida, Agres (grupo invitado) y L&#8217;Olleria.<\/p>\n<p><a href=\"http:\/\/www.portaldelolleria.es\/pdfs\/danses.pdf\" target=\"_blank\">Descarga plano y programa aqui<\/a><\/p>\n<p>&nbsp;<\/p>\n<p><a href=\"http:\/\/www.portaldelolleria.es\/wp-content\/uploads\/2014\/09\/aplec-danses-lolleria.jpg\"><img loading=\"lazy\" class=\"aligncenter size-full wp-image-7093\" title=\"cartell-aplec-lolleria\" src=\"http:\/\/www.portaldelolleria.es\/wp-content\/uploads\/2014\/09\/aplec-danses-lolleria.jpg\" alt=\"\" width=\"598\" height=\"846\" srcset=\"http:\/\/www.portaldelolleria.es\/wp-content\/uploads\/2014\/09\/aplec-danses-lolleria.jpg 598w, http:\/\/www.portaldelolleria.es\/wp-content\/uploads\/2014\/09\/aplec-danses-lolleria-212x300.jpg 212w\" sizes=\"(max-width: 598px) 100vw, 598px\" \/><\/a><\/p>\n","protected":false},"excerpt":{"rendered":"<p>El s\u00e1bado d\u00eda 13, tendr\u00e1 lugar,\u00a0 la presentaci\u00f3n de libro del Grupo de Danzas \u00abEl Revol\u00bb en la Casa Santonja-Palau dels Marau.\u00a0\u00a0 Acto seguido se inaugurar\u00e1 la exposici\u00f3n de\u00a0 Indumentaria: contrastes en el tiempo y piezas cedidas por el Museo Etnol\u00f3gico de Valencia. la exposici\u00f3n podr\u00e1 ser visitada de miercoles a viernes de 19:00 a [&hellip;]<\/p>\n","protected":false},"author":1,"featured_media":0,"comment_status":"closed","ping_status":"open","sticky":false,"template":"","format":"standard","meta":{"_monsterinsights_skip_tracking":false,"_monsterinsights_sitenote_active":false,"_monsterinsights_sitenote_note":"","_monsterinsights_sitenote_category":0},"categories":[16,12],"tags":[1144,1143,627,268,20,1094,209],"_links":{"self":[{"href":"http:\/\/www.portaldelolleria.es\/index.php?rest_route=\/wp\/v2\/posts\/7092"}],"collection":[{"href":"http:\/\/www.portaldelolleria.es\/index.php?rest_route=\/wp\/v2\/posts"}],"about":[{"href":"http:\/\/www.portaldelolleria.es\/index.php?rest_route=\/wp\/v2\/types\/post"}],"author":[{"embeddable":true,"href":"http:\/\/www.portaldelolleria.es\/index.php?rest_route=\/wp\/v2\/users\/1"}],"replies":[{"embeddable":true,"href":"http:\/\/www.portaldelolleria.es\/index.php?rest_route=%2Fwp%2Fv2%2Fcomments&post=7092"}],"version-history":[{"count":1,"href":"http:\/\/www.portaldelolleria.es\/index.php?rest_route=\/wp\/v2\/posts\/7092\/revisions"}],"predecessor-version":[{"id":7095,"href":"http:\/\/www.portaldelolleria.es\/index.php?rest_route=\/wp\/v2\/posts\/7092\/revisions\/7095"}],"wp:attachment":[{"href":"http:\/\/www.portaldelolleria.es\/index.php?rest_route=%2Fwp%2Fv2%2Fmedia&parent=7092"}],"wp:term":[{"taxonomy":"category","embeddable":true,"href":"http:\/\/www.portaldelolleria.es\/index.php?rest_route=%2Fwp%2Fv2%2Fcategories&post=7092"},{"taxonomy":"post_tag","embeddable":true,"href":"http:\/\/www.portaldelolleria.es\/index.php?rest_route=%2Fwp%2Fv2%2Ftags&post=7092"}],"curies":[{"name":"wp","href":"https:\/\/api.w.org\/{rel}","templated":true}]}}