{"id":7118,"date":"2014-09-15T20:14:38","date_gmt":"2014-09-15T18:14:38","guid":{"rendered":"http:\/\/www.portaldelolleria.es\/?p=7118"},"modified":"2014-09-15T20:14:38","modified_gmt":"2014-09-15T18:14:38","slug":"grupo-de-danzas-el-revol-presenta-su-libro-en-una-casa-santonja","status":"publish","type":"post","link":"http:\/\/www.portaldelolleria.es\/?p=7118","title":{"rendered":"Grupo de Danzas El Revol, presenta su libro en una Casa Santonja"},"content":{"rendered":"<p><a href=\"http:\/\/www.portaldelolleria.es\/wp-content\/uploads\/2014\/09\/revol.jpg\"><img loading=\"lazy\" class=\"aligncenter size-full wp-image-7120\" title=\"revol\" src=\"http:\/\/www.portaldelolleria.es\/wp-content\/uploads\/2014\/09\/revol.jpg\" alt=\"\" width=\"598\" height=\"398\" srcset=\"http:\/\/www.portaldelolleria.es\/wp-content\/uploads\/2014\/09\/revol.jpg 598w, http:\/\/www.portaldelolleria.es\/wp-content\/uploads\/2014\/09\/revol-300x199.jpg 300w\" sizes=\"(max-width: 598px) 100vw, 598px\" \/><\/a><\/p>\n<p>&nbsp;<\/p>\n<p>El pasado s\u00e1bado, se celebr\u00f3 en la Planta Baja de la Casa Santonja &#8211; Palau dels Marau, la presentaci\u00f3n del libro del Grupo de Danzas &#8216;El Revol&#8217;.\u00a0 El acto que sobrepas\u00f3 las expectativas de aforo, permiti\u00f3 dar a conocer un libro, que reune adem\u00e1s de la historia del Grupo, un repaso por la danza valenciana y costumbres y recuerdos de l&#8217;Olleria.\u00a0 Todo un ejemplar de colecci\u00f3n, que recopila nuestro entorno y costumbres.<\/p>\n<p>Tras la breve presentaci\u00f3n se inagur\u00f3\u00a0 la exposici\u00f3n de\u00a0 Indumentaria: contrastes en el tiempo y piezas cedidas por el Museo Etnol\u00f3gico de Valencia.<\/p>\n<p>la exposici\u00f3n podr\u00e1 ser visitada de miercoles a viernes de 19:00 a 21:00h, el s\u00e1bado 20 de 17:00 a 21:00h y el domingo 21 de 12:00 a 14:00h.<\/p>\n<p><a href=\"http:\/\/www.portaldelolleria.es\/wp-content\/uploads\/2014\/09\/revol2.jpg\"><img loading=\"lazy\" class=\"aligncenter size-full wp-image-7119\" title=\"revol2\" src=\"http:\/\/www.portaldelolleria.es\/wp-content\/uploads\/2014\/09\/revol2.jpg\" alt=\"\" width=\"598\" height=\"398\" srcset=\"http:\/\/www.portaldelolleria.es\/wp-content\/uploads\/2014\/09\/revol2.jpg 598w, http:\/\/www.portaldelolleria.es\/wp-content\/uploads\/2014\/09\/revol2-300x199.jpg 300w\" sizes=\"(max-width: 598px) 100vw, 598px\" \/><\/a><\/p>\n<p><strong>El s\u00e1bado, d\u00eda 20 de septiembre se celebrar\u00e1 en l\u2019Olleria,\u00a0 la XXXVII edici\u00f3n de la\u00a0 Festa de les Danses de la Vall d\u2019Albaida .<\/strong><\/p>\n<p>Los actos de esta romeria, empezar\u00e1n a las 17:30 h desde la plaza del Ravalet hasta la plaza de Loreto.\u00a0 acompa\u00f1ados por el Grup de Dol\u00e7ainers La Morralla de l\u2019Olleria.<\/p>\n<p>Ya en la plaza de Loreto se producir\u00e1 el encuentro de los grupos de danzas participantes,\u00a0 que iniciar\u00e1n un recorrido por las calles Virgen del Remedio, San Jos\u00e9, San Francisco, y finalmente plaza del Ravalet.\u00a0 Donde de forma conjunta se bailar\u00e1 la jota de l\u2019Olleria.<\/p>\n<p>A partir de las 21:30,\u00a0 Cena de hermanamiento en la Casa Santonja,\u00a0\u00a0 El grupo Rascanya, amenizar\u00e1 la velada.<\/p>\n<p>Participar\u00e1n en el evento, 16 formaciones por orden de participaci\u00f3n ser\u00e1n:\u00a0 Bell\u00fas, Alfarras\u00ed, Castell\u00f3 de Rugat, Bocairent, El Palomar, Benig\u00e1nim, Albaida, Ontinyent, Fontanars dels Alforins, Agullent, Montaverner, La Pobla del Duc, Quatretonda, B\u00e8lgida, Agres (grupo invitado) y L\u2019Olleria.<\/p>\n<p>&nbsp;<\/p>\n","protected":false},"excerpt":{"rendered":"<p>&nbsp; El pasado s\u00e1bado, se celebr\u00f3 en la Planta Baja de la Casa Santonja &#8211; Palau dels Marau, la presentaci\u00f3n del libro del Grupo de Danzas &#8216;El Revol&#8217;.\u00a0 El acto que sobrepas\u00f3 las expectativas de aforo, permiti\u00f3 dar a conocer un libro, que reune adem\u00e1s de la historia del Grupo, un repaso por la danza [&hellip;]<\/p>\n","protected":false},"author":1,"featured_media":0,"comment_status":"closed","ping_status":"open","sticky":false,"template":"","format":"standard","meta":{"_monsterinsights_skip_tracking":false,"_monsterinsights_sitenote_active":false,"_monsterinsights_sitenote_note":"","_monsterinsights_sitenote_category":0},"categories":[16,12],"tags":[1146,20,564,42,1145],"_links":{"self":[{"href":"http:\/\/www.portaldelolleria.es\/index.php?rest_route=\/wp\/v2\/posts\/7118"}],"collection":[{"href":"http:\/\/www.portaldelolleria.es\/index.php?rest_route=\/wp\/v2\/posts"}],"about":[{"href":"http:\/\/www.portaldelolleria.es\/index.php?rest_route=\/wp\/v2\/types\/post"}],"author":[{"embeddable":true,"href":"http:\/\/www.portaldelolleria.es\/index.php?rest_route=\/wp\/v2\/users\/1"}],"replies":[{"embeddable":true,"href":"http:\/\/www.portaldelolleria.es\/index.php?rest_route=%2Fwp%2Fv2%2Fcomments&post=7118"}],"version-history":[{"count":1,"href":"http:\/\/www.portaldelolleria.es\/index.php?rest_route=\/wp\/v2\/posts\/7118\/revisions"}],"predecessor-version":[{"id":7121,"href":"http:\/\/www.portaldelolleria.es\/index.php?rest_route=\/wp\/v2\/posts\/7118\/revisions\/7121"}],"wp:attachment":[{"href":"http:\/\/www.portaldelolleria.es\/index.php?rest_route=%2Fwp%2Fv2%2Fmedia&parent=7118"}],"wp:term":[{"taxonomy":"category","embeddable":true,"href":"http:\/\/www.portaldelolleria.es\/index.php?rest_route=%2Fwp%2Fv2%2Fcategories&post=7118"},{"taxonomy":"post_tag","embeddable":true,"href":"http:\/\/www.portaldelolleria.es\/index.php?rest_route=%2Fwp%2Fv2%2Ftags&post=7118"}],"curies":[{"name":"wp","href":"https:\/\/api.w.org\/{rel}","templated":true}]}}