{"id":7141,"date":"2014-09-20T06:59:58","date_gmt":"2014-09-20T04:59:58","guid":{"rendered":"http:\/\/www.portaldelolleria.es\/?p=7141"},"modified":"2014-09-20T11:15:00","modified_gmt":"2014-09-20T09:15:00","slug":"tradicion-y-cultura-protagonistas-el-fin-de-semana-en-lolleria","status":"publish","type":"post","link":"http:\/\/www.portaldelolleria.es\/?p=7141","title":{"rendered":"Tradici\u00f3n y cultura,  protagonistas el fin de semana en l&#8217;Olleria"},"content":{"rendered":"<p><a href=\"http:\/\/www.portaldelolleria.es\/wp-content\/uploads\/2014\/09\/revol3.jpg\"><img loading=\"lazy\" class=\"aligncenter size-full wp-image-7143\" title=\"revol3\" src=\"http:\/\/www.portaldelolleria.es\/wp-content\/uploads\/2014\/09\/revol3.jpg\" alt=\"\" width=\"598\" height=\"398\" srcset=\"http:\/\/www.portaldelolleria.es\/wp-content\/uploads\/2014\/09\/revol3.jpg 598w, http:\/\/www.portaldelolleria.es\/wp-content\/uploads\/2014\/09\/revol3-300x199.jpg 300w\" sizes=\"(max-width: 598px) 100vw, 598px\" \/><\/a><\/p>\n<p>La tradici\u00f3n ser\u00e1 protagonista este fin de semana en l&#8217;Olleria,\u00a0 adem\u00e1s del festival de danzas,\u00a0 ser\u00e1n los dos\u00a0 \u00faltimos d\u00edas para visitar la exposici\u00f3n de indumentaria : \u00abcontrasts en el temps\u00bb donde tambi\u00e9n se podr\u00e1n ver piezas cedidas por el Museo Etnol\u00f3gico de Valencia. la exposici\u00f3n podr\u00e1 ser visitada el s\u00e1bado 20 de 17:00 a 21:00h y el domingo 21 de 12:00 a 14:00h.<\/p>\n<p><a href=\"http:\/\/www.portaldelolleria.es\/wp-content\/uploads\/2014\/09\/magdalena3.jpg\"><img loading=\"lazy\" class=\"aligncenter size-full wp-image-7142\" title=\"magdalena3\" src=\"http:\/\/www.portaldelolleria.es\/wp-content\/uploads\/2014\/09\/magdalena3.jpg\" alt=\"\" width=\"598\" height=\"398\" srcset=\"http:\/\/www.portaldelolleria.es\/wp-content\/uploads\/2014\/09\/magdalena3.jpg 598w, http:\/\/www.portaldelolleria.es\/wp-content\/uploads\/2014\/09\/magdalena3-300x199.jpg 300w\" sizes=\"(max-width: 598px) 100vw, 598px\" \/><\/a><\/p>\n<p><strong>S\u00e1bado por la tarde, comienza la XXXVII edici\u00f3n de la\u00a0 Festa de les Danses de la Vall d\u2019Albaida .<\/strong><\/p>\n<p>Los actos de este festival, empezar\u00e1n a las 17:30 h desde la plaza del Ravalet hasta la plaza de Loreto.\u00a0 acompa\u00f1ados por el Grup de Dol\u00e7ainers La Morralla de l\u2019Olleria.<\/p>\n<p>Ya en la plaza de Loreto se producir\u00e1 el encuentro de los grupos de danzas participantes,\u00a0 que iniciar\u00e1n un recorrido por las calles Virgen del Remedio, San Jos\u00e9, San Francisco, y finalmente plaza del Ravalet.\u00a0 Donde de forma conjunta se bailar\u00e1 la jota de l\u2019Olleria.<\/p>\n<p>A partir de las 21:30,\u00a0 Cena de hermanamiento en la Casa Santonja,\u00a0\u00a0 El grupo Rascanya, amenizar\u00e1 la velada.<\/p>\n<p>Participar\u00e1n en el evento, 16 formaciones por orden de participaci\u00f3n ser\u00e1n:\u00a0 Bell\u00fas, Alfarras\u00ed, Castell\u00f3 de Rugat, Bocairent, El Palomar, Benig\u00e1nim, Albaida, Ontinyent, Fontanars dels Alforins, Agullent, Montaverner, La Pobla del Duc, Quatretonda, B\u00e8lgida, Agres (grupo invitado) y L\u2019Olleria.<\/p>\n","protected":false},"excerpt":{"rendered":"<p>La tradici\u00f3n ser\u00e1 protagonista este fin de semana en l&#8217;Olleria,\u00a0 adem\u00e1s del festival de danzas,\u00a0 ser\u00e1n los dos\u00a0 \u00faltimos d\u00edas para visitar la exposici\u00f3n de indumentaria : \u00abcontrasts en el temps\u00bb donde tambi\u00e9n se podr\u00e1n ver piezas cedidas por el Museo Etnol\u00f3gico de Valencia. la exposici\u00f3n podr\u00e1 ser visitada el s\u00e1bado 20 de 17:00 a [&hellip;]<\/p>\n","protected":false},"author":1,"featured_media":0,"comment_status":"closed","ping_status":"open","sticky":false,"template":"","format":"standard","meta":{"_monsterinsights_skip_tracking":false,"_monsterinsights_sitenote_active":false,"_monsterinsights_sitenote_note":"","_monsterinsights_sitenote_category":0},"categories":[16,12],"tags":[1146,627,1149,20,209],"_links":{"self":[{"href":"http:\/\/www.portaldelolleria.es\/index.php?rest_route=\/wp\/v2\/posts\/7141"}],"collection":[{"href":"http:\/\/www.portaldelolleria.es\/index.php?rest_route=\/wp\/v2\/posts"}],"about":[{"href":"http:\/\/www.portaldelolleria.es\/index.php?rest_route=\/wp\/v2\/types\/post"}],"author":[{"embeddable":true,"href":"http:\/\/www.portaldelolleria.es\/index.php?rest_route=\/wp\/v2\/users\/1"}],"replies":[{"embeddable":true,"href":"http:\/\/www.portaldelolleria.es\/index.php?rest_route=%2Fwp%2Fv2%2Fcomments&post=7141"}],"version-history":[{"count":2,"href":"http:\/\/www.portaldelolleria.es\/index.php?rest_route=\/wp\/v2\/posts\/7141\/revisions"}],"predecessor-version":[{"id":7145,"href":"http:\/\/www.portaldelolleria.es\/index.php?rest_route=\/wp\/v2\/posts\/7141\/revisions\/7145"}],"wp:attachment":[{"href":"http:\/\/www.portaldelolleria.es\/index.php?rest_route=%2Fwp%2Fv2%2Fmedia&parent=7141"}],"wp:term":[{"taxonomy":"category","embeddable":true,"href":"http:\/\/www.portaldelolleria.es\/index.php?rest_route=%2Fwp%2Fv2%2Fcategories&post=7141"},{"taxonomy":"post_tag","embeddable":true,"href":"http:\/\/www.portaldelolleria.es\/index.php?rest_route=%2Fwp%2Fv2%2Ftags&post=7141"}],"curies":[{"name":"wp","href":"https:\/\/api.w.org\/{rel}","templated":true}]}}