{"id":7146,"date":"2014-09-21T13:02:55","date_gmt":"2014-09-21T11:02:55","guid":{"rendered":"http:\/\/www.portaldelolleria.es\/?p=7146"},"modified":"2014-10-03T14:23:55","modified_gmt":"2014-10-03T12:23:55","slug":"memorable-fiesta-de-danzas-de-la-vall-dalbaida-celebrada-en-lolleria","status":"publish","type":"post","link":"http:\/\/www.portaldelolleria.es\/?p=7146","title":{"rendered":"Memorable fiesta de danzas de la Vall d&#8217;Albaida celebrada en L&#8217;Olleria"},"content":{"rendered":"<p><a href=\"http:\/\/www.portaldelolleria.es\/wp-content\/uploads\/2014\/09\/revol_lolleria-15.jpg\"><img loading=\"lazy\" class=\"aligncenter size-full wp-image-7156\" title=\"revol_lolleria 15\" src=\"http:\/\/www.portaldelolleria.es\/wp-content\/uploads\/2014\/09\/revol_lolleria-15.jpg\" alt=\"\" width=\"598\" height=\"399\" srcset=\"http:\/\/www.portaldelolleria.es\/wp-content\/uploads\/2014\/09\/revol_lolleria-15.jpg 598w, http:\/\/www.portaldelolleria.es\/wp-content\/uploads\/2014\/09\/revol_lolleria-15-300x200.jpg 300w\" sizes=\"(max-width: 598px) 100vw, 598px\" \/><\/a><\/p>\n<p>Este s\u00e1bado se celebr\u00f3 la <strong>XXXVII edici\u00f3n de la\u00a0 Festa de les Danses de la Vall d\u2019Albaida,<\/strong>\u00a0\u00a0 en l&#8217;Olleria.\u00a0 El acto organizado por la Mancomunitat de Municipis de la Vall d&#8217;Albaida, el Ayuntamiento de L&#8217;Olleria y el Grupo de Danzas El Revol,\u00a0 fu\u00e9 tan exitoso como memorable.\u00a0 Participaron en esta edici\u00f3n, 16 formaciones :\u00a0 Bell\u00fas, Alfarras\u00ed, Castell\u00f3 de Rugat, Bocairent, El Palomar, Benig\u00e1nim, Albaida, Ontinyent, Fontanars dels Alforins, Agullent, Montaverner, La Pobla del Duc, Quatretonda, B\u00e8lgida, Agres (grupo invitado) y L\u2019Olleria.<\/p>\n<p>A ritmo de las\u00a0 notas musicales del Grupo \u00abdol\u00e7ainers\u00bb\u00a0 la Morralla de l&#8217;Olleria se realiz\u00f3 el pasacalles desde la plaza del Ravalet hasta la plaza de Loreto, por las calles San Francisco, San Jos\u00e9 y Virgen del Remedio.\u00a0 Ya en la plaza Virgen de Loreto se produjo el encuentro con el resto de grupos participantes, que iniciaron los bailes, en sentido opuesto hacia la plaza del Ravalet,\u00a0 donde de forma conjunta se bail\u00f3 la Jota de L&#8217;Olleria.<\/p>\n<p>Al acto asistieron adem\u00e1s del Sr. Alcalde Jos\u00e9 Vidal y varios miembros del equipo de gobierno,\u00a0\u00a0 el presidente de la Mancomunitat de Municipis de la Vall d&#8217;Albaida,\u00a0 D. <span style=\"color: #000000;\"><span style=\"color: #000000;\">Juan A. Puchades Arce <\/span><\/span>, as\u00ed como numerosos alcaldes y alcaldesas de los municipios participantes. \u00a0 Al finalizar el acto de danzas,\u00a0 se entreg\u00f3 a cada formaci\u00f3n a t\u00edtulo de recuerdo un obsequio t\u00edpico de nuestro pueblo.<\/p>\n<p>Para cerrar esta jornada festiva, se celebr\u00f3 una cena de hermanamiento en el patio de la Casa Santonja &#8211; Palau dels Marau,\u00a0 amenizada por el grupo de m\u00fasica folk\u00a0 Rascanya.<\/p>\n<p><a href=\"http:\/\/www.portaldelolleria.es\/wp-content\/uploads\/2014\/09\/revol_lolleria-16.jpg\"><img loading=\"lazy\" class=\"aligncenter size-full wp-image-7154\" title=\"revol_lolleria 16\" src=\"http:\/\/www.portaldelolleria.es\/wp-content\/uploads\/2014\/09\/revol_lolleria-16.jpg\" alt=\"\" width=\"599\" height=\"399\" srcset=\"http:\/\/www.portaldelolleria.es\/wp-content\/uploads\/2014\/09\/revol_lolleria-16.jpg 717w, http:\/\/www.portaldelolleria.es\/wp-content\/uploads\/2014\/09\/revol_lolleria-16-300x200.jpg 300w\" sizes=\"(max-width: 599px) 100vw, 599px\" \/><\/a><\/p>\n<p><a href=\"http:\/\/www.portaldelolleria.es\/wp-content\/uploads\/2014\/09\/revol_lolleria-14.jpg\"><img loading=\"lazy\" class=\"aligncenter size-full wp-image-7153\" title=\"revol_lolleria 14\" src=\"http:\/\/www.portaldelolleria.es\/wp-content\/uploads\/2014\/09\/revol_lolleria-14.jpg\" alt=\"\" width=\"599\" height=\"399\" srcset=\"http:\/\/www.portaldelolleria.es\/wp-content\/uploads\/2014\/09\/revol_lolleria-14.jpg 717w, http:\/\/www.portaldelolleria.es\/wp-content\/uploads\/2014\/09\/revol_lolleria-14-300x200.jpg 300w\" sizes=\"(max-width: 599px) 100vw, 599px\" \/><\/a><\/p>\n<p><a href=\"http:\/\/www.portaldelolleria.es\/wp-content\/uploads\/2014\/09\/revol_lolleria-13.jpg\"><img loading=\"lazy\" class=\"aligncenter size-full wp-image-7152\" title=\"revol_lolleria 13\" src=\"http:\/\/www.portaldelolleria.es\/wp-content\/uploads\/2014\/09\/revol_lolleria-13.jpg\" alt=\"\" width=\"717\" height=\"478\" srcset=\"http:\/\/www.portaldelolleria.es\/wp-content\/uploads\/2014\/09\/revol_lolleria-13.jpg 717w, http:\/\/www.portaldelolleria.es\/wp-content\/uploads\/2014\/09\/revol_lolleria-13-300x200.jpg 300w\" sizes=\"(max-width: 717px) 100vw, 717px\" \/><\/a><\/p>\n<p><a href=\"http:\/\/www.portaldelolleria.es\/wp-content\/uploads\/2014\/09\/revol_lolleria-12.jpg\"><img loading=\"lazy\" class=\"aligncenter size-full wp-image-7151\" title=\"revol_lolleria 12\" src=\"http:\/\/www.portaldelolleria.es\/wp-content\/uploads\/2014\/09\/revol_lolleria-12.jpg\" alt=\"\" width=\"717\" height=\"478\" srcset=\"http:\/\/www.portaldelolleria.es\/wp-content\/uploads\/2014\/09\/revol_lolleria-12.jpg 717w, http:\/\/www.portaldelolleria.es\/wp-content\/uploads\/2014\/09\/revol_lolleria-12-300x200.jpg 300w\" sizes=\"(max-width: 717px) 100vw, 717px\" \/><\/a><\/p>\n<p><a href=\"http:\/\/www.portaldelolleria.es\/wp-content\/uploads\/2014\/09\/revol_lolleria-8.jpg\"><img loading=\"lazy\" class=\"aligncenter size-full wp-image-7150\" title=\"revol_lolleria 8\" src=\"http:\/\/www.portaldelolleria.es\/wp-content\/uploads\/2014\/09\/revol_lolleria-8.jpg\" alt=\"\" width=\"717\" height=\"478\" srcset=\"http:\/\/www.portaldelolleria.es\/wp-content\/uploads\/2014\/09\/revol_lolleria-8.jpg 717w, http:\/\/www.portaldelolleria.es\/wp-content\/uploads\/2014\/09\/revol_lolleria-8-300x200.jpg 300w\" sizes=\"(max-width: 717px) 100vw, 717px\" \/><\/a><\/p>\n<p><a href=\"http:\/\/www.portaldelolleria.es\/wp-content\/uploads\/2014\/09\/revol_lolleria-6.jpg\"><img loading=\"lazy\" class=\"aligncenter size-full wp-image-7149\" title=\"revol_lolleria 6\" src=\"http:\/\/www.portaldelolleria.es\/wp-content\/uploads\/2014\/09\/revol_lolleria-6.jpg\" alt=\"\" width=\"717\" height=\"478\" srcset=\"http:\/\/www.portaldelolleria.es\/wp-content\/uploads\/2014\/09\/revol_lolleria-6.jpg 717w, http:\/\/www.portaldelolleria.es\/wp-content\/uploads\/2014\/09\/revol_lolleria-6-300x200.jpg 300w\" sizes=\"(max-width: 717px) 100vw, 717px\" \/><\/a><\/p>\n<p><a href=\"http:\/\/www.portaldelolleria.es\/wp-content\/uploads\/2014\/09\/revol_lolleria-4.jpg\"><img loading=\"lazy\" class=\"aligncenter size-full wp-image-7148\" title=\"revol_lolleria 4\" src=\"http:\/\/www.portaldelolleria.es\/wp-content\/uploads\/2014\/09\/revol_lolleria-4.jpg\" alt=\"\" width=\"717\" height=\"478\" srcset=\"http:\/\/www.portaldelolleria.es\/wp-content\/uploads\/2014\/09\/revol_lolleria-4.jpg 717w, http:\/\/www.portaldelolleria.es\/wp-content\/uploads\/2014\/09\/revol_lolleria-4-300x200.jpg 300w\" sizes=\"(max-width: 717px) 100vw, 717px\" \/><\/a><\/p>\n<p>&nbsp;<\/p>\n<p><a href=\"http:\/\/www.portaldelolleria.es\/wp-content\/uploads\/2014\/09\/revol_lolleria-3.jpg\"><img loading=\"lazy\" class=\"aligncenter size-full wp-image-7147\" title=\"revol_lolleria 3\" src=\"http:\/\/www.portaldelolleria.es\/wp-content\/uploads\/2014\/09\/revol_lolleria-3.jpg\" alt=\"\" width=\"717\" height=\"504\" srcset=\"http:\/\/www.portaldelolleria.es\/wp-content\/uploads\/2014\/09\/revol_lolleria-3.jpg 717w, http:\/\/www.portaldelolleria.es\/wp-content\/uploads\/2014\/09\/revol_lolleria-3-300x210.jpg 300w\" sizes=\"(max-width: 717px) 100vw, 717px\" \/><\/a><\/p>\n<p><a href=\"http:\/\/www.portaldelolleria.es\/wp-content\/uploads\/2014\/09\/revol_lolleria-22.jpg\"><img loading=\"lazy\" class=\"aligncenter size-full wp-image-7155\" title=\"revol_lolleria 22\" src=\"http:\/\/www.portaldelolleria.es\/wp-content\/uploads\/2014\/09\/revol_lolleria-22.jpg\" alt=\"\" width=\"717\" height=\"407\" srcset=\"http:\/\/www.portaldelolleria.es\/wp-content\/uploads\/2014\/09\/revol_lolleria-22.jpg 717w, http:\/\/www.portaldelolleria.es\/wp-content\/uploads\/2014\/09\/revol_lolleria-22-300x170.jpg 300w\" sizes=\"(max-width: 717px) 100vw, 717px\" \/><\/a><\/p>\n<p><iframe loading=\"lazy\" src=\"\/\/www.youtube.com\/embed\/Bq22I5O6Oo0\" frameborder=\"0\" width=\"717\" height=\"403\"><\/iframe><\/p>\n","protected":false},"excerpt":{"rendered":"<p>Este s\u00e1bado se celebr\u00f3 la XXXVII edici\u00f3n de la\u00a0 Festa de les Danses de la Vall d\u2019Albaida,\u00a0\u00a0 en l&#8217;Olleria.\u00a0 El acto organizado por la Mancomunitat de Municipis de la Vall d&#8217;Albaida, el Ayuntamiento de L&#8217;Olleria y el Grupo de Danzas El Revol,\u00a0 fu\u00e9 tan exitoso como memorable.\u00a0 Participaron en esta edici\u00f3n, 16 formaciones :\u00a0 Bell\u00fas, [&hellip;]<\/p>\n","protected":false},"author":1,"featured_media":0,"comment_status":"closed","ping_status":"open","sticky":false,"template":"","format":"standard","meta":{"_monsterinsights_skip_tracking":false,"_monsterinsights_sitenote_active":false,"_monsterinsights_sitenote_note":"","_monsterinsights_sitenote_category":0},"categories":[16,12],"tags":[1146,627,268,20,1094,1150],"_links":{"self":[{"href":"http:\/\/www.portaldelolleria.es\/index.php?rest_route=\/wp\/v2\/posts\/7146"}],"collection":[{"href":"http:\/\/www.portaldelolleria.es\/index.php?rest_route=\/wp\/v2\/posts"}],"about":[{"href":"http:\/\/www.portaldelolleria.es\/index.php?rest_route=\/wp\/v2\/types\/post"}],"author":[{"embeddable":true,"href":"http:\/\/www.portaldelolleria.es\/index.php?rest_route=\/wp\/v2\/users\/1"}],"replies":[{"embeddable":true,"href":"http:\/\/www.portaldelolleria.es\/index.php?rest_route=%2Fwp%2Fv2%2Fcomments&post=7146"}],"version-history":[{"count":4,"href":"http:\/\/www.portaldelolleria.es\/index.php?rest_route=\/wp\/v2\/posts\/7146\/revisions"}],"predecessor-version":[{"id":7202,"href":"http:\/\/www.portaldelolleria.es\/index.php?rest_route=\/wp\/v2\/posts\/7146\/revisions\/7202"}],"wp:attachment":[{"href":"http:\/\/www.portaldelolleria.es\/index.php?rest_route=%2Fwp%2Fv2%2Fmedia&parent=7146"}],"wp:term":[{"taxonomy":"category","embeddable":true,"href":"http:\/\/www.portaldelolleria.es\/index.php?rest_route=%2Fwp%2Fv2%2Fcategories&post=7146"},{"taxonomy":"post_tag","embeddable":true,"href":"http:\/\/www.portaldelolleria.es\/index.php?rest_route=%2Fwp%2Fv2%2Ftags&post=7146"}],"curies":[{"name":"wp","href":"https:\/\/api.w.org\/{rel}","templated":true}]}}