{"id":7183,"date":"2014-09-29T02:25:11","date_gmt":"2014-09-29T00:25:11","guid":{"rendered":"http:\/\/www.portaldelolleria.es\/?p=7183"},"modified":"2014-09-29T02:37:34","modified_gmt":"2014-09-29T00:37:34","slug":"presentacion-lolleria-cf-y-la-eem-de-futbol-temporada-2014-2015","status":"publish","type":"post","link":"http:\/\/www.portaldelolleria.es\/?p=7183","title":{"rendered":"Presentaci\u00f3n L&#8217;Olleria CF. y la EEM de f\u00fatbol temporada 2014-2015"},"content":{"rendered":"<p><a href=\"http:\/\/www.portaldelolleria.es\/wp-content\/uploads\/2014\/09\/olleriacf_presentacion1.jpg\"><img loading=\"lazy\" class=\"aligncenter size-full wp-image-7193\" title=\"olleriacf_presentacion1\" src=\"http:\/\/www.portaldelolleria.es\/wp-content\/uploads\/2014\/09\/olleriacf_presentacion1.jpg\" alt=\"\" width=\"598\" height=\"398\" srcset=\"http:\/\/www.portaldelolleria.es\/wp-content\/uploads\/2014\/09\/olleriacf_presentacion1.jpg 598w, http:\/\/www.portaldelolleria.es\/wp-content\/uploads\/2014\/09\/olleriacf_presentacion1-300x199.jpg 300w\" sizes=\"(max-width: 598px) 100vw, 598px\" \/><\/a><\/p>\n<p style=\"text-align: justify;\">L\u2019Olleria CF y los equipos de la EEM de futbol, se presentaron ayer en el campo del Polideportivo Municipal la Solana.\u00a0 El acto que cont\u00f3 con la presencia del Alcalde y de Concejal de deportes,\u00a0 tuvo como ausencia significativa la del Presidente del Club, \u00a0Joaquin \u00dabeda, por un problema de \u00faltima hora.<\/p>\n<p style=\"text-align: justify;\">El Alcalde, Jos\u00e9 Vidal, renov\u00f3 una a\u00f1o m\u00e1s el compromiso del Ayuntamiento por seguir promocionando el\u00a0 deporte y su pr\u00e1ctica. Seguir mejorando las instalaciones deportivas, hasta conseguir ser un referente\u00a0 en la zona.\u00a0 Tambi\u00e9n quiso agradecer a los padres, el haber confiado a la escuela, la educaci\u00f3n deportiva de sus hijos.\u00a0 Agradeci\u00f3 tambi\u00e9n la espl\u00e9ndida labor que desarrollan el coordinador Paco Mic\u00f3, y \u00a0los entrenadores y monitores de la escuela de futbol base,\u00a0 adem\u00e1s de felicitar al \u201cprimer equipo\u201d por haber mantenido la categor\u00eda en la temporada anterior.<\/p>\n<p style=\"text-align: justify;\">Por su parte el Concejal de Deportes, Vicente Oviedo destacaba la importancia que supone la pr\u00e1ctica del deporte en las personas, y en concreto el f\u00fatbol animando a los aficionados a apoyar a los equipos \u00a0de l\u2019Olleria todo el a\u00f1o.<\/p>\n<p style=\"text-align: justify;\">Sergio Franc\u00e9s, entrenador del primer equipo,\u00a0 en su breve intervenci\u00f3n, destac\u00f3 la importancia del futbol base, y el sacrificio que supone, tanto para los jugadores, como el esfuerzo que hacen los familiares con ellos. Pero que tambi\u00e9n todo sacrificio tiene su recompensa.<\/p>\n<p style=\"text-align: justify;\">Paco Mic\u00f3, coordinador general, por su parte aseguraba que esto es una escuela de futbol base adaptada al presente, consolidada a pesar de la situaci\u00f3n econ\u00f3mica y social que est\u00e1 pasando el pueblo en este momento. Unidad, equipo y concordia son las palabras que les pedir\u00eda a todos los componentes del club,\u00a0 todos unidos es la base del \u00e9xito, equipo,\u00a0 las individualidades son importantes,\u00a0 uno solo puede un d\u00eda ganar un partido, pero los campeonatos, los ganan los buenos equipos.\u00a0 La concordia, ayuda a crecer desde peque\u00f1as cosas.\u00a0 Tambi\u00e9n aprovech\u00f3\u00a0 para recordar un cartel,\u00a0 donde se alternan fotos de antiguos jugadores, con nuevos, 70 a\u00f1os tiene el club, y eso significa que hay que sentirse orgullosos de llevar esa camiseta,\u00a0 pero tambi\u00e9n es una responsabilidad por lo que representa.<\/p>\n<p style=\"text-align: justify;\">Tambi\u00e9n tuvo palabras de elogio al esfuerzo que durante cuatro a\u00f1os realiz\u00f3 el equipo femenino, y que este a\u00f1o , no estar\u00e1 en competici\u00f3n.\u00a0 A pesar de ello,\u00a0 han sido motivo de orgullo y admiraci\u00f3n reconocida por parte de todos, y a las que les dese\u00f3 un pronto retorno a la competici\u00f3n.<\/p>\n<p style=\"text-align: justify;\">La presentaci\u00f3n a la que asisti\u00f3 bastante p\u00fablico, \u00a0fue amenizada por el grupo de danzas Afric Dance. Al finalizar el acto se hicieron entrega de obsequios entre las diferentes categor\u00edas.<\/p>\n<p><a href=\"http:\/\/www.portaldelolleria.es\/wp-content\/uploads\/2014\/09\/olleriacf_presentacion2.jpg\"><img loading=\"lazy\" class=\"aligncenter size-full wp-image-7192\" title=\"olleriacf_presentacion2\" src=\"http:\/\/www.portaldelolleria.es\/wp-content\/uploads\/2014\/09\/olleriacf_presentacion2.jpg\" alt=\"\" width=\"598\" height=\"398\" srcset=\"http:\/\/www.portaldelolleria.es\/wp-content\/uploads\/2014\/09\/olleriacf_presentacion2.jpg 598w, http:\/\/www.portaldelolleria.es\/wp-content\/uploads\/2014\/09\/olleriacf_presentacion2-300x199.jpg 300w\" sizes=\"(max-width: 598px) 100vw, 598px\" \/><\/a><\/p>\n<div id=\"attachment_7186\" style=\"width: 607px\" class=\"wp-caption aligncenter\"><a href=\"http:\/\/www.portaldelolleria.es\/wp-content\/uploads\/2014\/09\/olleriacf_presentacion8.jpg\"><img aria-describedby=\"caption-attachment-7186\" loading=\"lazy\" class=\"size-full wp-image-7186\" title=\"olleriacf_presentacion8\" src=\"http:\/\/www.portaldelolleria.es\/wp-content\/uploads\/2014\/09\/olleriacf_presentacion8.jpg\" alt=\"\" width=\"597\" height=\"196\" srcset=\"http:\/\/www.portaldelolleria.es\/wp-content\/uploads\/2014\/09\/olleriacf_presentacion8.jpg 2100w, http:\/\/www.portaldelolleria.es\/wp-content\/uploads\/2014\/09\/olleriacf_presentacion8-300x98.jpg 300w, http:\/\/www.portaldelolleria.es\/wp-content\/uploads\/2014\/09\/olleriacf_presentacion8-1024x336.jpg 1024w\" sizes=\"(max-width: 597px) 100vw, 597px\" \/><\/a><p id=\"caption-attachment-7186\" class=\"wp-caption-text\">pulse sobre la imagen para ampliar<\/p><\/div>\n<p style=\"text-align: center;\"><a href=\"http:\/\/www.portaldelolleria.es\/wp-content\/uploads\/2014\/09\/olleriacf_presentacion6.jpg\"><img loading=\"lazy\" class=\"aligncenter size-full wp-image-7185\" title=\"olleriacf_presentacion6\" src=\"http:\/\/www.portaldelolleria.es\/wp-content\/uploads\/2014\/09\/olleriacf_presentacion6.jpg\" alt=\"\" width=\"717\" height=\"491\" srcset=\"http:\/\/www.portaldelolleria.es\/wp-content\/uploads\/2014\/09\/olleriacf_presentacion6.jpg 717w, http:\/\/www.portaldelolleria.es\/wp-content\/uploads\/2014\/09\/olleriacf_presentacion6-300x205.jpg 300w\" sizes=\"(max-width: 717px) 100vw, 717px\" \/><\/a><\/p>\n<p style=\"text-align: center;\"><a href=\"http:\/\/www.portaldelolleria.es\/wp-content\/uploads\/2014\/09\/olleriacf_presentacion7.jpg\"><img loading=\"lazy\" class=\"aligncenter size-full wp-image-7191\" title=\"olleriacf_presentacion7\" src=\"http:\/\/www.portaldelolleria.es\/wp-content\/uploads\/2014\/09\/olleriacf_presentacion7.jpg\" alt=\"\" width=\"717\" height=\"478\" srcset=\"http:\/\/www.portaldelolleria.es\/wp-content\/uploads\/2014\/09\/olleriacf_presentacion7.jpg 717w, http:\/\/www.portaldelolleria.es\/wp-content\/uploads\/2014\/09\/olleriacf_presentacion7-300x200.jpg 300w\" sizes=\"(max-width: 717px) 100vw, 717px\" \/><\/a><\/p>\n<p style=\"text-align: center;\"><a href=\"http:\/\/www.portaldelolleria.es\/wp-content\/uploads\/2014\/09\/olleriacf_presentacion94.jpg\"><img loading=\"lazy\" class=\"aligncenter size-full wp-image-7190\" title=\"olleriacf_presentacion94\" src=\"http:\/\/www.portaldelolleria.es\/wp-content\/uploads\/2014\/09\/olleriacf_presentacion94.jpg\" alt=\"\" width=\"717\" height=\"478\" srcset=\"http:\/\/www.portaldelolleria.es\/wp-content\/uploads\/2014\/09\/olleriacf_presentacion94.jpg 717w, http:\/\/www.portaldelolleria.es\/wp-content\/uploads\/2014\/09\/olleriacf_presentacion94-300x200.jpg 300w\" sizes=\"(max-width: 717px) 100vw, 717px\" \/><\/a><\/p>\n<p style=\"text-align: center;\"><a href=\"http:\/\/www.portaldelolleria.es\/wp-content\/uploads\/2014\/09\/olleriacf_presentacion93.jpg\"><img loading=\"lazy\" class=\"aligncenter size-full wp-image-7189\" title=\"olleriacf_presentacion93\" src=\"http:\/\/www.portaldelolleria.es\/wp-content\/uploads\/2014\/09\/olleriacf_presentacion93.jpg\" alt=\"\" width=\"717\" height=\"478\" srcset=\"http:\/\/www.portaldelolleria.es\/wp-content\/uploads\/2014\/09\/olleriacf_presentacion93.jpg 717w, http:\/\/www.portaldelolleria.es\/wp-content\/uploads\/2014\/09\/olleriacf_presentacion93-300x200.jpg 300w\" sizes=\"(max-width: 717px) 100vw, 717px\" \/><\/a><\/p>\n<p style=\"text-align: center;\"><a href=\"http:\/\/www.portaldelolleria.es\/wp-content\/uploads\/2014\/09\/olleriacf_presentacion92.jpg\"><img loading=\"lazy\" class=\"aligncenter size-full wp-image-7188\" title=\"olleriacf_presentacion92\" src=\"http:\/\/www.portaldelolleria.es\/wp-content\/uploads\/2014\/09\/olleriacf_presentacion92.jpg\" alt=\"\" width=\"717\" height=\"478\" srcset=\"http:\/\/www.portaldelolleria.es\/wp-content\/uploads\/2014\/09\/olleriacf_presentacion92.jpg 717w, http:\/\/www.portaldelolleria.es\/wp-content\/uploads\/2014\/09\/olleriacf_presentacion92-300x200.jpg 300w\" sizes=\"(max-width: 717px) 100vw, 717px\" \/><\/a><\/p>\n<p style=\"text-align: center;\"><a href=\"http:\/\/www.portaldelolleria.es\/wp-content\/uploads\/2014\/09\/olleriacf_presentacion9.jpg\"><img loading=\"lazy\" class=\"aligncenter size-full wp-image-7187\" title=\"olleriacf_presentacion9\" src=\"http:\/\/www.portaldelolleria.es\/wp-content\/uploads\/2014\/09\/olleriacf_presentacion9.jpg\" alt=\"\" width=\"717\" height=\"478\" srcset=\"http:\/\/www.portaldelolleria.es\/wp-content\/uploads\/2014\/09\/olleriacf_presentacion9.jpg 717w, http:\/\/www.portaldelolleria.es\/wp-content\/uploads\/2014\/09\/olleriacf_presentacion9-300x200.jpg 300w\" sizes=\"(max-width: 717px) 100vw, 717px\" \/><\/a><\/p>\n<p style=\"text-align: center;\"><a href=\"http:\/\/www.portaldelolleria.es\/wp-content\/uploads\/2014\/09\/olleriacf_presentacion5.jpg\"><img loading=\"lazy\" class=\"aligncenter size-full wp-image-7184\" title=\"olleriacf_presentacion5\" src=\"http:\/\/www.portaldelolleria.es\/wp-content\/uploads\/2014\/09\/olleriacf_presentacion5.jpg\" alt=\"\" width=\"717\" height=\"491\" srcset=\"http:\/\/www.portaldelolleria.es\/wp-content\/uploads\/2014\/09\/olleriacf_presentacion5.jpg 717w, http:\/\/www.portaldelolleria.es\/wp-content\/uploads\/2014\/09\/olleriacf_presentacion5-300x205.jpg 300w\" sizes=\"(max-width: 717px) 100vw, 717px\" \/><\/a><\/p>\n","protected":false},"excerpt":{"rendered":"<p>L\u2019Olleria CF y los equipos de la EEM de futbol, se presentaron ayer en el campo del Polideportivo Municipal la Solana.\u00a0 El acto que cont\u00f3 con la presencia del Alcalde y de Concejal de deportes,\u00a0 tuvo como ausencia significativa la del Presidente del Club, \u00a0Joaquin \u00dabeda, por un problema de \u00faltima hora. El Alcalde, Jos\u00e9 [&hellip;]<\/p>\n","protected":false},"author":1,"featured_media":0,"comment_status":"closed","ping_status":"open","sticky":false,"template":"","format":"standard","meta":{"_monsterinsights_skip_tracking":false,"_monsterinsights_sitenote_active":false,"_monsterinsights_sitenote_note":"","_monsterinsights_sitenote_category":0},"categories":[9,12],"tags":[678,349,31,20,44],"_links":{"self":[{"href":"http:\/\/www.portaldelolleria.es\/index.php?rest_route=\/wp\/v2\/posts\/7183"}],"collection":[{"href":"http:\/\/www.portaldelolleria.es\/index.php?rest_route=\/wp\/v2\/posts"}],"about":[{"href":"http:\/\/www.portaldelolleria.es\/index.php?rest_route=\/wp\/v2\/types\/post"}],"author":[{"embeddable":true,"href":"http:\/\/www.portaldelolleria.es\/index.php?rest_route=\/wp\/v2\/users\/1"}],"replies":[{"embeddable":true,"href":"http:\/\/www.portaldelolleria.es\/index.php?rest_route=%2Fwp%2Fv2%2Fcomments&post=7183"}],"version-history":[{"count":5,"href":"http:\/\/www.portaldelolleria.es\/index.php?rest_route=\/wp\/v2\/posts\/7183\/revisions"}],"predecessor-version":[{"id":7198,"href":"http:\/\/www.portaldelolleria.es\/index.php?rest_route=\/wp\/v2\/posts\/7183\/revisions\/7198"}],"wp:attachment":[{"href":"http:\/\/www.portaldelolleria.es\/index.php?rest_route=%2Fwp%2Fv2%2Fmedia&parent=7183"}],"wp:term":[{"taxonomy":"category","embeddable":true,"href":"http:\/\/www.portaldelolleria.es\/index.php?rest_route=%2Fwp%2Fv2%2Fcategories&post=7183"},{"taxonomy":"post_tag","embeddable":true,"href":"http:\/\/www.portaldelolleria.es\/index.php?rest_route=%2Fwp%2Fv2%2Ftags&post=7183"}],"curies":[{"name":"wp","href":"https:\/\/api.w.org\/{rel}","templated":true}]}}