{"id":7222,"date":"2014-10-07T18:05:59","date_gmt":"2014-10-07T16:05:59","guid":{"rendered":"http:\/\/www.portaldelolleria.es\/?p=7222"},"modified":"2014-10-08T18:24:25","modified_gmt":"2014-10-08T16:24:25","slug":"primera-guia-virtual-de-la-vall-dalbaida","status":"publish","type":"post","link":"http:\/\/www.portaldelolleria.es\/?p=7222","title":{"rendered":"Primera gu\u00eda virtual  de la Vall d&#8217;Albaida"},"content":{"rendered":"<div id=\"attachment_7223\" style=\"width: 608px\" class=\"wp-caption aligncenter\"><a href=\"http:\/\/www.valenciaterraimar.org\/publicacionesdigitales\/guiasvirtuales\/valldalbaida\/index.html\" target=\"_blank\"><img aria-describedby=\"caption-attachment-7223\" loading=\"lazy\" class=\"size-full wp-image-7223\" title=\"guia\" src=\"http:\/\/www.portaldelolleria.es\/wp-content\/uploads\/2014\/10\/guia.jpg\" alt=\"\" width=\"598\" height=\"398\" srcset=\"http:\/\/www.portaldelolleria.es\/wp-content\/uploads\/2014\/10\/guia.jpg 598w, http:\/\/www.portaldelolleria.es\/wp-content\/uploads\/2014\/10\/guia-300x199.jpg 300w\" sizes=\"(max-width: 598px) 100vw, 598px\" \/><\/a><p id=\"caption-attachment-7223\" class=\"wp-caption-text\">pulse sobre la imagen para acceder a la gu\u00eda<\/p><\/div>\n<h4><\/h4>\n<h4>La primera comarca de la prov\u00edncia que cuenta con esta publicaci\u00f3n<\/h4>\n<p><strong>La Vall d&#8217;Albaida \/\/ 03.10.2014<\/strong>.-La Diputaci\u00f3n de Valencia a trav\u00e9s del Patronato Valencia Terra i Mar y con la colaboraci\u00f3n del departamento de turismo de la Mancomunidad de Municipios han confeccionado la primera gu\u00eda tur\u00edstica virtual de la Vall d\u2019Albaida. Se trata de una iniciativa del Patronato Provincial de Turismo Valencia Terra i Mar con el fin de dar a conocer de una forma innovadora todas las alternativas de ocio, tur\u00edsticas y culturales con la provincia i m\u00e1s concretamente la Vall d&#8217;Albaida.<\/p>\n<p>La Mancomunidad de Municipios tiene entre sus objetivos difundir y promover todos los atractivos tur\u00edsticos de la comarca y en esta l\u00ednea ha estado trabajando con la diputaci\u00f3n de Valencia \u00abmuestra de esto es la creaci\u00f3n de la primera gu\u00eda comarcal de la Vall d&#8217;Albaida\u00bb a\u00f1adi\u00f3: \u00aba trav\u00e9s de esta publicaci\u00f3n el lector encontrar\u00e1 numerosas herramientas interactivas como v\u00eddeos, audiogu\u00edas, hiperv\u00ednculos, enlaces que permiten navegar y obtener informaci\u00f3n tur\u00edstica de forma f\u00e1cil y r\u00e1pida\u00bb: ha emfatizado el presidente de la Mancomunidad de Municipios del Valle de Albaida, Juan A. Puchades Arce.<\/p>\n<p>El edil ha destacado:\u201d La gu\u00eda tur\u00edstica virtual presenta un dise\u00f1o moderno y novedoso en coordinaci\u00f3n con las gu\u00edas tur\u00edsticas de la Diputaci\u00f3n de Valencia, pero manteniendo nuestra imagen de marca y nuestra identidad\u00bb, ha continuado \u00abesta publicaci\u00f3n tur\u00edstica est\u00e1 totalmente actualizada y renovada, contiene un \u00edndice con 20 apartados y 182 p\u00e1ginas que recopilan toda la oferta tur\u00edstica comarcal\u00bb: ha remarcado Puchades.<\/p>\n<p>Seg\u00fan las fuentes de organizaci\u00f3n, a trav\u00e9s de esta nueva publicaci\u00f3n el turista y viajero puede descubrir la Vall d\u2019Albaida de forma online (conectada y \/ o descargarse directamente desde internet) o bien descarg\u00e1ndose a trav\u00e9s de c\u00f3dics QR para posteriormente consultarla siempre que quiera en su dispositivo m\u00f3vil.<\/p>\n<p>\u00abPensamos que es una propuesta tur\u00edstica que combina a la perfecci\u00f3n el turismo y las nuevas tecnolog\u00edas, adem\u00e1s son numerosas las ventajas: utiliza soportes din\u00e1micos e interactivos, mejora el posicionamiento del destino tur\u00edstico, contribuye con el medio ambiente, apuesta por la sostenibilidad, reduce costes de impresi\u00f3n y multiplica los canales de promoci\u00f3n y difusi\u00f3n de todos los atractivos tur\u00edsticos \u00abha concluido el presidente.<\/p>\n<p>&nbsp;<\/p>\n<p>Desde el Patronato Provincial de Turismo, ha destacado la apuesta que est\u00e1 haciendo la Diputaci\u00f3n de Valencia, a trav\u00e9s de su Patronato de Turismo, por el turismo de interior de la provincia de Valencia en general y por el de la comarca del Valle de Albaida en particular, con distintas iniciativas como ha sido esta gu\u00eda digital, que es la primera de \u00e1mbito comarcal que se edita desde Valencia, Tierra y Mar. Desde el Patronato Provincial de Turismo, se ha apoyado tambi\u00e9n otras iniciativas tur\u00edsticas comarcales, como el programa de visitas \u00abEntre Comarcas\u00bb y c\u00f3mo ser\u00e1 la pr\u00f3xima edici\u00f3n de la feria gastron\u00f3mica de la Vall d\u2019Albaida, en Ontinyent, entre otras. En cuanto a las gu\u00edas digitales, es la segunda gu\u00eda que se edita en esta comarca, la primera fue la gu\u00eda de Bocairent, que se present\u00f3 a principios de 2014.<\/p>\n<p>\u00abEsta gu\u00eda tur\u00edstica estar\u00e1 presente en todas las ferias y eventos tur\u00edsticos a los que asistimos, as\u00ed pues este fin de semana del 3 al 5 de octubre estar\u00e1 en la Pobla del Duc en la IX Feria Comercial y Gastron\u00f3mica, el 18 y 19 de octubre en la IX Feria del Comercio en Bocairent y finalmente en la feria gastron\u00f3mica la Vall d\u2019 Albaida del 7 al 9 de noviembre \u00abha finalizado Puchades.<\/p>\n<p>Para m\u00e1s informaci\u00f3n www.valldalbaida.com<\/p>\n<p>La Vall d\u2019Albaida, disfr\u00fatala con los 5 sentidos<\/p>\n<p>Organiza: Departamento de Turismo de la Mancomunidad de Municipios de la Vall d&#8217;Albaida<\/p>\n<p>Colaboran: Ayuntamientos de la Vall d&#8217;Albaida y centros excursionistas de la comarca<\/p>\n","protected":false},"excerpt":{"rendered":"<p>La primera comarca de la prov\u00edncia que cuenta con esta publicaci\u00f3n La Vall d&#8217;Albaida \/\/ 03.10.2014.-La Diputaci\u00f3n de Valencia a trav\u00e9s del Patronato Valencia Terra i Mar y con la colaboraci\u00f3n del departamento de turismo de la Mancomunidad de Municipios han confeccionado la primera gu\u00eda tur\u00edstica virtual de la Vall d\u2019Albaida. Se trata de una [&hellip;]<\/p>\n","protected":false},"author":1,"featured_media":0,"comment_status":"closed","ping_status":"open","sticky":false,"template":"","format":"standard","meta":{"_monsterinsights_skip_tracking":false,"_monsterinsights_sitenote_active":false,"_monsterinsights_sitenote_note":"","_monsterinsights_sitenote_category":0},"categories":[171,12],"tags":[1154,20,81,51,209],"_links":{"self":[{"href":"http:\/\/www.portaldelolleria.es\/index.php?rest_route=\/wp\/v2\/posts\/7222"}],"collection":[{"href":"http:\/\/www.portaldelolleria.es\/index.php?rest_route=\/wp\/v2\/posts"}],"about":[{"href":"http:\/\/www.portaldelolleria.es\/index.php?rest_route=\/wp\/v2\/types\/post"}],"author":[{"embeddable":true,"href":"http:\/\/www.portaldelolleria.es\/index.php?rest_route=\/wp\/v2\/users\/1"}],"replies":[{"embeddable":true,"href":"http:\/\/www.portaldelolleria.es\/index.php?rest_route=%2Fwp%2Fv2%2Fcomments&post=7222"}],"version-history":[{"count":2,"href":"http:\/\/www.portaldelolleria.es\/index.php?rest_route=\/wp\/v2\/posts\/7222\/revisions"}],"predecessor-version":[{"id":7225,"href":"http:\/\/www.portaldelolleria.es\/index.php?rest_route=\/wp\/v2\/posts\/7222\/revisions\/7225"}],"wp:attachment":[{"href":"http:\/\/www.portaldelolleria.es\/index.php?rest_route=%2Fwp%2Fv2%2Fmedia&parent=7222"}],"wp:term":[{"taxonomy":"category","embeddable":true,"href":"http:\/\/www.portaldelolleria.es\/index.php?rest_route=%2Fwp%2Fv2%2Fcategories&post=7222"},{"taxonomy":"post_tag","embeddable":true,"href":"http:\/\/www.portaldelolleria.es\/index.php?rest_route=%2Fwp%2Fv2%2Ftags&post=7222"}],"curies":[{"name":"wp","href":"https:\/\/api.w.org\/{rel}","templated":true}]}}