{"id":730,"date":"2012-06-27T15:52:18","date_gmt":"2012-06-27T14:52:18","guid":{"rendered":"http:\/\/www.portaldelolleria.es\/?p=730"},"modified":"2012-06-29T00:55:56","modified_gmt":"2012-06-28T23:55:56","slug":"comunicado-de-lolleria-c-f","status":"publish","type":"post","link":"http:\/\/www.portaldelolleria.es\/?p=730","title":{"rendered":"Comunicado de L&#8217;Olleria C.F."},"content":{"rendered":"<p><a href=\"http:\/\/www.portaldelolleria.es\/wp-content\/uploads\/2012\/06\/olleriacf3.jpg\"><img loading=\"lazy\" class=\"aligncenter size-full wp-image-735\" title=\"olleriacf3\" src=\"http:\/\/www.portaldelolleria.es\/wp-content\/uploads\/2012\/06\/olleriacf3.jpg\" alt=\"\" width=\"598\" height=\"398\" srcset=\"http:\/\/www.portaldelolleria.es\/wp-content\/uploads\/2012\/06\/olleriacf3.jpg 598w, http:\/\/www.portaldelolleria.es\/wp-content\/uploads\/2012\/06\/olleriacf3-300x199.jpg 300w\" sizes=\"(max-width: 598px) 100vw, 598px\" \/><\/a><\/p>\n<p>Comunicado de L&#8217;Olleria C.F.<\/p>\n<p>Reunidos el pasado mi\u00e9rcoles 20 de junio todas las partes que composen L&#8217;Olleria CF. para su funcionamiento, equipo directivo, con su presidente al frente,\u00a0 Joaquin \u00dabeda Albi\u00f1ana, la regidor\u00eda de Deportes del Ayuntamiento de L&#8217;Olleria, con el concejal de Deportes Vicente Oviedo Such, las escuelas deportivas municipales de f\u00fatbol de L&#8217;Olleria, con su coordinador Paco Mic\u00f3 Mateu, el equipo t\u00e9cnico de L&#8217;Olleria CF. con su entrenador Toni S\u00e1nchez Bautista, los capitanes y algunos de los jugadores m\u00e1s veteranos del equipo de L&#8217;Olleria CF. y los patrocinadores de L&#8217;Olleria CF. con las casas comerciales, se decide el siguiente:<\/p>\n<p>Dado el inter\u00e9s por parte de los diferentes componentes de la directiva de L&#8217;Olleria CF. de promover la creaci\u00f3n de un segundo equipo de L&#8217;Olleria CF. para competir en segunda categor\u00eda regional y poder hacer que j\u00f3venes jugadores que salen de las escuelas deportivas de f\u00fatbol de L&#8217;Olleria juegen en categor\u00eda amateur durante unos a\u00f1os para poder dar despu\u00e9s dar el bote y jugar al primer equipo, se ha estudiado la posibilidad de la creaci\u00f3n de este equipo.<\/p>\n<p>Una vez planteada la situaci\u00f3n y analizada por las diferentes partes interesadas, se decide que esta temporada no es la adecuada para crear este segundo equipo dada la situaci\u00f3n que L&#8217;Olleria CF. acaba de ascender a la primera categor\u00eda regional y el primer objetivo para el club deber\u00e1 ser el de mantenerse en esta categor\u00eda, teniendo en cuenta tambi\u00e9n que esta pr\u00f3xima temporada no hay muchos jugadores de categor\u00eda juvenil que dan el salto a categor\u00eda amateur. Pese a ello, desde L&#8217;Olleria CF. se quiere hacer saber que esta posibilidad de crear un segundo equipo para competir en segunda categor\u00eda regional se tiene en cuenta y que se estudiar\u00e1 de hacerla real en la temporada 2013\/2014.<\/p>\n<p>Por otra banda, se quiere hacer saber que L&#8217;Olleria CF. no tiene ning\u00fana implicaci\u00f3n con el nuevo equipo de f\u00fatbol que ha surgido y que se hace nombrar L&#8217;Olleria Athletic Club. De este equipo nada m\u00e1s podemos decir que es totalmente\u00a0 independiente a L&#8217;Olleria CF. y que tiene un car\u00e1cter privado.<\/p>\n<p>Por \u00faltimo, subrayar que tanto el equipo directivo como el equipo t\u00e9cnico, jugadores, patrocinadores, afici\u00f3n y el Pueblo de L&#8217;Olleria en general manifiestan su malestar, no por la creaci\u00f3n de un equipo de f\u00fatbol, sino por la poca sensibilidad que han tenido al mismo tiempo de elegir el nombre ya que todos sabemos los lazos hist\u00f3ricos y sentimentales de nuestro f\u00fatbol con el Athletic e incluir su nombre en un club de f\u00fatbol privado no nos parece a que sea correcto ya que puede herir sensibilidades y crear malestar y confusi\u00f3n.<\/p>\n<p>Joaquin \u00dabeda Albi\u00f1ana<\/p>\n<p>Presidente de L&#8217;Olleria Club de F\u00fatbol<\/p>\n<p><a href=\"http:\/\/www.portaldelolleria.es\/wp-content\/uploads\/2012\/06\/olleriacf2.jpg\"><img loading=\"lazy\" class=\"aligncenter size-full wp-image-732\" title=\"olleriacf2\" src=\"http:\/\/www.portaldelolleria.es\/wp-content\/uploads\/2012\/06\/olleriacf2.jpg\" alt=\"\" width=\"598\" height=\"398\" srcset=\"http:\/\/www.portaldelolleria.es\/wp-content\/uploads\/2012\/06\/olleriacf2.jpg 598w, http:\/\/www.portaldelolleria.es\/wp-content\/uploads\/2012\/06\/olleriacf2-300x199.jpg 300w\" sizes=\"(max-width: 598px) 100vw, 598px\" \/><\/a><\/p>\n","protected":false},"excerpt":{"rendered":"<p>Comunicado de L&#8217;Olleria C.F. Reunidos el pasado mi\u00e9rcoles 20 de junio todas las partes que composen L&#8217;Olleria CF. para su funcionamiento, equipo directivo, con su presidente al frente,\u00a0 Joaquin \u00dabeda Albi\u00f1ana, la regidor\u00eda de Deportes del Ayuntamiento de L&#8217;Olleria, con el concejal de Deportes Vicente Oviedo Such, las escuelas deportivas municipales de f\u00fatbol de L&#8217;Olleria, [&hellip;]<\/p>\n","protected":false},"author":2,"featured_media":0,"comment_status":"closed","ping_status":"open","sticky":false,"template":"","format":"standard","meta":{"_monsterinsights_skip_tracking":false,"_monsterinsights_sitenote_active":false,"_monsterinsights_sitenote_note":"","_monsterinsights_sitenote_category":0},"categories":[9],"tags":[175,44],"_links":{"self":[{"href":"http:\/\/www.portaldelolleria.es\/index.php?rest_route=\/wp\/v2\/posts\/730"}],"collection":[{"href":"http:\/\/www.portaldelolleria.es\/index.php?rest_route=\/wp\/v2\/posts"}],"about":[{"href":"http:\/\/www.portaldelolleria.es\/index.php?rest_route=\/wp\/v2\/types\/post"}],"author":[{"embeddable":true,"href":"http:\/\/www.portaldelolleria.es\/index.php?rest_route=\/wp\/v2\/users\/2"}],"replies":[{"embeddable":true,"href":"http:\/\/www.portaldelolleria.es\/index.php?rest_route=%2Fwp%2Fv2%2Fcomments&post=730"}],"version-history":[{"count":5,"href":"http:\/\/www.portaldelolleria.es\/index.php?rest_route=\/wp\/v2\/posts\/730\/revisions"}],"predecessor-version":[{"id":747,"href":"http:\/\/www.portaldelolleria.es\/index.php?rest_route=\/wp\/v2\/posts\/730\/revisions\/747"}],"wp:attachment":[{"href":"http:\/\/www.portaldelolleria.es\/index.php?rest_route=%2Fwp%2Fv2%2Fmedia&parent=730"}],"wp:term":[{"taxonomy":"category","embeddable":true,"href":"http:\/\/www.portaldelolleria.es\/index.php?rest_route=%2Fwp%2Fv2%2Fcategories&post=730"},{"taxonomy":"post_tag","embeddable":true,"href":"http:\/\/www.portaldelolleria.es\/index.php?rest_route=%2Fwp%2Fv2%2Ftags&post=730"}],"curies":[{"name":"wp","href":"https:\/\/api.w.org\/{rel}","templated":true}]}}