{"id":7320,"date":"2014-10-20T22:05:48","date_gmt":"2014-10-20T20:05:48","guid":{"rendered":"http:\/\/www.portaldelolleria.es\/?p=7320"},"modified":"2014-10-24T19:29:51","modified_gmt":"2014-10-24T17:29:51","slug":"el-ayuntamiento-de-lolleria-homenajea-a-los-mayores-de-85-anos-del-municipio","status":"publish","type":"post","link":"http:\/\/www.portaldelolleria.es\/?p=7320","title":{"rendered":"El Ayuntamiento de L&#8217;Olleria homenajea a los mayores de 85 a\u00f1os del municipio"},"content":{"rendered":"<p><a href=\"http:\/\/www.portaldelolleria.es\/wp-content\/uploads\/2014\/10\/jubilados3.jpg\"><img loading=\"lazy\" class=\"aligncenter size-full wp-image-7337\" title=\"jubilados3\" src=\"http:\/\/www.portaldelolleria.es\/wp-content\/uploads\/2014\/10\/jubilados3.jpg\" alt=\"\" width=\"598\" height=\"398\" srcset=\"http:\/\/www.portaldelolleria.es\/wp-content\/uploads\/2014\/10\/jubilados3.jpg 598w, http:\/\/www.portaldelolleria.es\/wp-content\/uploads\/2014\/10\/jubilados3-300x199.jpg 300w\" sizes=\"(max-width: 598px) 100vw, 598px\" \/><\/a><\/p>\n<p>El Ayuntamiento de L&#8217;Olleria homenajea a los mayores de 85 a\u00f1os del municipio<\/p>\n<p>Despu\u00e9s de una intensa Semana dedicada a los mayores de L&#8217;Olleria este domingo se clausuraba con una comida de hermandad que cont\u00f3 con unos 400 comensales y en la que el Ayuntamiento celebr\u00f3 el tradicional homenaje a los mayores de 85 a\u00f1os del municipio.<\/p>\n<p>el acto cont\u00f3 con la presencia de la consellera de Bienestar Social, Asunci\u00f3n S\u00e1nchez que una vez m\u00e1s, brind\u00f3 su apoyo a un acto social de la localidad.<\/p>\n<p>El alcalde, Jos\u00e9 Vidal agradeci\u00f3 la presencia de la consejera destacando &#8216;la especial sensibilidad que demuestra por todos los temas sociales, especialmente los que afectan a los mayores&#8217; subrayando que &#8216;a nosotros nos ha ayudado mucho haciendo un repaso de sus \u00faltimas visitas a la localidad.<\/p>\n<p>Adem\u00e1s del afectuoso saludo a los pensionistas, incluidos los de Montaverner, ya que hay un grupo vinculado al Centro Social de l\u2019Olleria,\u00a0 resalt\u00f3 de esta generaci\u00f3n de 1929, \u00a0los esfuerzos a los que se enfrentaron \u00a0en su \u00e9poca para llevar un jornal para casa \u00a0y la capacidad y sacrificio de sacar a sus familias para adelante.<\/p>\n<p><a href=\"http:\/\/www.portaldelolleria.es\/wp-content\/uploads\/2014\/10\/jubilados2.jpg\"><img loading=\"lazy\" class=\"aligncenter size-full wp-image-7321\" title=\"jubilados2\" src=\"http:\/\/www.portaldelolleria.es\/wp-content\/uploads\/2014\/10\/jubilados2.jpg\" alt=\"\" width=\"598\" height=\"398\" srcset=\"http:\/\/www.portaldelolleria.es\/wp-content\/uploads\/2014\/10\/jubilados2.jpg 598w, http:\/\/www.portaldelolleria.es\/wp-content\/uploads\/2014\/10\/jubilados2-300x199.jpg 300w\" sizes=\"(max-width: 598px) 100vw, 598px\" \/><\/a><\/p>\n<p>Tambi\u00e9n hizo referencia, a un tema que propuso el a\u00f1o pasado, que era la unificaci\u00f3n\u00a0 de las asociaciones de jubilados y pensionistas, \u00a0donde parece haber avances, ya que est\u00e1 previsto realizar una consulta antes de que finalice el a\u00f1o, entre \u00a0sus componentes, \u00a0para conocer su voluntad.\u00a0 Si todo transcurre como parece,\u00a0 pronto habr\u00e1 una sola asociaci\u00f3n de jubilados y pensionistas, con todos unidos.<\/p>\n<p>Incluso se aventur\u00f3 a proponer, si esto es as\u00ed, en celebrar una fiesta entre\u00a0 Fallas y Pascua, que ser\u00e1 la fiesta de \u201cla familia\u201d. Donde mayores, hijos y nietos podr\u00e1n disfrutar de una jornada festiva juntos.<\/p>\n<p>Por su parte, la consejera de Bienestar Social felicit\u00f3 a los homenajeados destacando en su intervenci\u00f3n &#8216;el important\u00edsimo papel de nuestros mayores en nuestra sociedad&#8217;. \u00a0Recalcando adem\u00e1s, que son los verdaderos protagonistas de la fiesta. Y agradeci\u00f3 al Ayuntamiento la invitaci\u00f3n a este acto que &#8216;me ha permitido una vez m\u00e1s estar con los vecinos de L&#8217;Olleria<\/p>\n<p>En esta ocasi\u00f3n, \u00a0explic\u00f3 por primera vez, el porqu\u00e9 se siente tan a gusto en L\u2019Olleria\u2026 \u201cpor que desde que pis\u00e9 el pueblo, siempre he recibido, cari\u00f1o, respeto, y el afecto de la gente\u201d. \u00a0Tambi\u00e9n aprovech\u00f3 su intervenci\u00f3n para felicitar la labor que desarrolla la regidora de bienestar social, Gema Borr\u00e1s y su equipo.<\/p>\n<p>El acto finaliz\u00f3 con la entrega de las placas homenaje a los mayores de 85 a\u00f1os presentes en el acto, una entrega que realizaron la consejera de Bienestar Social, \u00a0el alcalde, la concejala de Bienestar Social, Gema Borr\u00e1s, el presidente de la Comunidad de Jubilados y Pensionistas de L&#8217;Olleria, Vicente Such y el presidente de la UDP de L&#8217;Olleria, Domingo Gonz\u00e1lez.<\/p>\n<p>La m\u00fasica y el baile, pusieron el broche a esta \u201csemana del major\u201d 2014<\/p>\n<p><a href=\"http:\/\/www.portaldelolleria.es\/wp-content\/uploads\/2014\/10\/jubilados1929.jpg\"><img loading=\"lazy\" class=\"aligncenter size-full wp-image-7322\" title=\"jubilados1929\" src=\"http:\/\/www.portaldelolleria.es\/wp-content\/uploads\/2014\/10\/jubilados1929.jpg\" alt=\"\" width=\"602\" height=\"233\" srcset=\"http:\/\/www.portaldelolleria.es\/wp-content\/uploads\/2014\/10\/jubilados1929.jpg 1500w, http:\/\/www.portaldelolleria.es\/wp-content\/uploads\/2014\/10\/jubilados1929-300x116.jpg 300w, http:\/\/www.portaldelolleria.es\/wp-content\/uploads\/2014\/10\/jubilados1929-1024x396.jpg 1024w\" sizes=\"(max-width: 602px) 100vw, 602px\" \/><\/a><\/p>\n<p><iframe loading=\"lazy\" src=\"\/\/www.youtube.com\/embed\/0hyhdIP5QNg\" frameborder=\"0\" width=\"717\" height=\"403\"><\/iframe><\/p>\n<p>&nbsp;<\/p>\n<p>&nbsp;<\/p>\n<p>&nbsp;<\/p>\n<p>&nbsp;<\/p>\n","protected":false},"excerpt":{"rendered":"<p>El Ayuntamiento de L&#8217;Olleria homenajea a los mayores de 85 a\u00f1os del municipio Despu\u00e9s de una intensa Semana dedicada a los mayores de L&#8217;Olleria este domingo se clausuraba con una comida de hermandad que cont\u00f3 con unos 400 comensales y en la que el Ayuntamiento celebr\u00f3 el tradicional homenaje a los mayores de 85 a\u00f1os [&hellip;]<\/p>\n","protected":false},"author":1,"featured_media":0,"comment_status":"closed","ping_status":"open","sticky":false,"template":"","format":"standard","meta":{"_monsterinsights_skip_tracking":false,"_monsterinsights_sitenote_active":false,"_monsterinsights_sitenote_note":"","_monsterinsights_sitenote_category":0},"categories":[789,3,12],"tags":[],"_links":{"self":[{"href":"http:\/\/www.portaldelolleria.es\/index.php?rest_route=\/wp\/v2\/posts\/7320"}],"collection":[{"href":"http:\/\/www.portaldelolleria.es\/index.php?rest_route=\/wp\/v2\/posts"}],"about":[{"href":"http:\/\/www.portaldelolleria.es\/index.php?rest_route=\/wp\/v2\/types\/post"}],"author":[{"embeddable":true,"href":"http:\/\/www.portaldelolleria.es\/index.php?rest_route=\/wp\/v2\/users\/1"}],"replies":[{"embeddable":true,"href":"http:\/\/www.portaldelolleria.es\/index.php?rest_route=%2Fwp%2Fv2%2Fcomments&post=7320"}],"version-history":[{"count":2,"href":"http:\/\/www.portaldelolleria.es\/index.php?rest_route=\/wp\/v2\/posts\/7320\/revisions"}],"predecessor-version":[{"id":7393,"href":"http:\/\/www.portaldelolleria.es\/index.php?rest_route=\/wp\/v2\/posts\/7320\/revisions\/7393"}],"wp:attachment":[{"href":"http:\/\/www.portaldelolleria.es\/index.php?rest_route=%2Fwp%2Fv2%2Fmedia&parent=7320"}],"wp:term":[{"taxonomy":"category","embeddable":true,"href":"http:\/\/www.portaldelolleria.es\/index.php?rest_route=%2Fwp%2Fv2%2Fcategories&post=7320"},{"taxonomy":"post_tag","embeddable":true,"href":"http:\/\/www.portaldelolleria.es\/index.php?rest_route=%2Fwp%2Fv2%2Ftags&post=7320"}],"curies":[{"name":"wp","href":"https:\/\/api.w.org\/{rel}","templated":true}]}}