{"id":7363,"date":"2014-10-22T11:25:10","date_gmt":"2014-10-22T09:25:10","guid":{"rendered":"http:\/\/www.portaldelolleria.es\/?p=7363"},"modified":"2014-10-22T11:28:43","modified_gmt":"2014-10-22T09:28:43","slug":"la-casa-del-terror-estrena-nuevas-instalaciones-en-la-fira-de-l%e2%80%99olleria","status":"publish","type":"post","link":"http:\/\/www.portaldelolleria.es\/?p=7363","title":{"rendered":"La Casa del Terror, estrena nuevas instalaciones en la Fira de L\u2019Olleria."},"content":{"rendered":"<p><a href=\"http:\/\/www.portaldelolleria.es\/wp-content\/uploads\/2014\/10\/casadelterror.jpg\"><img loading=\"lazy\" class=\"aligncenter size-full wp-image-7365\" title=\"casadelterror\" src=\"http:\/\/www.portaldelolleria.es\/wp-content\/uploads\/2014\/10\/casadelterror.jpg\" alt=\"\" width=\"598\" height=\"398\" srcset=\"http:\/\/www.portaldelolleria.es\/wp-content\/uploads\/2014\/10\/casadelterror.jpg 598w, http:\/\/www.portaldelolleria.es\/wp-content\/uploads\/2014\/10\/casadelterror-300x199.jpg 300w\" sizes=\"(max-width: 598px) 100vw, 598px\" \/><\/a><\/p>\n<p style=\"text-align: justify;\">Como cada a\u00f1o, vuelve la Casa del Terror, todo un cl\u00e1sico en\u00a0 la Fira de l\u2019Olleria\u00a0 (del 26 al 29 de Octubre) con sorpresas s\u00f3lo desvelables para los adictos y otros \u201cvalientes\u201d dispuestos a entrar en ella.\u00a0 Organizado por\u00a0 La Banda de Cornetas y Tambores del\u00a0 Stmo. Cristo de la Palma, sus componentes\u00a0 preparan con toda la ilusi\u00f3n (y profesionalidad) el evento, con el fin de volver a sorprender (y si se puede asustar)\u00a0 a la legi\u00f3n de fieles que a\u00f1o tras a\u00f1o,\u00a0 valoran y aprecian\u00a0 esta atracci\u00f3n\/espect\u00e1culo.<\/p>\n<p style=\"text-align: justify;\">Se podr\u00eda pensar, que esta idea surge de ver atracciones similares en alguna feria o parque tem\u00e1tico, pero nada m\u00e1s lejos de la ficci\u00f3n.\u00a0\u00a0 La idea surgi\u00f3 en las Fiestas Patronales de Ibi,\u00a0 cuando en alg\u00fan desplazamiento de la Banda de Cornetas ten\u00edan quedarse a dormir.\u00a0 El lugar para pasar la noche era una casa antigua. Acabadas las actuaciones, y ya de retirada en la casa, recorr\u00edan esta para conocerla mejor,\u00a0 hecho que aprovechaban los m\u00e1s veteranos,\u00a0 para esconderse y asustar al resto (angelitos \u00a1\u00a1\u00a1).\u00a0 La diversi\u00f3n estaba garantizada de forma espont\u00e1nea y fue ah\u00ed, donde surgi\u00f3 la idea de llevarlo a cabo en l\u2019Olleria.\u00a0\u00a0 La feliz idea se ha convertido en todo un \u00e9xito,\u00a0 siendo unos de los reclamos m\u00e1s importantes de la Fira,\u00a0 incluso para vecinos de otras poblaciones, que se desplazan a prop\u00f3sito a l\u2019Olleria para visitar \u201cla Casa\u201d y\u00a0 poner a prueba sus pulsaciones. Los a\u00f1os y la experiencia, les ha permitido perfeccionar la idea hasta lo que \u00e9s hoy en dia.<\/p>\n<p style=\"text-align: justify;\">Un m\u00ednimo de 25 personas participan en el proyecto, para desarrollar esta \u201cidea\u201d,\u00a0 que lleva\u00a0 la friolera de 19 temporadas, en las que a\u00f1o tras a\u00f1o innovan el espect\u00e1culo para sorpresa de los que cre\u00edan tener todo visto.<\/p>\n<p style=\"text-align: justify;\">Todos estos a\u00f1os dan para muchas an\u00e9cdotas,\u00a0 por mencionar algunas, cuentan que en los principios de la Casa del Terror,\u00a0 \u201calguien\u201d,\u00a0 ten\u00eda que hacerse el muerto en mitad de un pasillo.\u00a0 Simplemente permanecer inm\u00f3vil en el suelo durante la funci\u00f3n.\u00a0 Despu\u00e9s de que su cuerpo fuese testigo del paso de \u201ctropecientas\u201d personas y acabada la funci\u00f3n del d\u00eda,\u00a0 los componentes la banda lo echaron en falta.\u00a0 Buscando por las instalaciones, lo encontraron en el mismo sitio\u00a0 donde permanec\u00eda inerte.\u00a0 Acerc\u00e1ndose m\u00e1s, se apreciaba una respiraci\u00f3n fuerte.\u00a0 El caso fu\u00e9 que pr\u00e1cticamente\u00a0 este \u201cpersonaje\u201d, se pas\u00f3 la funci\u00f3n pose\u00eddo por el cansancio.\u00a0 Estuvo durmiendo varias horas sin percatarse de nada.<\/p>\n<p style=\"text-align: justify;\">Si usted est\u00e1 dentro y observa que se encienden todas las luces\u2026\u2026.\u00a0 no se preocupe,\u00a0 todos los a\u00f1os siempre hay como m\u00ednimo una persona (casi siempre la misma), que sufre un ataque de nervios,\u00a0 quiz\u00e1s se deba a que se lo recomendaron como ter\u00e1pia para superar alg\u00fan miedo,\u00a0\u00a0 el caso es que al final siempre consigue acabar el \u201crecorrido\u201d y se r\u00ede del mal rato que ha pasado.<\/p>\n<p style=\"text-align: justify;\">Otra an\u00e9cdota memorable, es el de una presentadora de televisi\u00f3n, que todos los a\u00f1os tiene a bien visitar la \u201cCasa\u201d para hacer un reportaje.\u00a0 La simp\u00e1tica presentadora\u00a0 desde la primera vez que vino, solo impone una condici\u00f3n\u2026.\u00a0 todas las luces deben estar encendidas.\u00a0 Podr\u00eda deberse a un trauma infantil,\u00a0 pero nada m\u00e1s lejos de la realidad,\u00a0 tan solo es la consecuencia del \u201csusto\u201d que recibi\u00f3 por parte de alg\u00fanos componentes de la banda en su primera visita a las instalaciones.<\/p>\n<p style=\"text-align: justify;\">La Casa es una atracci\u00f3n que no deja indiferente a nadie.\u00a0 Si usted es de los que no se asustan f\u00e1cilmente, podr\u00e1 aprovechar la visita para disfrutar de los decorados, que recrean de forma tem\u00e1tica, escenas de pel\u00edculas cl\u00e1sicas del terror. La principal novedad de este a\u00f1o, son las instalaciones, que son nuevas,\u00a0 y estar\u00e1n ubicadas al final de la Fira,\u00a0 en el n\u00ba 11 de la Avda Juan Bautista Ferreres.<\/p>\n<p style=\"text-align: justify;\">Fuere como fuere, la Casa del Terror, tiene identidad propia y a d\u00eda de hoy, a\u00fan se desconoce quien se lo pasa mejor, si el visitante o el morador.\u00a0 Es una atracci\u00f3n completa en lo que a nivel de descarga de adrenalina se refiere, y desde estas l\u00edneas animamos a que una vez m\u00e1s se dejen abrazar por el terror, de la mano de esta siempre activa Banda de Cornetas y Tambores de l\u2019Olleria<\/p>\n<p style=\"text-align: justify;\"><iframe loading=\"lazy\" src=\"\/\/www.youtube.com\/embed\/smCgEOc4Zhs?list=UUqfbpmEZz3K4_meKafU2Kgw\" frameborder=\"0\" width=\"717\" height=\"403\"><\/iframe><\/p>\n<p>&nbsp;<\/p>\n<p><a href=\"http:\/\/www.portaldelolleria.es\/wp-content\/uploads\/2014\/10\/10616437_4675001770801_1478515062773839101_n1.jpg\"><img loading=\"lazy\" class=\"aligncenter size-full wp-image-7364\" title=\"10616437_4675001770801_1478515062773839101_n\" src=\"http:\/\/www.portaldelolleria.es\/wp-content\/uploads\/2014\/10\/10616437_4675001770801_1478515062773839101_n1.jpg\" alt=\"\" width=\"673\" height=\"960\" srcset=\"http:\/\/www.portaldelolleria.es\/wp-content\/uploads\/2014\/10\/10616437_4675001770801_1478515062773839101_n1.jpg 673w, http:\/\/www.portaldelolleria.es\/wp-content\/uploads\/2014\/10\/10616437_4675001770801_1478515062773839101_n1-210x300.jpg 210w\" sizes=\"(max-width: 673px) 100vw, 673px\" \/><\/a><\/p>\n","protected":false},"excerpt":{"rendered":"<p>Como cada a\u00f1o, vuelve la Casa del Terror, todo un cl\u00e1sico en\u00a0 la Fira de l\u2019Olleria\u00a0 (del 26 al 29 de Octubre) con sorpresas s\u00f3lo desvelables para los adictos y otros \u201cvalientes\u201d dispuestos a entrar en ella.\u00a0 Organizado por\u00a0 La Banda de Cornetas y Tambores del\u00a0 Stmo. Cristo de la Palma, sus componentes\u00a0 preparan con [&hellip;]<\/p>\n","protected":false},"author":1,"featured_media":0,"comment_status":"closed","ping_status":"open","sticky":false,"template":"","format":"standard","meta":{"_monsterinsights_skip_tracking":false,"_monsterinsights_sitenote_active":false,"_monsterinsights_sitenote_note":"","_monsterinsights_sitenote_category":0},"categories":[15,12],"tags":[810,390,344,20],"_links":{"self":[{"href":"http:\/\/www.portaldelolleria.es\/index.php?rest_route=\/wp\/v2\/posts\/7363"}],"collection":[{"href":"http:\/\/www.portaldelolleria.es\/index.php?rest_route=\/wp\/v2\/posts"}],"about":[{"href":"http:\/\/www.portaldelolleria.es\/index.php?rest_route=\/wp\/v2\/types\/post"}],"author":[{"embeddable":true,"href":"http:\/\/www.portaldelolleria.es\/index.php?rest_route=\/wp\/v2\/users\/1"}],"replies":[{"embeddable":true,"href":"http:\/\/www.portaldelolleria.es\/index.php?rest_route=%2Fwp%2Fv2%2Fcomments&post=7363"}],"version-history":[{"count":4,"href":"http:\/\/www.portaldelolleria.es\/index.php?rest_route=\/wp\/v2\/posts\/7363\/revisions"}],"predecessor-version":[{"id":7368,"href":"http:\/\/www.portaldelolleria.es\/index.php?rest_route=\/wp\/v2\/posts\/7363\/revisions\/7368"}],"wp:attachment":[{"href":"http:\/\/www.portaldelolleria.es\/index.php?rest_route=%2Fwp%2Fv2%2Fmedia&parent=7363"}],"wp:term":[{"taxonomy":"category","embeddable":true,"href":"http:\/\/www.portaldelolleria.es\/index.php?rest_route=%2Fwp%2Fv2%2Fcategories&post=7363"},{"taxonomy":"post_tag","embeddable":true,"href":"http:\/\/www.portaldelolleria.es\/index.php?rest_route=%2Fwp%2Fv2%2Ftags&post=7363"}],"curies":[{"name":"wp","href":"https:\/\/api.w.org\/{rel}","templated":true}]}}