{"id":7386,"date":"2014-10-24T18:49:35","date_gmt":"2014-10-24T16:49:35","guid":{"rendered":"http:\/\/www.portaldelolleria.es\/?p=7386"},"modified":"2014-10-24T18:50:18","modified_gmt":"2014-10-24T16:50:18","slug":"la-biblioteca-de-lolleria-celebra-su-dia-con-una-venta-solidaria-de-libros","status":"publish","type":"post","link":"http:\/\/www.portaldelolleria.es\/?p=7386","title":{"rendered":"La biblioteca de l&#8217;Olleria celebra su d\u00eda, con una venta solidaria de libros."},"content":{"rendered":"<p><a href=\"http:\/\/www.portaldelolleria.es\/wp-content\/uploads\/2014\/10\/libros_olleria2.jpg\"><img loading=\"lazy\" class=\"aligncenter size-full wp-image-7388\" title=\"libros_olleria2\" src=\"http:\/\/www.portaldelolleria.es\/wp-content\/uploads\/2014\/10\/libros_olleria2.jpg\" alt=\"\" width=\"598\" height=\"398\" srcset=\"http:\/\/www.portaldelolleria.es\/wp-content\/uploads\/2014\/10\/libros_olleria2.jpg 598w, http:\/\/www.portaldelolleria.es\/wp-content\/uploads\/2014\/10\/libros_olleria2-300x199.jpg 300w\" sizes=\"(max-width: 598px) 100vw, 598px\" \/><\/a><\/p>\n<p style=\"text-align: justify;\">Con un d\u00eda de antelaci\u00f3n y para no hacerlo coincidir con el montaje de las casetas de la fira, y aprovechar el d\u00eda de mercado, se celebr\u00f3 el \u201cD\u00eda de la Biblioteca\u201d, con una venta solidaria de libros.<\/p>\n<p style=\"text-align: justify;\">Al simb\u00f3lico precio de 1 euro, los aficionados a la lectura, pudieron llevarse, desde un amplio abanico de literatura narrativa, ensayo, ciencia ficci\u00f3n, biograf\u00edas, \u00a0hasta un manual de como escoger el nombre para un beb\u00e9.\u00a0 Majestuosos tomos como los del \u201cEl can\u00e7oner musical d\u2019Ontinyent\u201d, o un interesante Manual de historia Universal,\u00a0 adem\u00e1s de un significativo surtido de literatura infantil.\u00a0 Joyas en definitiva para alimentar el m\u00e1s selecto de los intelectos a un precio simb\u00f3lico.<\/p>\n<p style=\"text-align: justify;\">A media ma\u00f1ana, el puesto fue visitado\u00a0 por el Alcalde y el concejal de Cultura.\u00a0 Jos\u00e9 Vidal y Jes\u00fas Engo respectivamente,\u00a0 los cuales se congratulaban de la participaci\u00f3n, y la buena predisposici\u00f3n de los ollerienses\u00a0 ante este tipo de iniciativas.<\/p>\n<p style=\"text-align: justify;\">El \u00e9xito de ventas y la concurrencia de p\u00fablico, est\u00e1 garantizada cada a\u00f1o, ya que a fin de cuentas es un sano trueque de cultura por solidaridad. Toda la recaudaci\u00f3n se destina a recursos y acciones para personas con diversidad funcional de la localidad.<\/p>\n<p><a href=\"http:\/\/www.portaldelolleria.es\/wp-content\/uploads\/2014\/10\/libros_olleria.jpg\"><img loading=\"lazy\" class=\"aligncenter size-full wp-image-7387\" title=\"libros_olleria\" src=\"http:\/\/www.portaldelolleria.es\/wp-content\/uploads\/2014\/10\/libros_olleria.jpg\" alt=\"\" width=\"598\" height=\"398\" srcset=\"http:\/\/www.portaldelolleria.es\/wp-content\/uploads\/2014\/10\/libros_olleria.jpg 598w, http:\/\/www.portaldelolleria.es\/wp-content\/uploads\/2014\/10\/libros_olleria-300x199.jpg 300w\" sizes=\"(max-width: 598px) 100vw, 598px\" \/><\/a><\/p>\n","protected":false},"excerpt":{"rendered":"<p>Con un d\u00eda de antelaci\u00f3n y para no hacerlo coincidir con el montaje de las casetas de la fira, y aprovechar el d\u00eda de mercado, se celebr\u00f3 el \u201cD\u00eda de la Biblioteca\u201d, con una venta solidaria de libros. Al simb\u00f3lico precio de 1 euro, los aficionados a la lectura, pudieron llevarse, desde un amplio abanico [&hellip;]<\/p>\n","protected":false},"author":1,"featured_media":0,"comment_status":"closed","ping_status":"open","sticky":false,"template":"","format":"standard","meta":{"_monsterinsights_skip_tracking":false,"_monsterinsights_sitenote_active":false,"_monsterinsights_sitenote_note":"","_monsterinsights_sitenote_category":0},"categories":[16,12],"tags":[41,20,65,692,691],"_links":{"self":[{"href":"http:\/\/www.portaldelolleria.es\/index.php?rest_route=\/wp\/v2\/posts\/7386"}],"collection":[{"href":"http:\/\/www.portaldelolleria.es\/index.php?rest_route=\/wp\/v2\/posts"}],"about":[{"href":"http:\/\/www.portaldelolleria.es\/index.php?rest_route=\/wp\/v2\/types\/post"}],"author":[{"embeddable":true,"href":"http:\/\/www.portaldelolleria.es\/index.php?rest_route=\/wp\/v2\/users\/1"}],"replies":[{"embeddable":true,"href":"http:\/\/www.portaldelolleria.es\/index.php?rest_route=%2Fwp%2Fv2%2Fcomments&post=7386"}],"version-history":[{"count":2,"href":"http:\/\/www.portaldelolleria.es\/index.php?rest_route=\/wp\/v2\/posts\/7386\/revisions"}],"predecessor-version":[{"id":7390,"href":"http:\/\/www.portaldelolleria.es\/index.php?rest_route=\/wp\/v2\/posts\/7386\/revisions\/7390"}],"wp:attachment":[{"href":"http:\/\/www.portaldelolleria.es\/index.php?rest_route=%2Fwp%2Fv2%2Fmedia&parent=7386"}],"wp:term":[{"taxonomy":"category","embeddable":true,"href":"http:\/\/www.portaldelolleria.es\/index.php?rest_route=%2Fwp%2Fv2%2Fcategories&post=7386"},{"taxonomy":"post_tag","embeddable":true,"href":"http:\/\/www.portaldelolleria.es\/index.php?rest_route=%2Fwp%2Fv2%2Ftags&post=7386"}],"curies":[{"name":"wp","href":"https:\/\/api.w.org\/{rel}","templated":true}]}}