{"id":7400,"date":"2014-10-28T01:55:22","date_gmt":"2014-10-27T23:55:22","guid":{"rendered":"http:\/\/www.portaldelolleria.es\/?p=7400"},"modified":"2014-10-31T01:49:36","modified_gmt":"2014-10-30T23:49:36","slug":"cap-amunt-xv-volta-cicloturista-fira-de-l%e2%80%99olleria","status":"publish","type":"post","link":"http:\/\/www.portaldelolleria.es\/?p=7400","title":{"rendered":"Cap Amunt &#8211; XV VOLTA CICLOTURISTA  FIRA DE L\u2019OLLERIA"},"content":{"rendered":"<p><a href=\"http:\/\/www.portaldelolleria.es\/wp-content\/uploads\/2014\/10\/ccamuntfira.jpg\"><img loading=\"lazy\" class=\"aligncenter size-full wp-image-7405\" title=\"ccamuntfira\" src=\"http:\/\/www.portaldelolleria.es\/wp-content\/uploads\/2014\/10\/ccamuntfira.jpg\" alt=\"\" width=\"598\" height=\"398\" srcset=\"http:\/\/www.portaldelolleria.es\/wp-content\/uploads\/2014\/10\/ccamuntfira.jpg 598w, http:\/\/www.portaldelolleria.es\/wp-content\/uploads\/2014\/10\/ccamuntfira-300x199.jpg 300w\" sizes=\"(max-width: 598px) 100vw, 598px\" \/><\/a><\/p>\n<p>Como todos los a\u00f1os, el s\u00e1bado realizamos el memorial Rafael Ferri (Mauro), que se trata de dar una vuelta con bicicleta por algunos pueblos de la Vall d\u2019Albaida. Aprovechando que la poblaci\u00f3n de l\u2019Olleria est\u00e1 de feria, el club realiza una vuelta para todo tipo de bicicleta, ya que esta prueba es solo para conocernos todos los amantes de la bici y que la juventud se empiece a iniciar.<\/p>\n<p>Las inscripciones se realizaron de 8:00 a 8:45h para apuntarse y pedir el bocadillo que se desea. Una vez realizado todas las verificaciones por los responsables, es decir que estuviera la ambulancia, el coche y furgona de apoyo, la Guardia civil y los componentes del club de Dos Ruedas Clasicas, se da por inicio a las 9:15h por el presidente del club.<\/p>\n<p>La salida se recorre siempre neutralizada, para que el grupo sea compacto, ya que no es una carrera, es una salida para que todo el mundo disfrute en compa\u00f1\u00eda de los que nos gusta la bici y m\u00e1s cuando ves que el padre o la madre tira del carro o con el palo de uni\u00f3n de la bici peque\u00f1a para que disfrute sus hijos. Tambi\u00e9n ver a gente joven que aun pare ellos se una salida dura lo dan todo. Chicos de 8 a\u00f1os ir y volver, unas hermanas peque\u00f1as de unos 6 a\u00f1os ir hasta el almuerzo. Esto es el esp\u00edritu de esta vuelta, el ver gente joven, gente mayor, mujeres, hombres, todos al mismo compas y disfrutando de un d\u00eda maravilloso.<\/p>\n<p>Al arrancar en primer lugar va la Guardia Civil, seguido del coche de la autoescuela Ugarci, despu\u00e9s yo (Presi), que marco la velocidad de la vuelta, seguido de una serpiente multicolor que forman todos los ciclistas, que este a\u00f1o superen los 120 ciclistas, despu\u00e9s la ambulancia y despu\u00e9s la furgona de Suministros Hosteleros. Salimos de la poblaci\u00f3n por el pol\u00edgono direcci\u00f3n Alfarrasi. Pasamos por las poblaciones de Alfarrasi, Benisuera, Sempere, Guadass\u00e9quies y llegamos a Benig\u00e0nim. En esta \u00faltima poblaci\u00f3n se almuerza todo el pelot\u00f3n. Despues de un almuerzo en muy buena compa\u00f1\u00eda el Presi comunica que la recaudaci\u00f3n es para el almuerzo y para hacer un centro a nuestro compa\u00f1ero Mauro, ya que esta vuelta su inicio fue un participe. El Presi comunica que a la tarde \u00e9l y algunos compa\u00f1eros llevaran el ramo al cementerio. Ya finalizado el almuerzo foro conmemorativa y se inicia la vuelta<\/p>\n<p>La salida es de Benig\u00e0nim direcci\u00f3n Alfarrasi y finaliza en l\u2019Olleria. Es un poco m\u00e1s corta la vuelta ya que es un poco cuesta arriba y la intenci\u00f3n es llegar pronto para que sigan disfrutando de nuestra feria. Desde el club dar las gracias a todo el mundo que ha participado este a\u00f1o, como a todo el mundo que apoya esta vuelta, Guardia Civil, Autoescuela Ugarci, Suministro Hosteleros; Dos ruedas Cl\u00e1sicas, Polic\u00eda Local de l\u2019Olleria y Benig\u00e0nim, Ayuntamientos de poblaciones que pasamos y personas que desinteresadamente nos ayudan (Javier Camarena). Yo como presidente y responsable quiero agradecer a todo el mundo el buen comportamiento y dar a todo el mundo las gracias por participar en esta vuelta que este a\u00f1o ha sido todo un \u00e9xito. Y quiero invitar a que el a\u00f1o que viene vuelva a participar.<\/p>\n<p><a href=\"http:\/\/www.portaldelolleria.es\/wp-content\/uploads\/2014\/10\/Fira-de-lOlleria-2014-31.jpg\"><img loading=\"lazy\" class=\"aligncenter size-full wp-image-7401\" title=\"Fira de l'Olleria 2014 (31)\" src=\"http:\/\/www.portaldelolleria.es\/wp-content\/uploads\/2014\/10\/Fira-de-lOlleria-2014-31.jpg\" alt=\"\" width=\"599\" height=\"449\" srcset=\"http:\/\/www.portaldelolleria.es\/wp-content\/uploads\/2014\/10\/Fira-de-lOlleria-2014-31.jpg 717w, http:\/\/www.portaldelolleria.es\/wp-content\/uploads\/2014\/10\/Fira-de-lOlleria-2014-31-300x225.jpg 300w\" sizes=\"(max-width: 599px) 100vw, 599px\" \/><\/a><\/p>\n<p>&nbsp;<\/p>\n<p><a href=\"http:\/\/www.portaldelolleria.es\/wp-content\/uploads\/2014\/10\/Fira-de-lOlleria-2014-34.jpg\"><img loading=\"lazy\" class=\"aligncenter size-full wp-image-7402\" title=\"Fira de l'Olleria 2014 (34)\" src=\"http:\/\/www.portaldelolleria.es\/wp-content\/uploads\/2014\/10\/Fira-de-lOlleria-2014-34.jpg\" alt=\"\" width=\"717\" height=\"538\" srcset=\"http:\/\/www.portaldelolleria.es\/wp-content\/uploads\/2014\/10\/Fira-de-lOlleria-2014-34.jpg 717w, http:\/\/www.portaldelolleria.es\/wp-content\/uploads\/2014\/10\/Fira-de-lOlleria-2014-34-300x225.jpg 300w\" sizes=\"(max-width: 717px) 100vw, 717px\" \/><\/a><\/p>\n<p><a href=\"http:\/\/www.portaldelolleria.es\/wp-content\/uploads\/2014\/10\/Fira-de-lOlleria-2014-43.jpg\"><img loading=\"lazy\" class=\"aligncenter size-full wp-image-7404\" title=\"Fira de l'Olleria 2014 (43)\" src=\"http:\/\/www.portaldelolleria.es\/wp-content\/uploads\/2014\/10\/Fira-de-lOlleria-2014-43.jpg\" alt=\"\" width=\"717\" height=\"403\" srcset=\"http:\/\/www.portaldelolleria.es\/wp-content\/uploads\/2014\/10\/Fira-de-lOlleria-2014-43.jpg 717w, http:\/\/www.portaldelolleria.es\/wp-content\/uploads\/2014\/10\/Fira-de-lOlleria-2014-43-300x168.jpg 300w\" sizes=\"(max-width: 717px) 100vw, 717px\" \/><\/a><\/p>\n<p>todas las im\u00e1genes de la vuelta en :\u00a0<a href=\"http:\/\/www.cccapamunt.com\/Cronica.php?numero=79\" target=\"_blank\"> http:\/\/www.cccapamunt.com\/Cronica.php?numero=79<\/a><\/p>\n<p>&nbsp;<br \/>\n<iframe loading=\"lazy\" width=\"717\" height=\"403\" src=\"\/\/www.youtube.com\/embed\/MMA2h5xeW8A\" frameborder=\"0\" allowfullscreen><\/iframe><\/p>\n","protected":false},"excerpt":{"rendered":"<p>Como todos los a\u00f1os, el s\u00e1bado realizamos el memorial Rafael Ferri (Mauro), que se trata de dar una vuelta con bicicleta por algunos pueblos de la Vall d\u2019Albaida. Aprovechando que la poblaci\u00f3n de l\u2019Olleria est\u00e1 de feria, el club realiza una vuelta para todo tipo de bicicleta, ya que esta prueba es solo para conocernos [&hellip;]<\/p>\n","protected":false},"author":1,"featured_media":0,"comment_status":"closed","ping_status":"open","sticky":false,"template":"","format":"standard","meta":{"_monsterinsights_skip_tracking":false,"_monsterinsights_sitenote_active":false,"_monsterinsights_sitenote_note":"","_monsterinsights_sitenote_category":0},"categories":[9,12],"tags":[219,351,344,20],"_links":{"self":[{"href":"http:\/\/www.portaldelolleria.es\/index.php?rest_route=\/wp\/v2\/posts\/7400"}],"collection":[{"href":"http:\/\/www.portaldelolleria.es\/index.php?rest_route=\/wp\/v2\/posts"}],"about":[{"href":"http:\/\/www.portaldelolleria.es\/index.php?rest_route=\/wp\/v2\/types\/post"}],"author":[{"embeddable":true,"href":"http:\/\/www.portaldelolleria.es\/index.php?rest_route=\/wp\/v2\/users\/1"}],"replies":[{"embeddable":true,"href":"http:\/\/www.portaldelolleria.es\/index.php?rest_route=%2Fwp%2Fv2%2Fcomments&post=7400"}],"version-history":[{"count":5,"href":"http:\/\/www.portaldelolleria.es\/index.php?rest_route=\/wp\/v2\/posts\/7400\/revisions"}],"predecessor-version":[{"id":7460,"href":"http:\/\/www.portaldelolleria.es\/index.php?rest_route=\/wp\/v2\/posts\/7400\/revisions\/7460"}],"wp:attachment":[{"href":"http:\/\/www.portaldelolleria.es\/index.php?rest_route=%2Fwp%2Fv2%2Fmedia&parent=7400"}],"wp:term":[{"taxonomy":"category","embeddable":true,"href":"http:\/\/www.portaldelolleria.es\/index.php?rest_route=%2Fwp%2Fv2%2Fcategories&post=7400"},{"taxonomy":"post_tag","embeddable":true,"href":"http:\/\/www.portaldelolleria.es\/index.php?rest_route=%2Fwp%2Fv2%2Ftags&post=7400"}],"curies":[{"name":"wp","href":"https:\/\/api.w.org\/{rel}","templated":true}]}}