{"id":7463,"date":"2014-10-31T13:58:51","date_gmt":"2014-10-31T11:58:51","guid":{"rendered":"http:\/\/www.portaldelolleria.es\/?p=7463"},"modified":"2014-10-31T13:58:51","modified_gmt":"2014-10-31T11:58:51","slug":"la-dipu-te-eurobeca","status":"publish","type":"post","link":"http:\/\/www.portaldelolleria.es\/?p=7463","title":{"rendered":"la Dipu te EuroBeca"},"content":{"rendered":"<p>&nbsp;<\/p>\n<p><a href=\"http:\/\/www.portaldelolleria.es\/wp-content\/uploads\/2014\/10\/eurobecas.jpg\"><img loading=\"lazy\" class=\"aligncenter size-full wp-image-7464\" title=\"eurobecas\" src=\"http:\/\/www.portaldelolleria.es\/wp-content\/uploads\/2014\/10\/eurobecas.jpg\" alt=\"\" width=\"598\" height=\"398\" srcset=\"http:\/\/www.portaldelolleria.es\/wp-content\/uploads\/2014\/10\/eurobecas.jpg 598w, http:\/\/www.portaldelolleria.es\/wp-content\/uploads\/2014\/10\/eurobecas-300x199.jpg 300w\" sizes=\"(max-width: 598px) 100vw, 598px\" \/><\/a><\/p>\n<div data-canvas-width=\"292.5299999999999\" data-angle=\"0\" data-font-name=\"g_font_2\">La Diputaci\u00f3n de Valencia viene fomentando la integraci\u00f3n y la incorporaci\u00f3n de los j\u00f3venes valencianos al mercado laboral mediante iniciativas que permitan favorecer la formaci\u00f3n de este colectivoa la vez que abra nuevas posibilidades de colaboraci\u00f3n con entidades y organismos transnacionales. En este sentido, considerando la globalizaci\u00f3n de la econom\u00eda y la internacionalizaci\u00f3n de las medidas a nivel europeo se ha considerado oportuno y conveniente convocar unas becas formativas que permitan que j\u00f3venes valencianos completen su formaci\u00f3n en instituciones, entidades y organizaciones europeas de forma que se produzca una mayor colaboraci\u00f3n entre los municipios valencianos y los organismos europeos, puesto que estos j\u00f3venes ser\u00e1n el instrumento que nos permita alcanzar metas europeas.<\/div>\n<div data-canvas-width=\"219.03\" data-angle=\"0\" data-font-name=\"g_font_2\">En este sentido la Diputaci\u00f3n de Valencia ha dise\u00f1ado un programa de becas, pr\u00e1cticas formativas que permitir\u00e1 a un n\u00famero de j\u00f3venes de la provincia de valencia mejorar sus conocimientos, su nivel de idioma extranjero y en la medida de lo posible hacer extrapolable su experiencia y acercar las pol\u00edticas europeas a los distintos ayuntamientos de la provincia de Valencia.<\/div>\n<div data-canvas-width=\"219.03\" data-angle=\"0\" data-font-name=\"g_font_2\">mas informaci\u00f3n:\u00a0 <a href=\"http:\/\/www.portaldelolleria.es\/pdfs\/bop 257 de 29_10_2014.pdf\" target=\"_blank\">BOP<\/a><\/div>\n","protected":false},"excerpt":{"rendered":"<p>&nbsp; La Diputaci\u00f3n de Valencia viene fomentando la integraci\u00f3n y la incorporaci\u00f3n de los j\u00f3venes valencianos al mercado laboral mediante iniciativas que permitan favorecer la formaci\u00f3n de este colectivoa la vez que abra nuevas posibilidades de colaboraci\u00f3n con entidades y organismos transnacionales. En este sentido, considerando la globalizaci\u00f3n de la econom\u00eda y la internacionalizaci\u00f3n de [&hellip;]<\/p>\n","protected":false},"author":1,"featured_media":0,"comment_status":"closed","ping_status":"open","sticky":false,"template":"","format":"standard","meta":{"_monsterinsights_skip_tracking":false,"_monsterinsights_sitenote_active":false,"_monsterinsights_sitenote_note":"","_monsterinsights_sitenote_category":0},"categories":[11,12],"tags":[68,160,907,20],"_links":{"self":[{"href":"http:\/\/www.portaldelolleria.es\/index.php?rest_route=\/wp\/v2\/posts\/7463"}],"collection":[{"href":"http:\/\/www.portaldelolleria.es\/index.php?rest_route=\/wp\/v2\/posts"}],"about":[{"href":"http:\/\/www.portaldelolleria.es\/index.php?rest_route=\/wp\/v2\/types\/post"}],"author":[{"embeddable":true,"href":"http:\/\/www.portaldelolleria.es\/index.php?rest_route=\/wp\/v2\/users\/1"}],"replies":[{"embeddable":true,"href":"http:\/\/www.portaldelolleria.es\/index.php?rest_route=%2Fwp%2Fv2%2Fcomments&post=7463"}],"version-history":[{"count":1,"href":"http:\/\/www.portaldelolleria.es\/index.php?rest_route=\/wp\/v2\/posts\/7463\/revisions"}],"predecessor-version":[{"id":7465,"href":"http:\/\/www.portaldelolleria.es\/index.php?rest_route=\/wp\/v2\/posts\/7463\/revisions\/7465"}],"wp:attachment":[{"href":"http:\/\/www.portaldelolleria.es\/index.php?rest_route=%2Fwp%2Fv2%2Fmedia&parent=7463"}],"wp:term":[{"taxonomy":"category","embeddable":true,"href":"http:\/\/www.portaldelolleria.es\/index.php?rest_route=%2Fwp%2Fv2%2Fcategories&post=7463"},{"taxonomy":"post_tag","embeddable":true,"href":"http:\/\/www.portaldelolleria.es\/index.php?rest_route=%2Fwp%2Fv2%2Ftags&post=7463"}],"curies":[{"name":"wp","href":"https:\/\/api.w.org\/{rel}","templated":true}]}}