{"id":7495,"date":"2014-11-06T22:46:37","date_gmt":"2014-11-06T20:46:37","guid":{"rendered":"http:\/\/www.portaldelolleria.es\/?p=7495"},"modified":"2014-11-07T09:11:42","modified_gmt":"2014-11-07T07:11:42","slug":"la-diputacion-firma-convenio-de-colaboracion-con-el-ayuntamiento-de-lolleria","status":"publish","type":"post","link":"http:\/\/www.portaldelolleria.es\/?p=7495","title":{"rendered":"La Diputaci\u00f3n firma convenio de colaboraci\u00f3n con el Ayuntamiento de L&#8217;Olleria."},"content":{"rendered":"<p><a href=\"http:\/\/www.portaldelolleria.es\/wp-content\/uploads\/2014\/11\/salido3.jpg\"><img loading=\"lazy\" class=\"aligncenter size-full wp-image-7496\" title=\"salido3\" src=\"http:\/\/www.portaldelolleria.es\/wp-content\/uploads\/2014\/11\/salido3.jpg\" alt=\"\" width=\"598\" height=\"398\" srcset=\"http:\/\/www.portaldelolleria.es\/wp-content\/uploads\/2014\/11\/salido3.jpg 598w, http:\/\/www.portaldelolleria.es\/wp-content\/uploads\/2014\/11\/salido3-300x199.jpg 300w\" sizes=\"(max-width: 598px) 100vw, 598px\" \/><\/a><\/p>\n<p style=\"text-align: justify;\">El Presidente de la Diputaci\u00f3n Provincial de Valencia, D. Alfonso Rus, y el Alcalde-Presidente del Ayuntamiento de L&#8217;Olleria, el D. Jos\u00e9 Vidal, firman un convenio singular de colaboraci\u00f3n para dotar de suministro de electricidad y agua potable en la finca Heretat del Salido &#8216;.\u00a0 La Diputaci\u00f3n Provincial de Valencia concede la cantidad de 70.000 \u20ac para finalizar este gran proyecto. Con esta inversi\u00f3n, L\u2019Olleria transformar\u00e1 la finca Heretat del Salido en un albergue municipal. Durante la firma del acuerdo, el alcalde Jos\u00e9 Vidal ha explicado que el municipio destinar\u00e1 esta infraestructura, ubicada en un paraje natural, a un espacio para j\u00f3venes con un aula de educaci\u00f3n ambiental. La gesti\u00f3n y explotaci\u00f3n de dicho alojamiento rural, estar\u00e1 gestionado por una empresa privada a fin de garantizar unos ingresos fijos anuales.<\/p>\n<p style=\"text-align: justify;\"><a style=\"text-align: justify;\"><img loading=\"lazy\" class=\"aligncenter size-full wp-image-7510\" title=\"salido4\" src=\"http:\/\/www.portaldelolleria.es\/wp-content\/uploads\/2014\/11\/salido4.jpg\" alt=\"\" width=\"598\" height=\"398\" srcset=\"http:\/\/www.portaldelolleria.es\/wp-content\/uploads\/2014\/11\/salido4.jpg 598w, http:\/\/www.portaldelolleria.es\/wp-content\/uploads\/2014\/11\/salido4-300x199.jpg 300w\" sizes=\"(max-width: 598px) 100vw, 598px\" \/><\/a><\/p>\n","protected":false},"excerpt":{"rendered":"<p>El Presidente de la Diputaci\u00f3n Provincial de Valencia, D. Alfonso Rus, y el Alcalde-Presidente del Ayuntamiento de L&#8217;Olleria, el D. Jos\u00e9 Vidal, firman un convenio singular de colaboraci\u00f3n para dotar de suministro de electricidad y agua potable en la finca Heretat del Salido &#8216;.\u00a0 La Diputaci\u00f3n Provincial de Valencia concede la cantidad de 70.000 \u20ac [&hellip;]<\/p>\n","protected":false},"author":1,"featured_media":0,"comment_status":"closed","ping_status":"open","sticky":false,"template":"","format":"standard","meta":{"_monsterinsights_skip_tracking":false,"_monsterinsights_sitenote_active":false,"_monsterinsights_sitenote_note":"","_monsterinsights_sitenote_category":0},"categories":[171,12],"tags":[545,160,1175,20],"_links":{"self":[{"href":"http:\/\/www.portaldelolleria.es\/index.php?rest_route=\/wp\/v2\/posts\/7495"}],"collection":[{"href":"http:\/\/www.portaldelolleria.es\/index.php?rest_route=\/wp\/v2\/posts"}],"about":[{"href":"http:\/\/www.portaldelolleria.es\/index.php?rest_route=\/wp\/v2\/types\/post"}],"author":[{"embeddable":true,"href":"http:\/\/www.portaldelolleria.es\/index.php?rest_route=\/wp\/v2\/users\/1"}],"replies":[{"embeddable":true,"href":"http:\/\/www.portaldelolleria.es\/index.php?rest_route=%2Fwp%2Fv2%2Fcomments&post=7495"}],"version-history":[{"count":7,"href":"http:\/\/www.portaldelolleria.es\/index.php?rest_route=\/wp\/v2\/posts\/7495\/revisions"}],"predecessor-version":[{"id":7498,"href":"http:\/\/www.portaldelolleria.es\/index.php?rest_route=\/wp\/v2\/posts\/7495\/revisions\/7498"}],"wp:attachment":[{"href":"http:\/\/www.portaldelolleria.es\/index.php?rest_route=%2Fwp%2Fv2%2Fmedia&parent=7495"}],"wp:term":[{"taxonomy":"category","embeddable":true,"href":"http:\/\/www.portaldelolleria.es\/index.php?rest_route=%2Fwp%2Fv2%2Fcategories&post=7495"},{"taxonomy":"post_tag","embeddable":true,"href":"http:\/\/www.portaldelolleria.es\/index.php?rest_route=%2Fwp%2Fv2%2Ftags&post=7495"}],"curies":[{"name":"wp","href":"https:\/\/api.w.org\/{rel}","templated":true}]}}