{"id":7519,"date":"2014-11-07T10:54:52","date_gmt":"2014-11-07T08:54:52","guid":{"rendered":"http:\/\/www.portaldelolleria.es\/?p=7519"},"modified":"2014-11-07T10:54:52","modified_gmt":"2014-11-07T08:54:52","slug":"cine-goya-rio-2","status":"publish","type":"post","link":"http:\/\/www.portaldelolleria.es\/?p=7519","title":{"rendered":"Cine Goya:  Rio 2"},"content":{"rendered":"<p><a href=\"http:\/\/www.portaldelolleria.es\/wp-content\/uploads\/2014\/11\/rio2.jpg\"><img loading=\"lazy\" class=\"aligncenter size-full wp-image-7520\" title=\"rio2\" src=\"http:\/\/www.portaldelolleria.es\/wp-content\/uploads\/2014\/11\/rio2.jpg\" alt=\"\" width=\"598\" height=\"398\" srcset=\"http:\/\/www.portaldelolleria.es\/wp-content\/uploads\/2014\/11\/rio2.jpg 598w, http:\/\/www.portaldelolleria.es\/wp-content\/uploads\/2014\/11\/rio2-300x199.jpg 300w\" sizes=\"(max-width: 598px) 100vw, 598px\" \/><\/a><\/p>\n<p>&nbsp;<\/p>\n<p><span style=\"font-size: medium;\">Cine Goya,\u00a0 Rio 2 domingo 9 de noviembre,\u00a0 17:30 h<\/span><\/p>\n<dl class=\"movie-info\">\n<dt><span style=\"font-size: small;\"><br \/>\n<\/span><\/dt>\n<dt><span style=\"font-size: small;\">T\u00edtulo original<\/span><span style=\"font-size: small;\">\u00a0\u00a0 <strong>Rio 2<\/strong><\/span><\/dt>\n<dt><span style=\"font-size: small;\">A\u00f1o<\/span><span style=\"font-size: small;\"> 2014<\/span><\/dt>\n<dt><span style=\"font-size: small;\">Duraci\u00f3n<\/span><span style=\"font-size: small;\"> 101 min.<\/span><\/dt>\n<dt><span style=\"font-size: small;\">Pa\u00eds<\/span><span style=\"font-size: small;\"><span id=\"country-img\"> <img title=\"Estados Unidos\" src=\"http:\/\/www.filmaffinity.com\/imgs\/countries\/US.jpg\" alt=\"\" \/><\/span>\u00a0Estados Unidos<\/span><\/dt>\n<dt><span style=\"font-size: small;\">Director<\/span><\/dt>\n<dd><span style=\"font-size: small;\"><a href=\"http:\/\/www.filmaffinity.com\/es\/search.php?stype=director&amp;stext=Carlos+Saldanha\">Carlos Saldanha<\/a><\/span><\/dd>\n<dt><span style=\"font-size: small;\">Gui\u00f3n<\/span><\/dt>\n<dd><span style=\"font-size: small;\">Carlos Saldanha<\/span><\/dd>\n<dt><span style=\"font-size: small;\">M\u00fasica<\/span><\/dt>\n<dd><span style=\"font-size: small;\">S\u00e9rgio Mendes<\/span><\/dd>\n<dt><span style=\"font-size: small;\">Fotograf\u00eda<\/span><\/dt>\n<dd><span style=\"font-size: small;\">Renato Falc\u00e3o<\/span><\/dd>\n<dt><span style=\"font-size: small;\">Reparto<\/span><\/dt>\n<dd><span style=\"font-size: small;\"><a href=\"http:\/\/www.filmaffinity.com\/es\/search.php?stype=cast&amp;stext=Animation\">Animation<\/a><\/span><\/dd>\n<dt><span style=\"font-size: small;\">Productora<\/span><\/dt>\n<dd><span style=\"font-size: small;\">Blue Sky Studios \/ Twentieth Century Fox Animation<\/span><\/dd>\n<dt><span style=\"font-size: small;\">G\u00e9nero<\/span><\/dt>\n<dd><span style=\"font-size: small;\"><a href=\"http:\/\/www.filmaffinity.com\/es\/moviegenre.php?genre=AN&amp;attr=rat_count\">Animaci\u00f3n<\/a>. <a href=\"http:\/\/www.filmaffinity.com\/es\/moviegenre.php?genre=CO&amp;attr=rat_count\">Comedia<\/a>. <a href=\"http:\/\/www.filmaffinity.com\/es\/moviegenre.php?genre=AV&amp;attr=rat_count\">Aventuras<\/a>. <a href=\"http:\/\/www.filmaffinity.com\/es\/moviegenre.php?genre=INF&amp;attr=rat_count\">Infantil<\/a> | <a href=\"http:\/\/www.filmaffinity.com\/es\/movietopic.php?topic=739885&amp;attr=rat_count\">P\u00e1jaros<\/a>. <a href=\"http:\/\/www.filmaffinity.com\/es\/movietopic.php?topic=461156&amp;attr=rat_count\">3-D<\/a>. <a href=\"http:\/\/www.filmaffinity.com\/es\/movietopic.php?topic=638971&amp;attr=rat_count\">Secuela<\/a><\/span><\/dd>\n<dt><span style=\"font-size: small;\">Web oficial<\/span><\/dt>\n<dd class=\"web-url\"><span style=\"font-size: small;\"><a href=\"http:\/\/www.riomovies.com\/\" target=\"_BLANK\">http:\/\/www.riomovies.com\/<\/a><\/span><\/dd>\n<dt><span style=\"font-size: small;\">Sinopsis<\/span><\/dt>\n<dd><span style=\"font-size: small;\">En \u201cR\u00edo 2&#8242;, Blu, Perla y sus tres hijos llevan una vida perfecta. Cuando Perla decide que los ni\u00f1os tienen que aprender a vivir como aut\u00e9nticas aves, insiste en que la familia se aventure a viajar al Amazonas. Mientras Blu trata de encajar con sus nuevos vecinos, le preocupa la posibilidad de perder a Perla y a los chicos ante la llamada de la selva.<\/span><\/dd>\n<\/dl>\n<p><iframe loading=\"lazy\" src=\"http:\/\/www.youtube.com\/embed\/cL23aernYCc\" frameborder=\"0\" width=\"717\" height=\"403\"><\/iframe><\/p>\n","protected":false},"excerpt":{"rendered":"<p>&nbsp; Cine Goya,\u00a0 Rio 2 domingo 9 de noviembre,\u00a0 17:30 h T\u00edtulo original\u00a0\u00a0 Rio 2 A\u00f1o 2014 Duraci\u00f3n 101 min. Pa\u00eds \u00a0Estados Unidos Director Carlos Saldanha Gui\u00f3n Carlos Saldanha M\u00fasica S\u00e9rgio Mendes Fotograf\u00eda Renato Falc\u00e3o Reparto Animation Productora Blue Sky Studios \/ Twentieth Century Fox Animation G\u00e9nero Animaci\u00f3n. Comedia. Aventuras. Infantil | P\u00e1jaros. 3-D. Secuela [&hellip;]<\/p>\n","protected":false},"author":1,"featured_media":0,"comment_status":"closed","ping_status":"open","sticky":false,"template":"","format":"standard","meta":{"_monsterinsights_skip_tracking":false,"_monsterinsights_sitenote_active":false,"_monsterinsights_sitenote_note":"","_monsterinsights_sitenote_category":0},"categories":[15,12],"tags":[297,491,226,1188],"_links":{"self":[{"href":"http:\/\/www.portaldelolleria.es\/index.php?rest_route=\/wp\/v2\/posts\/7519"}],"collection":[{"href":"http:\/\/www.portaldelolleria.es\/index.php?rest_route=\/wp\/v2\/posts"}],"about":[{"href":"http:\/\/www.portaldelolleria.es\/index.php?rest_route=\/wp\/v2\/types\/post"}],"author":[{"embeddable":true,"href":"http:\/\/www.portaldelolleria.es\/index.php?rest_route=\/wp\/v2\/users\/1"}],"replies":[{"embeddable":true,"href":"http:\/\/www.portaldelolleria.es\/index.php?rest_route=%2Fwp%2Fv2%2Fcomments&post=7519"}],"version-history":[{"count":1,"href":"http:\/\/www.portaldelolleria.es\/index.php?rest_route=\/wp\/v2\/posts\/7519\/revisions"}],"predecessor-version":[{"id":7521,"href":"http:\/\/www.portaldelolleria.es\/index.php?rest_route=\/wp\/v2\/posts\/7519\/revisions\/7521"}],"wp:attachment":[{"href":"http:\/\/www.portaldelolleria.es\/index.php?rest_route=%2Fwp%2Fv2%2Fmedia&parent=7519"}],"wp:term":[{"taxonomy":"category","embeddable":true,"href":"http:\/\/www.portaldelolleria.es\/index.php?rest_route=%2Fwp%2Fv2%2Fcategories&post=7519"},{"taxonomy":"post_tag","embeddable":true,"href":"http:\/\/www.portaldelolleria.es\/index.php?rest_route=%2Fwp%2Fv2%2Ftags&post=7519"}],"curies":[{"name":"wp","href":"https:\/\/api.w.org\/{rel}","templated":true}]}}