{"id":7522,"date":"2014-11-07T12:46:41","date_gmt":"2014-11-07T10:46:41","guid":{"rendered":"http:\/\/www.portaldelolleria.es\/?p=7522"},"modified":"2014-11-07T12:48:29","modified_gmt":"2014-11-07T10:48:29","slug":"lolleria-celebra-la-30-muestra-de-titeres-con-dos-actuaciones","status":"publish","type":"post","link":"http:\/\/www.portaldelolleria.es\/?p=7522","title":{"rendered":"L&#8217;Olleria celebra la 30 muestra de t\u00edteres con dos actuaciones"},"content":{"rendered":"<p><a href=\"http:\/\/www.portaldelolleria.es\/wp-content\/uploads\/2014\/11\/titelles3.jpg\"><img loading=\"lazy\" class=\"aligncenter size-full wp-image-7523\" title=\"titelles3\" src=\"http:\/\/www.portaldelolleria.es\/wp-content\/uploads\/2014\/11\/titelles3.jpg\" alt=\"\" width=\"598\" height=\"398\" srcset=\"http:\/\/www.portaldelolleria.es\/wp-content\/uploads\/2014\/11\/titelles3.jpg 598w, http:\/\/www.portaldelolleria.es\/wp-content\/uploads\/2014\/11\/titelles3-300x199.jpg 300w\" sizes=\"(max-width: 598px) 100vw, 598px\" \/><\/a><\/p>\n<p>La Muestra de T\u00edteres de la Vall d&#8217;Albaida que se est\u00e1 celebrando del 6 al 9 de noviembre cumple sus 30 a\u00f1os. El festival comarcal ofrecer\u00e1 un total de 24 propuestas en un total de 17 localidades: Agullent, Aielo de Malferit, Alfarras\u00ed, Atzeneta d&#8217;Albaida, Benig\u00e0nm, Benissoda, Bocairent , Castell\u00f3 de Rugat, Fontanares, Guadass\u00e8quies, Montichelvo,\u00a0 Ontinyent, Otos, Palomar y la Pobla del Duc.<\/p>\n<p>En l&#8217;Olleria, habr\u00e1 dos actuaciones, el mismo d\u00eda, s\u00e1bado 8 de noviembre.<\/p>\n<p>&nbsp;<\/p>\n<p><strong>A las 12:00h en la Biblioteca Muncipal de L&#8217;Olleria:\u00a0\u00a0<\/strong><\/p>\n<p>para ni\u00f1os de 1 a 4 a\u00f1os<br \/>\n<strong>EUGENIA MANZANERA<\/strong><br \/>\n(COMUNIDAD DE MADRID)<br \/>\n<strong>HISTORIAS CON CANDELA<\/strong><br \/>\nde Eugenia Manzanera<br \/>\nAcompa\u00f1ada por el m\u00fasico Iovis Fern\u00e1ndez, flauta travesera, guitarra, sansul &#8230; y muchos instrumentos juguetes-juguetones-musicales para envolver a Candela ya todos los que se acercan a escuchar y sentir sus historias Un dedo, un guante, marionetas, un hoja, un barco, una canci\u00f3n, una retah\u00edla &#8230; sensaciones, poemas, ritmos, tonos y silencios para viajar a trav\u00e9s de las historias.<br \/>\nHistoria de la compa\u00f1\u00eda<br \/>\nMi experiencia con beb\u00e9s inicia en el mundo de la narraci\u00f3n oral en 1997 en la Comunidad de Madrid. Y contin\u00faa en el teatro con La Casa Incierta, con mi intervenci\u00f3n en dos de sus creaciones: El circo incierto y Camina.<br \/>\nEn 2010, y con mi propia compa\u00f1\u00eda, nace Historias con Candela, espect\u00e1culo de peque\u00f1o formato para ni\u00f1os de 1 a 5 a\u00f1os. Seguir\u00e1 Caracoles (FETEN 2011) y Corporeoh (Feria de Ciudad Rodrigo 2013)<\/p>\n<p><strong><br \/>\n<\/strong><\/p>\n<p><strong>A las 19:30h en el\u00a0 Teatro Goya:<\/strong><\/p>\n<p>&nbsp;<\/p>\n<p><strong>LOS TITIRITEROS DE BIN\u00c9FAR<\/strong><br \/>\n(ARAG\u00d3N)<br \/>\n<strong>Maricasta\u00f1a<\/strong><br \/>\nde Juan Ram\u00f3n Jim\u00e9nez, Miguel Hern\u00e1ndez, Mar\u00eda Elena Walsh, Antonio Robles, Ram\u00f3n G\u00f3mez de la Serna<\/p>\n<p>Maricastanya y Bruno llegan de este sitio arcano en que viven los cuentos.<br \/>\nMiran al p\u00fablico a los ojos y entonces personajes como bandadas de p\u00e1jaros a comer de sus manos. Tocan m\u00fasicas populares, recitan f\u00e1bulas, inventan disparates y hacen bailar a los t\u00edteres en el retablo. Duerme el gato dentro de un sombrero? Quieren ver como un payaso-equilibrista aguanta en la cara por una pesada barra? Existe un desfile de ranas, moscas y diablos paseando ante el p\u00fablico? Todo es posible cuando Maricastanya y Bruno llegan convocados por la mirada transparente de los ni\u00f1os, a\u00fan mejor si est\u00e1n acompa\u00f1ados.<br \/>\nHistoria de la compa\u00f1\u00eda<br \/>\nLlevamos m\u00e1s de treinta a\u00f1os recorriendo caminos con nuestros boniatos, haciendo t\u00edteres y m\u00fasica por las calles, plazas, teatros y carpas. Nuestro teatro es siempre para todos: para los ni\u00f1os, tratados como personas sensibles y intel \u2022 inteligentes, y para los adultos que a\u00fan guardan un hueco para la ternura y para el juego festivo del teatro. Hemos editado seis discos, tres libros y hemos creado unatrentena larga de espect\u00e1culos que hemos llevado por treinta y tres pa\u00edses de todo el mundo recogiendo premios y reconocimientos, aunque, pensamos que nuestra mejor actuaci\u00f3n ser\u00e1 la pr\u00f3xima.<\/p>\n<p>&nbsp;<\/p>\n<p><strong>Veure programa complet: <a title=\"MIT2014Programa.pdf\" href=\"http:\/\/www.lolleria.org\/backoffice\/jscripts\/tiny_mce\/plugins\/jfilebrowser\/archivos\/20141107112428_0.pdf\">MIT2014Programa.pdf<\/a><\/strong><\/p>\n","protected":false},"excerpt":{"rendered":"<p>La Muestra de T\u00edteres de la Vall d&#8217;Albaida que se est\u00e1 celebrando del 6 al 9 de noviembre cumple sus 30 a\u00f1os. El festival comarcal ofrecer\u00e1 un total de 24 propuestas en un total de 17 localidades: Agullent, Aielo de Malferit, Alfarras\u00ed, Atzeneta d&#8217;Albaida, Benig\u00e0nm, Benissoda, Bocairent , Castell\u00f3 de Rugat, Fontanares, Guadass\u00e8quies, Montichelvo,\u00a0 Ontinyent, [&hellip;]<\/p>\n","protected":false},"author":1,"featured_media":0,"comment_status":"closed","ping_status":"open","sticky":false,"template":"","format":"standard","meta":{"_monsterinsights_skip_tracking":false,"_monsterinsights_sitenote_active":false,"_monsterinsights_sitenote_note":"","_monsterinsights_sitenote_category":0},"categories":[15,12],"tags":[1189,20,452,841,209],"_links":{"self":[{"href":"http:\/\/www.portaldelolleria.es\/index.php?rest_route=\/wp\/v2\/posts\/7522"}],"collection":[{"href":"http:\/\/www.portaldelolleria.es\/index.php?rest_route=\/wp\/v2\/posts"}],"about":[{"href":"http:\/\/www.portaldelolleria.es\/index.php?rest_route=\/wp\/v2\/types\/post"}],"author":[{"embeddable":true,"href":"http:\/\/www.portaldelolleria.es\/index.php?rest_route=\/wp\/v2\/users\/1"}],"replies":[{"embeddable":true,"href":"http:\/\/www.portaldelolleria.es\/index.php?rest_route=%2Fwp%2Fv2%2Fcomments&post=7522"}],"version-history":[{"count":2,"href":"http:\/\/www.portaldelolleria.es\/index.php?rest_route=\/wp\/v2\/posts\/7522\/revisions"}],"predecessor-version":[{"id":7525,"href":"http:\/\/www.portaldelolleria.es\/index.php?rest_route=\/wp\/v2\/posts\/7522\/revisions\/7525"}],"wp:attachment":[{"href":"http:\/\/www.portaldelolleria.es\/index.php?rest_route=%2Fwp%2Fv2%2Fmedia&parent=7522"}],"wp:term":[{"taxonomy":"category","embeddable":true,"href":"http:\/\/www.portaldelolleria.es\/index.php?rest_route=%2Fwp%2Fv2%2Fcategories&post=7522"},{"taxonomy":"post_tag","embeddable":true,"href":"http:\/\/www.portaldelolleria.es\/index.php?rest_route=%2Fwp%2Fv2%2Ftags&post=7522"}],"curies":[{"name":"wp","href":"https:\/\/api.w.org\/{rel}","templated":true}]}}