{"id":7599,"date":"2014-11-18T23:15:56","date_gmt":"2014-11-18T21:15:56","guid":{"rendered":"http:\/\/www.portaldelolleria.es\/?p=7599"},"modified":"2014-11-20T00:54:41","modified_gmt":"2014-11-19T22:54:41","slug":"mas-de-80-personas-asisten-a-la-primera-actividad-de-la-upv-sede-alcoi-en-lolleria","status":"publish","type":"post","link":"http:\/\/www.portaldelolleria.es\/?p=7599","title":{"rendered":"M\u00e1s de 80 personas asisten a la primera actividad de la UPV sede Alcoi en l&#8217;Olleria"},"content":{"rendered":"<p><a href=\"http:\/\/www.portaldelolleria.es\/wp-content\/uploads\/2014\/11\/astronomia2_olleria.jpg\"><img loading=\"lazy\" class=\"aligncenter size-full wp-image-7600\" title=\"astronomia2_olleria\" src=\"http:\/\/www.portaldelolleria.es\/wp-content\/uploads\/2014\/11\/astronomia2_olleria.jpg\" alt=\"\" width=\"598\" height=\"398\" srcset=\"http:\/\/www.portaldelolleria.es\/wp-content\/uploads\/2014\/11\/astronomia2_olleria.jpg 598w, http:\/\/www.portaldelolleria.es\/wp-content\/uploads\/2014\/11\/astronomia2_olleria-300x199.jpg 300w\" sizes=\"(max-width: 598px) 100vw, 598px\" \/><\/a><\/p>\n<p>&nbsp;<\/p>\n<p style=\"text-align: justify;\">M\u00e1s de 80 personas asistieron a este primer acto de la sede de Alcoi de la UPV.\u00a0\u00a0 Una conferencia sobre Astronom\u00eda, y el destino del Universo, acto englobado en la \u00abSemana de la Ciencia\u00bb\u00a0 que est\u00e1 celebrando la sede Alcoiana de la UPV.\u00a0\u00a0 La conferencia a cargo del Sr. Gonz\u00e1lo Cao,\u00a0 de la Asociaci\u00f3n Astron\u00f3mica de Alcoi,\u00a0 consisti\u00f3 en familiarizas al p\u00fablico con las estrellas y constelaciones\u00a0 y un poco de conocimiento as\u00ed como conocer historias mitol\u00f3cias del cosmos, gracias a telesc\u00f3pios instalados en al Patio\u00a0 de la Casa Santonja &#8211; Palau dels Marau.\u00a0\u00a0\u00a0 Como bien se\u00f1alaba a los que se quieran iniciar en esta ciencia, o bien simplemente observar, no es necesario grandes inversiones, basta\u00a0 primero con ver simplemente para el cielo,\u00a0 unos simples prism\u00e1ticos ya aumentan las posibilidades,\u00a0 coger toda altura que se pueda y sobre todo evitar contaminaci\u00f3n ilum\u00ednica.\u00a0 El resto es como la fotograf\u00eda,\u00a0 empiezas con una peque\u00f1a c\u00e1mara y no sabes donde acabar\u00e1s.<\/p>\n<p style=\"text-align: justify;\">Al acto asistieron\u00a0 el Sr. Jes\u00fas Engo, Concejal de Cultura, y el Sr. Pablo D\u00edaz\u00a0 Subdirector de relaciones con el entorno de la UPV, los cuales adem\u00e1s de recalcar que esta es la primera actividad que se desarrollaba desde la firma del acuerdo entre Ayuntamiento y UPV sede Alcoi, tambi\u00e9n recordaban el pr\u00f3ximo acto programado para el d\u00eda 25\u00a0 donde se celebrar\u00e1 la <strong>LXVI Jornada DIFUTEC: CAPACIDADES INVESTIGADORAS DEL CAMPUS D\u2019ALCOI DE LA UPV Y SUS SERVICIOS<\/strong>.<\/p>\n<p><a href=\"http:\/\/www.portaldelolleria.es\/wp-content\/uploads\/2014\/11\/astronomia3_olleria1.jpg\"><img loading=\"lazy\" class=\"aligncenter size-full wp-image-7602\" title=\"astronomia3_olleria\" src=\"http:\/\/www.portaldelolleria.es\/wp-content\/uploads\/2014\/11\/astronomia3_olleria1.jpg\" alt=\"\" width=\"598\" height=\"398\" srcset=\"http:\/\/www.portaldelolleria.es\/wp-content\/uploads\/2014\/11\/astronomia3_olleria1.jpg 598w, http:\/\/www.portaldelolleria.es\/wp-content\/uploads\/2014\/11\/astronomia3_olleria1-300x199.jpg 300w\" sizes=\"(max-width: 598px) 100vw, 598px\" \/><\/a><\/p>\n<p><a href=\"http:\/\/www.portaldelolleria.es\/wp-content\/uploads\/2014\/11\/astronomia4_olleria.jpg\"><img loading=\"lazy\" class=\"aligncenter size-full wp-image-7603\" title=\"astronomia4_olleria\" src=\"http:\/\/www.portaldelolleria.es\/wp-content\/uploads\/2014\/11\/astronomia4_olleria.jpg\" alt=\"\" width=\"598\" height=\"398\" srcset=\"http:\/\/www.portaldelolleria.es\/wp-content\/uploads\/2014\/11\/astronomia4_olleria.jpg 598w, http:\/\/www.portaldelolleria.es\/wp-content\/uploads\/2014\/11\/astronomia4_olleria-300x199.jpg 300w\" sizes=\"(max-width: 598px) 100vw, 598px\" \/><\/a><\/p>\n<p><iframe loading=\"lazy\" src=\"\/\/www.youtube.com\/embed\/1SHYHnLUPmM\" frameborder=\"0\" width=\"717\" height=\"403\"><\/iframe><\/p>\n","protected":false},"excerpt":{"rendered":"<p>&nbsp; M\u00e1s de 80 personas asistieron a este primer acto de la sede de Alcoi de la UPV.\u00a0\u00a0 Una conferencia sobre Astronom\u00eda, y el destino del Universo, acto englobado en la \u00abSemana de la Ciencia\u00bb\u00a0 que est\u00e1 celebrando la sede Alcoiana de la UPV.\u00a0\u00a0 La conferencia a cargo del Sr. Gonz\u00e1lo Cao,\u00a0 de la Asociaci\u00f3n [&hellip;]<\/p>\n","protected":false},"author":1,"featured_media":0,"comment_status":"closed","ping_status":"open","sticky":false,"template":"","format":"standard","meta":{"_monsterinsights_skip_tracking":false,"_monsterinsights_sitenote_active":false,"_monsterinsights_sitenote_note":"","_monsterinsights_sitenote_category":0},"categories":[10,12,1058],"tags":[170,491,1197],"_links":{"self":[{"href":"http:\/\/www.portaldelolleria.es\/index.php?rest_route=\/wp\/v2\/posts\/7599"}],"collection":[{"href":"http:\/\/www.portaldelolleria.es\/index.php?rest_route=\/wp\/v2\/posts"}],"about":[{"href":"http:\/\/www.portaldelolleria.es\/index.php?rest_route=\/wp\/v2\/types\/post"}],"author":[{"embeddable":true,"href":"http:\/\/www.portaldelolleria.es\/index.php?rest_route=\/wp\/v2\/users\/1"}],"replies":[{"embeddable":true,"href":"http:\/\/www.portaldelolleria.es\/index.php?rest_route=%2Fwp%2Fv2%2Fcomments&post=7599"}],"version-history":[{"count":4,"href":"http:\/\/www.portaldelolleria.es\/index.php?rest_route=\/wp\/v2\/posts\/7599\/revisions"}],"predecessor-version":[{"id":7618,"href":"http:\/\/www.portaldelolleria.es\/index.php?rest_route=\/wp\/v2\/posts\/7599\/revisions\/7618"}],"wp:attachment":[{"href":"http:\/\/www.portaldelolleria.es\/index.php?rest_route=%2Fwp%2Fv2%2Fmedia&parent=7599"}],"wp:term":[{"taxonomy":"category","embeddable":true,"href":"http:\/\/www.portaldelolleria.es\/index.php?rest_route=%2Fwp%2Fv2%2Fcategories&post=7599"},{"taxonomy":"post_tag","embeddable":true,"href":"http:\/\/www.portaldelolleria.es\/index.php?rest_route=%2Fwp%2Fv2%2Ftags&post=7599"}],"curies":[{"name":"wp","href":"https:\/\/api.w.org\/{rel}","templated":true}]}}