{"id":7605,"date":"2014-11-18T22:47:54","date_gmt":"2014-11-18T20:47:54","guid":{"rendered":"http:\/\/www.portaldelolleria.es\/?p=7605"},"modified":"2014-11-20T01:00:04","modified_gmt":"2014-11-19T23:00:04","slug":"el-tiempo-acompana-a-la-ruta-senderista-de-la-mancomunitat-dalbaida","status":"publish","type":"post","link":"http:\/\/www.portaldelolleria.es\/?p=7605","title":{"rendered":"Mancomunitat celebra ruta senderista en L&#8217;Olleria"},"content":{"rendered":"<p><a href=\"http:\/\/www.portaldelolleria.es\/wp-content\/uploads\/2014\/11\/rutasenderista15N.jpg\"><img loading=\"lazy\" class=\"aligncenter size-full wp-image-7608\" title=\"rutasenderista15N\" src=\"http:\/\/www.portaldelolleria.es\/wp-content\/uploads\/2014\/11\/rutasenderista15N.jpg\" alt=\"\" width=\"598\" height=\"398\" srcset=\"http:\/\/www.portaldelolleria.es\/wp-content\/uploads\/2014\/11\/rutasenderista15N.jpg 598w, http:\/\/www.portaldelolleria.es\/wp-content\/uploads\/2014\/11\/rutasenderista15N-300x199.jpg 300w\" sizes=\"(max-width: 598px) 100vw, 598px\" \/><\/a><\/p>\n<p style=\"text-align: justify;\">El tiempo fu\u00e9 propicio para la ruta senderista organizada para el s\u00e1bado por la Mancomunitat de Municipis de la Vall d&#8217;Albaida.\u00a0\u00a0 La ruta en esta ocasi\u00f3n ten\u00eda su recorrido en l&#8217;Olleria.\u00a0 Cerca de 60 personas, salieron del Parque Beat Pare Ferreres a las nueve de la ma\u00f1ana para realizar la ruta senderista denominada \u00abFoia del Port &#8211; Barranc de l&#8217;Alegre\u00bb.\u00a0\u00a0 Como ya viene siendo habitual los participantes tuvieron que inscribirse previamente por estar cubiertos por un seguro.\u00a0 Al d\u00eda siguiente se celebr\u00f3 la ruta de Castell\u00f3 de Rugat.\u00a0 Las pr\u00f3ximas rutas ser\u00e1n el pr\u00f3ximo fin de semana\u00a0 y discurriran por la Pobla del Duc, el s\u00e1bado y Atzeneta de Albaida el domingo.<\/p>\n<p><iframe loading=\"lazy\" src=\"\/\/www.youtube.com\/embed\/5sPBgbXZJDc\" frameborder=\"0\" width=\"598\" height=\"336\"><\/iframe><\/p>\n","protected":false},"excerpt":{"rendered":"<p>El tiempo fu\u00e9 propicio para la ruta senderista organizada para el s\u00e1bado por la Mancomunitat de Municipis de la Vall d&#8217;Albaida.\u00a0\u00a0 La ruta en esta ocasi\u00f3n ten\u00eda su recorrido en l&#8217;Olleria.\u00a0 Cerca de 60 personas, salieron del Parque Beat Pare Ferreres a las nueve de la ma\u00f1ana para realizar la ruta senderista denominada \u00abFoia del [&hellip;]<\/p>\n","protected":false},"author":1,"featured_media":0,"comment_status":"closed","ping_status":"open","sticky":false,"template":"","format":"standard","meta":{"_monsterinsights_skip_tracking":false,"_monsterinsights_sitenote_active":false,"_monsterinsights_sitenote_note":"","_monsterinsights_sitenote_category":0},"categories":[3,12],"tags":[20,113,195],"_links":{"self":[{"href":"http:\/\/www.portaldelolleria.es\/index.php?rest_route=\/wp\/v2\/posts\/7605"}],"collection":[{"href":"http:\/\/www.portaldelolleria.es\/index.php?rest_route=\/wp\/v2\/posts"}],"about":[{"href":"http:\/\/www.portaldelolleria.es\/index.php?rest_route=\/wp\/v2\/types\/post"}],"author":[{"embeddable":true,"href":"http:\/\/www.portaldelolleria.es\/index.php?rest_route=\/wp\/v2\/users\/1"}],"replies":[{"embeddable":true,"href":"http:\/\/www.portaldelolleria.es\/index.php?rest_route=%2Fwp%2Fv2%2Fcomments&post=7605"}],"version-history":[{"count":5,"href":"http:\/\/www.portaldelolleria.es\/index.php?rest_route=\/wp\/v2\/posts\/7605\/revisions"}],"predecessor-version":[{"id":7609,"href":"http:\/\/www.portaldelolleria.es\/index.php?rest_route=\/wp\/v2\/posts\/7605\/revisions\/7609"}],"wp:attachment":[{"href":"http:\/\/www.portaldelolleria.es\/index.php?rest_route=%2Fwp%2Fv2%2Fmedia&parent=7605"}],"wp:term":[{"taxonomy":"category","embeddable":true,"href":"http:\/\/www.portaldelolleria.es\/index.php?rest_route=%2Fwp%2Fv2%2Fcategories&post=7605"},{"taxonomy":"post_tag","embeddable":true,"href":"http:\/\/www.portaldelolleria.es\/index.php?rest_route=%2Fwp%2Fv2%2Ftags&post=7605"}],"curies":[{"name":"wp","href":"https:\/\/api.w.org\/{rel}","templated":true}]}}