{"id":7611,"date":"2014-11-19T02:46:16","date_gmt":"2014-11-19T00:46:16","guid":{"rendered":"http:\/\/www.portaldelolleria.es\/?p=7611"},"modified":"2014-11-19T02:46:16","modified_gmt":"2014-11-19T00:46:16","slug":"la-olleriense-sara-mico-convocada-con-la-seleccion-espanola-de-futbol-sub-19","status":"publish","type":"post","link":"http:\/\/www.portaldelolleria.es\/?p=7611","title":{"rendered":"La olleriense Sara Mic\u00f3 convocada con la selecci\u00f3n espa\u00f1ola de f\u00fatbol sub-19"},"content":{"rendered":"<p style=\"text-align: justify;\"><a href=\"http:\/\/www.portaldelolleria.es\/wp-content\/uploads\/2014\/11\/saramico.jpg\"><img loading=\"lazy\" class=\"aligncenter size-full wp-image-7612\" title=\"saramico\" src=\"http:\/\/www.portaldelolleria.es\/wp-content\/uploads\/2014\/11\/saramico.jpg\" alt=\"\" width=\"598\" height=\"398\" srcset=\"http:\/\/www.portaldelolleria.es\/wp-content\/uploads\/2014\/11\/saramico.jpg 598w, http:\/\/www.portaldelolleria.es\/wp-content\/uploads\/2014\/11\/saramico-300x199.jpg 300w\" sizes=\"(max-width: 598px) 100vw, 598px\" \/><\/a><\/p>\n<h4>La jugadora del Valencia Club de F\u00fatbol ha sido convocada para una concentraci\u00f3n de cara a preparar la Ronda \u00c9lite del mes de abril<\/h4>\n<div>\n<div id=\"noticia-pestanas\">\n<div id=\"ccronica\">\n<div>\n<p style=\"text-align: justify;\">La jugadora de f\u00fatbol olleriense Sara Mic\u00f3 ha sido convocada por el seleccionador Jorge Vilda para la concentraci\u00f3n del 27 al 29 de enero en la Ciudad del F\u00fatbol de Las Rozas, con el objetivo de preparar la Ronda \u00c9lite de abril, por lo que formar\u00e1 parte de la selecci\u00f3n espa\u00f1ola de f\u00fatbol femenino sub-19.<\/p>\n<p style=\"text-align: justify;\">Sara Mic\u00f3 es jugadora del Valencia Club de F\u00fatbol femenino tiene 17 a\u00f1os y se form\u00f3 en las Escuelas Deportivas Municipales de l&#8217;Olleria, por lo que la noticia ha sido muy bien recibida en la localidad de la Vall d&#8217;Albaida.<\/p>\n<p style=\"text-align: justify;\">Esta joven deportista debut\u00f3 con la selecci\u00f3n valenciana sub-16 y se proclam\u00f3 campeona en el campeonato de Espa\u00f1a de selecciones aut\u00f3nomas.<\/p>\n<p style=\"text-align: justify;\">Ahora da un paso m\u00e1s al haber sido convocada por primera vez por el seleccionador nacional, muestra de su buen estado de forma. Uno de los retos m\u00e1s importantes para los jugadores de f\u00fatbol que para Mic\u00f3 puede concretarse en no mucho tiempo si prosigue con su evoluci\u00f3n ascendente.<\/p>\n<p style=\"text-align: justify;\">El concejal de Deportes del Ayuntamiento de l&#8217;Olleria, Vicente Oviedo, ha expresado su alegr\u00eda y satisfacci\u00f3n por este nuevo logro deportivo de Sara Mic\u00f3. \u00abOlleriense y antigua alumna de nuestras escuelas que lleva a\u00f1os trabajando muy duro y poniendo mucha ilusi\u00f3n en su carrera como futbolista por lo que su convocatoria para la Selecci\u00f3n Espa\u00f1ola de F\u00fatbol Femenino es una merecida y gran noticia\u00bb, ha resaltado el edil.<\/p>\n<p style=\"text-align: justify;\">fuente:<a href=\"http:\/\/www.lasprovincias.es\/v\/20140124\/ribera-costera\/olleriense-sara-mico-jugara-20140124.html\" target=\"_blank\"> las provincias<\/a><\/p>\n<\/div>\n<\/div>\n<\/div>\n<\/div>\n","protected":false},"excerpt":{"rendered":"<p>La jugadora del Valencia Club de F\u00fatbol ha sido convocada para una concentraci\u00f3n de cara a preparar la Ronda \u00c9lite del mes de abril La jugadora de f\u00fatbol olleriense Sara Mic\u00f3 ha sido convocada por el seleccionador Jorge Vilda para la concentraci\u00f3n del 27 al 29 de enero en la Ciudad del F\u00fatbol de Las [&hellip;]<\/p>\n","protected":false},"author":1,"featured_media":0,"comment_status":"closed","ping_status":"open","sticky":false,"template":"","format":"standard","meta":{"_monsterinsights_skip_tracking":false,"_monsterinsights_sitenote_active":false,"_monsterinsights_sitenote_note":"","_monsterinsights_sitenote_category":0},"categories":[9,12],"tags":[20,115,198,1198,142],"_links":{"self":[{"href":"http:\/\/www.portaldelolleria.es\/index.php?rest_route=\/wp\/v2\/posts\/7611"}],"collection":[{"href":"http:\/\/www.portaldelolleria.es\/index.php?rest_route=\/wp\/v2\/posts"}],"about":[{"href":"http:\/\/www.portaldelolleria.es\/index.php?rest_route=\/wp\/v2\/types\/post"}],"author":[{"embeddable":true,"href":"http:\/\/www.portaldelolleria.es\/index.php?rest_route=\/wp\/v2\/users\/1"}],"replies":[{"embeddable":true,"href":"http:\/\/www.portaldelolleria.es\/index.php?rest_route=%2Fwp%2Fv2%2Fcomments&post=7611"}],"version-history":[{"count":1,"href":"http:\/\/www.portaldelolleria.es\/index.php?rest_route=\/wp\/v2\/posts\/7611\/revisions"}],"predecessor-version":[{"id":7613,"href":"http:\/\/www.portaldelolleria.es\/index.php?rest_route=\/wp\/v2\/posts\/7611\/revisions\/7613"}],"wp:attachment":[{"href":"http:\/\/www.portaldelolleria.es\/index.php?rest_route=%2Fwp%2Fv2%2Fmedia&parent=7611"}],"wp:term":[{"taxonomy":"category","embeddable":true,"href":"http:\/\/www.portaldelolleria.es\/index.php?rest_route=%2Fwp%2Fv2%2Fcategories&post=7611"},{"taxonomy":"post_tag","embeddable":true,"href":"http:\/\/www.portaldelolleria.es\/index.php?rest_route=%2Fwp%2Fv2%2Ftags&post=7611"}],"curies":[{"name":"wp","href":"https:\/\/api.w.org\/{rel}","templated":true}]}}