{"id":7790,"date":"2014-12-12T13:26:41","date_gmt":"2014-12-12T11:26:41","guid":{"rendered":"http:\/\/www.portaldelolleria.es\/?p=7790"},"modified":"2014-12-13T04:09:12","modified_gmt":"2014-12-13T02:09:12","slug":"un-nuevo-exito-para-el-taekwondo-de-lolleria","status":"publish","type":"post","link":"http:\/\/www.portaldelolleria.es\/?p=7790","title":{"rendered":"Un nuevo \u00e9xito para el Taekwondo de l&#8217;Olleria"},"content":{"rendered":"<p style=\"text-align: justify;\"><a href=\"http:\/\/www.portaldelolleria.es\/wp-content\/uploads\/2014\/12\/taekwondo-olleria-3.jpg\"><img loading=\"lazy\" class=\"aligncenter size-full wp-image-7791\" title=\"taekwondo olleria 3\" src=\"http:\/\/www.portaldelolleria.es\/wp-content\/uploads\/2014\/12\/taekwondo-olleria-3.jpg\" alt=\"\" width=\"598\" height=\"398\" srcset=\"http:\/\/www.portaldelolleria.es\/wp-content\/uploads\/2014\/12\/taekwondo-olleria-3.jpg 598w, http:\/\/www.portaldelolleria.es\/wp-content\/uploads\/2014\/12\/taekwondo-olleria-3-300x199.jpg 300w\" sizes=\"(max-width: 598px) 100vw, 598px\" \/><\/a><\/p>\n<p style=\"text-align: justify;\">DAVID TOLS\u00c1 SE PROCLAMA CAMPE\u00d3N DE ESPA\u00d1A DE TAEKWONDO POR CLUBES.<\/p>\n<p style=\"text-align: justify;\">Un nuevo \u00e9xito para el Taekwondo en el Olleria.<\/p>\n<p style=\"text-align: justify;\">\u00a0 El taekwondista de l&#8217; Oller\u00eda David Tols\u00e0, se proclam\u00f3 Campe\u00f3n de Espa\u00f1a de Taekwondo por Clubes en categor\u00eda Junior celebrado este fin de semana en la ciudad gallega de Pontevedra. El camino no fue nada f\u00e1cil para David, ya que ten\u00eda mucho nivel en este peso, el primer combate fue comtra el siempre complicado madrile\u00f1o Ivan Cantisano, Tols\u00e0 hizo muy buen combate y gan\u00f3 el combate sin ningun problema y por un amplio marcador, en semifinales se encontraba el competidor de Figueres, Soufiane Belkhir, en un combate interesante David se lo llev\u00f3 sin demasiados problemas y as\u00ed lleg\u00f3 a la final donde esper\u00f3 a Daniel Acuyo de Catalu\u00f1a, una final donde David y Daniel se conocen ya de otros campeonatos nacionales y que ten\u00edan ganas de competir entre ellos, Daniel Acuyo era uno de los favoritos para ganar este campeonato, en una final muy ser\u00eda David siempre fue por delante del marcador llegando as\u00ed al tercer asalto en una ventaja para David de 8-1, al finalizar el mismo David gan\u00f3 sin demasiados problemas por 8-5, quedando David medalla de Oro y proclamarse as\u00ed CAMPE\u00d3N DE ESPA\u00d1A POR CLUBES, el punto y seguido a un camino que esperamos este a\u00f1o alcance el punto m\u00e1s alto en el Campeonato de Espa\u00f1a Junior y que sabe, el Senior.<br \/>\nNo solo David Tols\u00e0 particip\u00f3 en este campeonato tambi\u00e9n las competidoras de l&#8217;Olleria Estela Oltra en categor\u00eda Junior y Mireya Giner en categor\u00eda Cadete participaron en este evento. Estela Oltra por su parte ten\u00eda tres combates para llegar a la final, Estela volv\u00eda a los tapices despu\u00e9s de casi dos a\u00f1os sin competir por una lesi\u00f3n de ligamentos en la rodilla, Estela comenz\u00f3 la competici\u00f3n de su reaparici\u00f3n contra la andaluza Clara Gonzalez, Estela en un gran combate le gan\u00f3 a Clara por un contundente 12-1, llegando a cuartos de final donde le esperaba la competidora local la gallega Uxia Ogea, Estela acus\u00f3 en este combate su inactividad y perdi\u00f3 2-7, quedanse as\u00ed a las puertas de las medallas, Estela despu\u00e9s de tanto tiempo demostr\u00f3 que ya estaba bien de la lesi\u00f3n y que en poco tiempo volver\u00e1 la Estrella que todos conozcamos. Para finalizar en categor\u00eda Cadete compet\u00eda Mireya Giner, Mireya se plant\u00f3 en el tapiz en la que ser\u00e1 su \u00faltima participaci\u00f3n en esta categor\u00eda, ya que en esta temporada ya competir\u00e1 como Junior, Mireya arrastraba un esguins de turnell que le impidi\u00f3 entrenar bien estas \u00faltimas semanas, Mireya en primer combate compet\u00eda contra la catalana Mar\u00eda Ca\u00f1ardo, Mireya sac\u00f3 tola la garra y rabia que ten\u00eda, poni\u00e9ndose por delante en el marcador, pero en una mala acci\u00f3n la contrincante se puso por delante y Mireya no pudo hacer nada y perdi\u00f3.<br \/>\nAhora ya desear suerte a los tres que participar\u00e1n el pr\u00f3ximo 20 de diciembre en la ciudad de Castell\u00f3n en el Campeonato Auton\u00f3mico Junior, que da la plaza para el campeonato de Espa\u00f1a.<br \/>\nDar tambi\u00e9n la enhorabuena a los padres y madres de los tres competidores por habernos acompa\u00f1ado en esta gran aventura por tierras gallegas y los entrenadores locales Ximo Cuenca, David Ure\u00f1a y Ram\u00f3n Sanz, que sin su esfuerzo no hubiera podido ser posible ir a este campeonato , recordemos que nadie de los tres cobra nada por esta labor, as\u00ed que el esfuerzo sobre todo econ\u00f3mico es muy importante.<br \/>\nENHORABUENA ESTELA Y MIREYA POR EL GRAN ESFUERZO Y DAVID TOLS\u00c1 POR proclamarse CAMPE\u00d3N DE ESPA\u00d1A POR CLUBES.<\/p>\n<p style=\"text-align: justify;\">Taekwondo l&#8217;Olleria<\/p>\n","protected":false},"excerpt":{"rendered":"<p>DAVID TOLS\u00c1 SE PROCLAMA CAMPE\u00d3N DE ESPA\u00d1A DE TAEKWONDO POR CLUBES. Un nuevo \u00e9xito para el Taekwondo en el Olleria. \u00a0 El taekwondista de l&#8217; Oller\u00eda David Tols\u00e0, se proclam\u00f3 Campe\u00f3n de Espa\u00f1a de Taekwondo por Clubes en categor\u00eda Junior celebrado este fin de semana en la ciudad gallega de Pontevedra. El camino no fue [&hellip;]<\/p>\n","protected":false},"author":1,"featured_media":0,"comment_status":"closed","ping_status":"open","sticky":false,"template":"","format":"standard","meta":{"_monsterinsights_skip_tracking":false,"_monsterinsights_sitenote_active":false,"_monsterinsights_sitenote_note":"","_monsterinsights_sitenote_category":0},"categories":[9,12],"tags":[457,103,189],"_links":{"self":[{"href":"http:\/\/www.portaldelolleria.es\/index.php?rest_route=\/wp\/v2\/posts\/7790"}],"collection":[{"href":"http:\/\/www.portaldelolleria.es\/index.php?rest_route=\/wp\/v2\/posts"}],"about":[{"href":"http:\/\/www.portaldelolleria.es\/index.php?rest_route=\/wp\/v2\/types\/post"}],"author":[{"embeddable":true,"href":"http:\/\/www.portaldelolleria.es\/index.php?rest_route=\/wp\/v2\/users\/1"}],"replies":[{"embeddable":true,"href":"http:\/\/www.portaldelolleria.es\/index.php?rest_route=%2Fwp%2Fv2%2Fcomments&post=7790"}],"version-history":[{"count":3,"href":"http:\/\/www.portaldelolleria.es\/index.php?rest_route=\/wp\/v2\/posts\/7790\/revisions"}],"predecessor-version":[{"id":7793,"href":"http:\/\/www.portaldelolleria.es\/index.php?rest_route=\/wp\/v2\/posts\/7790\/revisions\/7793"}],"wp:attachment":[{"href":"http:\/\/www.portaldelolleria.es\/index.php?rest_route=%2Fwp%2Fv2%2Fmedia&parent=7790"}],"wp:term":[{"taxonomy":"category","embeddable":true,"href":"http:\/\/www.portaldelolleria.es\/index.php?rest_route=%2Fwp%2Fv2%2Fcategories&post=7790"},{"taxonomy":"post_tag","embeddable":true,"href":"http:\/\/www.portaldelolleria.es\/index.php?rest_route=%2Fwp%2Fv2%2Ftags&post=7790"}],"curies":[{"name":"wp","href":"https:\/\/api.w.org\/{rel}","templated":true}]}}