{"id":783,"date":"2012-07-03T08:37:23","date_gmt":"2012-07-03T07:37:23","guid":{"rendered":"http:\/\/www.portaldelolleria.es\/?p=783"},"modified":"2012-07-03T08:38:22","modified_gmt":"2012-07-03T07:38:22","slug":"nits-destiu-a-la-casa-santonja-ocio-para-todos","status":"publish","type":"post","link":"http:\/\/www.portaldelolleria.es\/?p=783","title":{"rendered":"&#8216;Nits d&#8217;estiu a la Casa Santonja&#8217;, ocio para todos"},"content":{"rendered":"<div><a href=\"http:\/\/www.portaldelolleria.es\/wp-content\/uploads\/2012\/07\/santonja.jpg\"><img loading=\"lazy\" class=\"aligncenter size-full wp-image-784\" title=\"santonja\" src=\"http:\/\/www.portaldelolleria.es\/wp-content\/uploads\/2012\/07\/santonja.jpg\" alt=\"\" width=\"598\" height=\"398\" srcset=\"http:\/\/www.portaldelolleria.es\/wp-content\/uploads\/2012\/07\/santonja.jpg 598w, http:\/\/www.portaldelolleria.es\/wp-content\/uploads\/2012\/07\/santonja-300x199.jpg 300w\" sizes=\"(max-width: 598px) 100vw, 598px\" \/><\/a><\/div>\n<div>Las Provincias 3\/7\/12<\/div>\n<div>El ayuntamiento ha organizado una variada programaci\u00f3n para &#8216;Nits d&#8217;estiu a la Casa Santonja&#8217;, \u00abuna iniciativa que tiene como objetivo ofrecer los ollerienses y a los municipios cercanos una opci\u00f3n cultural de calidad\u00bb, explica Jes\u00fas Engo, concejal de Cultura.<\/div>\n<div>La Casa Santonja-Palau dels Marau ha sido el lugar elegido para desarrollar todas las actividades. \u00abCuando empezamos a dise\u00f1ar el programa tuvimos claro desde el principio que no habr\u00eda un lugar mejor para acogerlas que el patio de esta casa, un edificio hist\u00f3rico que lograr\u00e1 envolver al p\u00fablico y contribuir\u00e1 a hacer de &#8216;les Nits&#8217; algo \u00fanico\u00bb, a\u00f1ade Engo.<\/div>\n<div>El programa comenzar\u00e1 este jueves con la actuaci\u00f3n de la cantautora valenciana Lupe, que presentar\u00e1 las canciones de su primer trabajo discogr\u00e1fico en solitario, llamado &#8216;Saltar al vac\u00edo&#8217;. Esta actuaci\u00f3n dar\u00e1 paso a otro tipo de m\u00fasica, ya que el pr\u00f3ximo domingo, La Nova de l&#8217;Olleria ofrecer\u00e1 una selecci\u00f3n de zarzuelas en un concierto muy especial. En la cita se podr\u00e1n escuchar temas como &#8216;La canci\u00f3n del olvido&#8217;, de Serrano; &#8216;Agua, azucarillos y aguardiente&#8217;, de Chueca; &#8216;Los Gavilanes&#8217;, de Guerrero o &#8216;La leyenda del beso&#8217;, de Soutullo y Vert.<\/div>\n<div>La oferta continuar\u00e1 con humor, y es que el jueves 12 de julio llega a la localidad Rafa Forner para exponer su mon\u00f3logo &#8216;M&#8217;ho dius i t&#8217;ho conte&#8217;. El consistorio ha querido contar con Forner en sus Nits d&#8217;estiu, un monologuista valenciano de dilatada experiencia, ganador del primer premio del Circuito Caf\u00e9 Teatro de Valencia en 2009 y que adem\u00e1s, tambi\u00e9n tiene experiencia en cine y televisi\u00f3n.<\/div>\n<div>La programaci\u00f3n de la Casa Santonja continuar\u00e1 con m\u00e1s m\u00fasica, pero pasar\u00e1 por otro estilo m\u00e1s moderno. El grupo M\u00fasicos de Guardia interpretar\u00e1 los temas de su primer trabajo discogr\u00e1fico, &#8216;Gestos de rock&#8217;. El concierto est\u00e1 previsto para el d\u00eda 19.<\/div>\n<div>Por otro lado, el domingo 22 la agrupaci\u00f3n Santa Cecilia de l&#8217;Olleria celebrar\u00e1 la vig\u00e9sima edici\u00f3n del Festival Liberto Benet, dedicado al que fue director de la banda e hijo predilecto del municipio.<\/div>\n<div>&#8216;Les Nits&#8217; acabar\u00e1n con el buen humor de la actriz valenciana Mar\u00eda Juan Donat, que ofrecer\u00e1 el mon\u00f3logo &#8216;Mariua&#8217;. Con toda esta variedad en marcha, desde el \u00e1rea de Cultura \u00abanimamos a todo el mundo a disfrutar de todas y cada una de las actuaciones que forman parte de esta refrescante programaci\u00f3n\u00bb.<\/div>\n","protected":false},"excerpt":{"rendered":"<p>Las Provincias 3\/7\/12 El ayuntamiento ha organizado una variada programaci\u00f3n para &#8216;Nits d&#8217;estiu a la Casa Santonja&#8217;, \u00abuna iniciativa que tiene como objetivo ofrecer los ollerienses y a los municipios cercanos una opci\u00f3n cultural de calidad\u00bb, explica Jes\u00fas Engo, concejal de Cultura. La Casa Santonja-Palau dels Marau ha sido el lugar elegido para desarrollar todas [&hellip;]<\/p>\n","protected":false},"author":2,"featured_media":0,"comment_status":"closed","ping_status":"open","sticky":false,"template":"","format":"standard","meta":{"_monsterinsights_skip_tracking":false,"_monsterinsights_sitenote_active":false,"_monsterinsights_sitenote_note":"","_monsterinsights_sitenote_category":0},"categories":[15,12],"tags":[170,20,200],"_links":{"self":[{"href":"http:\/\/www.portaldelolleria.es\/index.php?rest_route=\/wp\/v2\/posts\/783"}],"collection":[{"href":"http:\/\/www.portaldelolleria.es\/index.php?rest_route=\/wp\/v2\/posts"}],"about":[{"href":"http:\/\/www.portaldelolleria.es\/index.php?rest_route=\/wp\/v2\/types\/post"}],"author":[{"embeddable":true,"href":"http:\/\/www.portaldelolleria.es\/index.php?rest_route=\/wp\/v2\/users\/2"}],"replies":[{"embeddable":true,"href":"http:\/\/www.portaldelolleria.es\/index.php?rest_route=%2Fwp%2Fv2%2Fcomments&post=783"}],"version-history":[{"count":2,"href":"http:\/\/www.portaldelolleria.es\/index.php?rest_route=\/wp\/v2\/posts\/783\/revisions"}],"predecessor-version":[{"id":786,"href":"http:\/\/www.portaldelolleria.es\/index.php?rest_route=\/wp\/v2\/posts\/783\/revisions\/786"}],"wp:attachment":[{"href":"http:\/\/www.portaldelolleria.es\/index.php?rest_route=%2Fwp%2Fv2%2Fmedia&parent=783"}],"wp:term":[{"taxonomy":"category","embeddable":true,"href":"http:\/\/www.portaldelolleria.es\/index.php?rest_route=%2Fwp%2Fv2%2Fcategories&post=783"},{"taxonomy":"post_tag","embeddable":true,"href":"http:\/\/www.portaldelolleria.es\/index.php?rest_route=%2Fwp%2Fv2%2Ftags&post=783"}],"curies":[{"name":"wp","href":"https:\/\/api.w.org\/{rel}","templated":true}]}}