{"id":7834,"date":"2014-12-15T20:49:18","date_gmt":"2014-12-15T18:49:18","guid":{"rendered":"http:\/\/www.portaldelolleria.es\/?p=7834"},"modified":"2014-12-15T20:49:18","modified_gmt":"2014-12-15T18:49:18","slug":"la-policia-local-imparte-clases-de-educacion-vial-a-512-estudiantes","status":"publish","type":"post","link":"http:\/\/www.portaldelolleria.es\/?p=7834","title":{"rendered":"La Policia Local imparte clases de educaci\u00f3n vial a 512 estudiantes."},"content":{"rendered":"<p><a href=\"http:\/\/www.portaldelolleria.es\/wp-content\/uploads\/2014\/12\/vial.jpg\"><img loading=\"lazy\" class=\"aligncenter size-full wp-image-7835\" title=\"vial\" src=\"http:\/\/www.portaldelolleria.es\/wp-content\/uploads\/2014\/12\/vial.jpg\" alt=\"\" width=\"598\" height=\"398\" srcset=\"http:\/\/www.portaldelolleria.es\/wp-content\/uploads\/2014\/12\/vial.jpg 598w, http:\/\/www.portaldelolleria.es\/wp-content\/uploads\/2014\/12\/vial-300x199.jpg 300w\" sizes=\"(max-width: 598px) 100vw, 598px\" \/><\/a><\/p>\n<p>&nbsp;<\/p>\n<p style=\"text-align: justify;\">Con el objetivo de dar la informaci\u00f3n necesaria para prevenir accidentes, el Ayuntamiento de L&#8217;Olleria, a trav\u00e9s de la secci\u00f3n de Educaci\u00f3n Vial de la Polic\u00eda Local, ha impartido durante quince d\u00edas clases sobre este tipo de educaci\u00f3n en el Instituto de Educaci\u00f3n Secundaria Vermellar.<\/p>\n<p style=\"text-align: justify;\">En total han sido 512 alumnos los que se han beneficiado de estas lecciones impartidas por personal cualificado de la Polic\u00eda Local. En este caso, los agentes han trasladado sus conocimientos a los alumnos de entre 12 y 17 a\u00f1os. A principios de febrero lo har\u00e1n con los m\u00e1s peque\u00f1os, abarcando desde educaci\u00f3n Infantil hasta Primaria con el fin de formarlos siendo peat\u00f3n, conductor o viajero<\/p>\n<p style=\"text-align: justify;\">Entre las materias que se han abordado se encuentran las normas de circulaci\u00f3n, comportamiento en caso de accidente, se\u00f1alizaci\u00f3n, tipos de v\u00edas y el uso del cintur\u00f3n. Hay que resaltar el valor de este tipo de clases ya que \u00abcon ellas se pretende concienciar a los usuarios de las v\u00edas p\u00fablicas, desde peque\u00f1os, de los peligros que entra\u00f1a la circulaci\u00f3n, as\u00ed como de la importancia de respetar las normas y utilizar las v\u00edas p\u00fablicas con responsabilidad por el bien y seguridad de todos\u00bb, explica Jos\u00e9 Vidal, Alcalde de L&#8217;Olleria.<\/p>\n<p style=\"text-align: justify;\">Los j\u00f3venes se han familiarizado con el entorno de la Seguridad vial y son conscientes de la importancia del respeto de las normas de circulaci\u00f3n para que su comportamiento ante cualquier situaci\u00f3n se realice de forma correcta y con seguridad para ellos y el resto de los usuarios. Aure Candel, el Oficial Coordinador de las charlas, han se\u00f1alado que \u00abhan sido bastante completas ya que se han complementado con sesiones din\u00e1micas con la utilizaci\u00f3n de presentaciones en &#8216;Power Point&#8217;, v\u00eddeos, actividades interactivas e incluso juegos\u00bb.<\/p>\n<p style=\"text-align: justify;\">Este a\u00f1o se han incluido los conocimientos b\u00e1sicos sobre \u201cPrimeros Auxilios y Reanimaci\u00f3n Cardiopulmonar\u201d a cargo de sanitarios del Centro de Salud de L\u2019Olleria. El objetivo es que los j\u00f3venes tengan las nociones b\u00e1sicas para saber c\u00f3mo reaccionar ante cualquier situaci\u00f3n de urgencia.<\/p>\n<p style=\"text-align: justify;\">Adem\u00e1s, han conocido la nueva ordenanza municipal reguladora de pe\u00f1as. Grupos de j\u00f3venes, en muchas ocasiones menores de edad y sin ninguna responsabilidad por parte de personas mayores, establecen su lugar de reuni\u00f3n continuo en la pe\u00f1a y generan molestias a los vecinos, en forma de ruido excesivo, suciedad y actitudes irreverentes, entre otras. \u00abPor todo ello se regula su existencia mediante la ordenanza municipal que se ha dado a conocer a los adolescentes, ya que es competencia municipal velar por la convivencia ciudadana\u00bb explica el Oficial Jefe de la Polic\u00eda Local, Jos\u00e9 Alfredo Mart\u00ednez Borr\u00e1s.<\/p>\n","protected":false},"excerpt":{"rendered":"<p>&nbsp; Con el objetivo de dar la informaci\u00f3n necesaria para prevenir accidentes, el Ayuntamiento de L&#8217;Olleria, a trav\u00e9s de la secci\u00f3n de Educaci\u00f3n Vial de la Polic\u00eda Local, ha impartido durante quince d\u00edas clases sobre este tipo de educaci\u00f3n en el Instituto de Educaci\u00f3n Secundaria Vermellar. En total han sido 512 alumnos los que se [&hellip;]<\/p>\n","protected":false},"author":1,"featured_media":0,"comment_status":"closed","ping_status":"open","sticky":false,"template":"","format":"standard","meta":{"_monsterinsights_skip_tracking":false,"_monsterinsights_sitenote_active":false,"_monsterinsights_sitenote_note":"","_monsterinsights_sitenote_category":0},"categories":[10,12],"tags":[96,20,402,446,448],"_links":{"self":[{"href":"http:\/\/www.portaldelolleria.es\/index.php?rest_route=\/wp\/v2\/posts\/7834"}],"collection":[{"href":"http:\/\/www.portaldelolleria.es\/index.php?rest_route=\/wp\/v2\/posts"}],"about":[{"href":"http:\/\/www.portaldelolleria.es\/index.php?rest_route=\/wp\/v2\/types\/post"}],"author":[{"embeddable":true,"href":"http:\/\/www.portaldelolleria.es\/index.php?rest_route=\/wp\/v2\/users\/1"}],"replies":[{"embeddable":true,"href":"http:\/\/www.portaldelolleria.es\/index.php?rest_route=%2Fwp%2Fv2%2Fcomments&post=7834"}],"version-history":[{"count":1,"href":"http:\/\/www.portaldelolleria.es\/index.php?rest_route=\/wp\/v2\/posts\/7834\/revisions"}],"predecessor-version":[{"id":7836,"href":"http:\/\/www.portaldelolleria.es\/index.php?rest_route=\/wp\/v2\/posts\/7834\/revisions\/7836"}],"wp:attachment":[{"href":"http:\/\/www.portaldelolleria.es\/index.php?rest_route=%2Fwp%2Fv2%2Fmedia&parent=7834"}],"wp:term":[{"taxonomy":"category","embeddable":true,"href":"http:\/\/www.portaldelolleria.es\/index.php?rest_route=%2Fwp%2Fv2%2Fcategories&post=7834"},{"taxonomy":"post_tag","embeddable":true,"href":"http:\/\/www.portaldelolleria.es\/index.php?rest_route=%2Fwp%2Fv2%2Ftags&post=7834"}],"curies":[{"name":"wp","href":"https:\/\/api.w.org\/{rel}","templated":true}]}}