{"id":7854,"date":"2014-12-17T16:55:49","date_gmt":"2014-12-17T14:55:49","guid":{"rendered":"http:\/\/www.portaldelolleria.es\/?p=7854"},"modified":"2014-12-18T03:54:19","modified_gmt":"2014-12-18T01:54:19","slug":"fernando-arjona-broche-de-oro-a-un-estupendo-2014-consiguiendo-el-7%c2%badan","status":"publish","type":"post","link":"http:\/\/www.portaldelolleria.es\/?p=7854","title":{"rendered":"Fernando Arjona broche de oro a un estupendo 2014 consiguiendo el 7\u00baDan"},"content":{"rendered":"<p style=\"text-align: justify;\"><a href=\"http:\/\/www.portaldelolleria.es\/wp-content\/uploads\/2014\/12\/fernando7.jpg\"><img loading=\"lazy\" class=\"aligncenter size-full wp-image-7867\" title=\"fernando7\" src=\"http:\/\/www.portaldelolleria.es\/wp-content\/uploads\/2014\/12\/fernando7.jpg\" alt=\"\" width=\"598\" height=\"398\" srcset=\"http:\/\/www.portaldelolleria.es\/wp-content\/uploads\/2014\/12\/fernando7.jpg 598w, http:\/\/www.portaldelolleria.es\/wp-content\/uploads\/2014\/12\/fernando7-300x199.jpg 300w\" sizes=\"(max-width: 598px) 100vw, 598px\" \/><\/a><\/p>\n<p style=\"text-align: justify;\">El taekwondo de l&#8217;Olleria est\u00e1 de enhorabuena. La Federaci\u00f3n Espa\u00f1ola de Taekwondo ha concedido a Fernando Arjona Gil,\u00a0 director del Club Deportivo Fernando y coordinador de la Escuela Deportiva de Taekwondo de l&#8217;Olleria, el 7\u00ba DAN como recompensa por los m\u00e9ritos deportivos contraidos. El deportista permanece vinculado al Taekwondo m\u00e1s de 30 a\u00f1os, sobresaliendo, tanto en sus ense\u00f1anzas t\u00e9cnicas, como la inculcaci\u00f3n de los valores \u00e9ticos m\u00e1s fundamentales.<\/p>\n<p style=\"text-align: justify;\">Fernando es toda una instituci\u00f3n en el Taekwondo nacional y una persona muy popular en L&#8217;Olleria,\u00a0 Todo el mundo lo conoce como deportista, pero\u00a0 \u00bfcomo es Fernando la persona?\u00a0\u00a0 Para ello dentro de su humildad, a accedido a concedernos una entrevista,\u00a0 que es m\u00e1s que interesante.<\/p>\n<p style=\"text-align: justify;\"><em><span style=\"color: #993300;\">A los grandes futbolistas, le regalaron un bal\u00f3n de peque\u00f1os, a grandes patinadoras sus primeros patines,\u00a0 \u00bfLe regalaron a Fernando un cintur\u00f3n de Taekwondo cuando era ni\u00f1o?\u00a0 Como surge su aficci\u00f3n por el Taekwondo.<\/span><\/em><\/p>\n<p style=\"text-align: justify;\">No,\u00a0 la aficci\u00f3n surge por las pel\u00edculas de Bruce Lee (artes marciales).\u00a0 Cuando ten\u00eda doce a\u00f1os,\u00a0 iba al cine Goya,\u00a0 el cine Masetero,\u00a0 y el cine Olleria, y adem\u00e1s de los westerns y las de romanos,\u00a0 las que m\u00e1s me gustaban eran las de artes marciales sobre todo si era de Bruce Lee.\u00a0 Era pura m\u00e1gia ir al cine en aquella \u00e9poca,\u00a0 imposible de explicar, hab\u00eda que vivirlo.<\/p>\n<p style=\"text-align: justify;\"><em><span style=\"color: #993300;\">En aquella \u00e9poca hab\u00eda tres cines, pero no gimnasio, \u00bf donde comenz\u00f3 la historia deportiva de Fernando Arjona?<\/span><\/em><\/p>\n<p style=\"text-align: justify;\">En Canals , en el gimnasio Dochang,\u00a0\u00a0 tendr\u00eda sobre los 17, con mi primer cintur\u00f3n blanco inc\u00f3lume.\u00a0\u00a0 Mi maestro era Vicente Sampedro,\u00a0\u00a0 y ven\u00eda a examinarnos desde Valencia el Sr. Kim, que fue el primer maestro Koreano que se instal\u00f3 en Valencia.<\/p>\n<p style=\"text-align: justify;\"><em><span style=\"color: #993300;\">\u00bfFue en esa \u00e9poca cuando pens\u00f3 dedicarse al Taekwondo profesionalmente?<\/span><\/em><\/p>\n<p style=\"text-align: justify;\">No,\u00a0 mi sue\u00f1o en esa \u00e9poca \u00a0era montar un Gimnasio en l\u2019Olleria,\u00a0 de aquella alternaba el taekwondo con el f\u00fatbol, ya que jug\u00e9 en todas la categor\u00edas del l\u2019Olleria CF.\u00a0\u00a0 Cuando vine de la mili, ya todo cambi\u00f3.<\/p>\n<p style=\"text-align: justify;\"><em><span style=\"color: #993300;\">\u00bfEn que sentido cambiaron las cosas?<\/span><\/em><\/p>\n<p style=\"text-align: justify;\">Pues, conoc\u00ed a Fina, la que hoy es mujer, que multiplic\u00f3 por diez todas las ilusiones,\u00a0 y fu\u00e9 cuando decidimos montar el gimnasio, y dedicarme al Taekwondo all\u00e1 por el 86<\/p>\n<p style=\"text-align: justify;\"><em><span style=\"color: #993300;\">\u00bfSe acuerda del d\u00eda que consigui\u00f3 su primer cintur\u00f3n negro?<\/span><\/em><\/p>\n<p style=\"text-align: justify;\">Perfectamente,\u00a0 me fui a examinar a Tarragona junto con otro compa\u00f1ero, Salvador Mart\u00ednez,\u00a0 estaba de presidente el Sr. Toledo, actualmente Vicepresidente de la Real Federaci\u00f3n Espa\u00f1ola de Taekwondo.\u00a0\u00a0 Otro motivo por el cual \u00a0no olvidar\u00e9 ese d\u00eda es que me rompieron dos costillas en uno de los combates, ya que era obligatorio ganar dos combates de tres. Hab\u00eda que hacer lo imposible para pasar el apartado de combate,\u00a0 aparte de aprobar el apartado de t\u00e9cnica. De aquella no hab\u00eda petos ni protecciones, todo era ilusi\u00f3n.<\/p>\n<p style=\"text-align: justify;\"><em><span style=\"color: #993300;\">\u00bfhubo alguna persona determinante en la evoluci\u00f3n de tu vida?<\/span><\/em><\/p>\n<p style=\"text-align: justify;\">Adem\u00e1s de Fina y mis ni\u00f1as,\u00a0 siempre recordar\u00e9 a mi hermano Jes\u00fas, tristemente fallecido a los 20 a\u00f1os en accidente de moto, y con el que ten\u00eda ilusi\u00f3n de hacer mil cosas.\u00a0 Adem\u00e1s de muchas personas que enriquecen tu vida, pero que no me atrevo a mencionar por no olvidarme de ninguna.\u00a0 Y por supuesto mi nieta Nayara que ahora mismo aporta una ilusi\u00f3n extra.<\/p>\n<p style=\"text-align: justify;\"><em><span style=\"color: #993300;\">Hoy en d\u00eda tiene una legi\u00f3n de alumnos siguiendo sus ense\u00f1anzas,\u00a0 \u00bfque siente en esos momentos cuando los tiene a todos delante?<\/span><\/em><\/p>\n<p style=\"text-align: justify;\">Son mis hijos\u00a1\u00a1\u00a1,\u00a0 Todos comenzar\u00f3n con tres, cuatro a\u00f1os,\u00a0 los veo empezar, evolucionar y hasta triunfar,\u00a0\u00a0 sinceramente estoy orgulloso de todos ellos.<\/p>\n<p style=\"text-align: justify;\"><em><span style=\"color: #993300;\">Son muchos los padres reacios a inscribir a sus hijos en este deporte?, Alegan que s\u00f3lo es para dar patadas,\u00a0\u00a0 que les d\u00edr\u00eda.<\/span><\/em><\/p>\n<p style=\"text-align: justify;\">A unos padres desconfiados, no les dir\u00eda\u00a0 nunca nada,\u00a0 Hay que venir,\u00a0 verlo y probarlo.\u00a0 Me preocupa m\u00e1s los padres de los que si est\u00e1n, que sigan satisfechos y confiando en nuestro proyecto. Todos conocen las prioridades de nuestra ense\u00f1anza, y siempre han sido y ser\u00e1n, seriedad, comportamiento y disciplina,\u00a0 cumpliendo esto, se forman personas y se consiguen resultados.<\/p>\n<p style=\"text-align: justify;\"><em><span style=\"color: #993300;\">Que ilusiones le quedan por cumplir?<\/span><\/em><\/p>\n<p style=\"text-align: justify;\">Tener un Campe\u00f3n del Mundo y que mi nieta Nayara siga mi camino.<\/p>\n<p style=\"text-align: justify;\"><span style=\"color: #993300;\"><em>\u00bfSe acuerda de qui\u00e9n fue su primer campe\u00f3n de Espa\u00f1a ?<\/em><\/span><\/p>\n<p style=\"text-align: justify;\">Vicente Jos\u00e9 Albi\u00f1ana,\u00a0 en Alcobendas,\u00a0 Campe\u00f3n de Espa\u00f1a en peso de 78 kilos contra Euskadi.<\/p>\n<p style=\"text-align: justify;\"><em><span style=\"color: #993300;\">\u00bfCu\u00e1nta cuerda le queda a Fernando?<\/span><\/em><\/p>\n<p style=\"text-align: justify;\">En occidente la gente se jubila, yo soy de m\u00e9todo oriental, hasta que se pueda.<\/p>\n<p style=\"text-align: justify;\"><span style=\"color: #993300;\"><em>\u00bfQu\u00e9 pas\u00f3 por su cabeza cuando le otorgaron el 7\u00ba dan<\/em><\/span>?<\/p>\n<p style=\"text-align: justify;\">Mucha alegr\u00eda, como si fuera un broche de oro a un estupendo a\u00f1o deportivo, no es el premio de un d\u00eda es un reconocimento \u00a0al \u00a0trabajo bien hecho.<\/p>\n<p style=\"text-align: justify;\">&#8212;&#8212;&#8212;&#8211;<\/p>\n<p style=\"text-align: justify;\">Adem\u00e1s de felicitarlo una vez m\u00e1s por ese 7\u00ba DAN,\u00a0\u00a0 pienso y hablo en nombre de muchos, que si hubiese recompensas para la buena gente, dentro del \u00e1mbito personal y social, hubiese merecido el 8\u00baDAN tambi\u00e9n.<\/p>\n<pre>redacci\u00f3n portal de l'Olleria<\/pre>\n","protected":false},"excerpt":{"rendered":"<p>El taekwondo de l&#8217;Olleria est\u00e1 de enhorabuena. La Federaci\u00f3n Espa\u00f1ola de Taekwondo ha concedido a Fernando Arjona Gil,\u00a0 director del Club Deportivo Fernando y coordinador de la Escuela Deportiva de Taekwondo de l&#8217;Olleria, el 7\u00ba DAN como recompensa por los m\u00e9ritos deportivos contraidos. El deportista permanece vinculado al Taekwondo m\u00e1s de 30 a\u00f1os, sobresaliendo, tanto [&hellip;]<\/p>\n","protected":false},"author":1,"featured_media":0,"comment_status":"closed","ping_status":"open","sticky":false,"template":"","format":"standard","meta":{"_monsterinsights_skip_tracking":false,"_monsterinsights_sitenote_active":false,"_monsterinsights_sitenote_note":"","_monsterinsights_sitenote_category":0},"categories":[9,12],"tags":[1237,779,20,19],"_links":{"self":[{"href":"http:\/\/www.portaldelolleria.es\/index.php?rest_route=\/wp\/v2\/posts\/7854"}],"collection":[{"href":"http:\/\/www.portaldelolleria.es\/index.php?rest_route=\/wp\/v2\/posts"}],"about":[{"href":"http:\/\/www.portaldelolleria.es\/index.php?rest_route=\/wp\/v2\/types\/post"}],"author":[{"embeddable":true,"href":"http:\/\/www.portaldelolleria.es\/index.php?rest_route=\/wp\/v2\/users\/1"}],"replies":[{"embeddable":true,"href":"http:\/\/www.portaldelolleria.es\/index.php?rest_route=%2Fwp%2Fv2%2Fcomments&post=7854"}],"version-history":[{"count":7,"href":"http:\/\/www.portaldelolleria.es\/index.php?rest_route=\/wp\/v2\/posts\/7854\/revisions"}],"predecessor-version":[{"id":7869,"href":"http:\/\/www.portaldelolleria.es\/index.php?rest_route=\/wp\/v2\/posts\/7854\/revisions\/7869"}],"wp:attachment":[{"href":"http:\/\/www.portaldelolleria.es\/index.php?rest_route=%2Fwp%2Fv2%2Fmedia&parent=7854"}],"wp:term":[{"taxonomy":"category","embeddable":true,"href":"http:\/\/www.portaldelolleria.es\/index.php?rest_route=%2Fwp%2Fv2%2Fcategories&post=7854"},{"taxonomy":"post_tag","embeddable":true,"href":"http:\/\/www.portaldelolleria.es\/index.php?rest_route=%2Fwp%2Fv2%2Ftags&post=7854"}],"curies":[{"name":"wp","href":"https:\/\/api.w.org\/{rel}","templated":true}]}}