{"id":7885,"date":"2014-12-18T22:01:59","date_gmt":"2014-12-18T20:01:59","guid":{"rendered":"http:\/\/www.portaldelolleria.es\/?p=7885"},"modified":"2014-12-18T22:05:30","modified_gmt":"2014-12-18T20:05:30","slug":"este-domingo-edicion-especial-de-el-rastro","status":"publish","type":"post","link":"http:\/\/www.portaldelolleria.es\/?p=7885","title":{"rendered":"Este domingo edici\u00f3n especial de el Rastro"},"content":{"rendered":"<p><a href=\"http:\/\/www.portaldelolleria.es\/wp-content\/uploads\/2014\/12\/rastro4.jpg\"><img loading=\"lazy\" class=\"aligncenter size-full wp-image-7887\" title=\"rastro4\" src=\"http:\/\/www.portaldelolleria.es\/wp-content\/uploads\/2014\/12\/rastro4.jpg\" alt=\"\" width=\"598\" height=\"398\" srcset=\"http:\/\/www.portaldelolleria.es\/wp-content\/uploads\/2014\/12\/rastro4.jpg 598w, http:\/\/www.portaldelolleria.es\/wp-content\/uploads\/2014\/12\/rastro4-300x199.jpg 300w\" sizes=\"(max-width: 598px) 100vw, 598px\" \/><\/a><\/p>\n<p style=\"text-align: justify;\">Este domingo se celebra una edici\u00f3n especial\u00a0 de el rastro que vuelve a la calle P. Ferreres con el horario habitual, estar\u00e1 abierto desde las 8 de la ma\u00f1ana. Esta sesi\u00f3n Navide\u00f1a adem\u00e1s de los art\u00edculos habituales que se suelen exponer, se intuye que apareceran otros m\u00e1s apropiados para estas fechas,\u00a0\u00a0 Puede ser una gran d\u00eda para encontrar esa pieza exclusiva para el Belen o el Arbol navide\u00f1o. El horario ser\u00e1 de 8:00 a 14: 00h.<\/p>\n<p style=\"text-align: justify;\">M\u00e1s informaci\u00f3n y reserva de puestos en 607.547.643 o <a href=\"mailto:%20adl@lolleria.es\">adl@lolleria.es<\/a><\/p>\n<p style=\"text-align: justify;\">En el interior del parque, como es costumbre, los m\u00e1s peque\u00f1os podr\u00e1n disfruta de Castillos inflables de forma gratuita<\/p>\n<p style=\"text-align: justify;\"><a href=\"http:\/\/www.portaldelolleria.es\/wp-content\/uploads\/2014\/12\/1manza2.jpg\"><img loading=\"lazy\" class=\"aligncenter size-full wp-image-7886\" title=\"1manza2\" src=\"http:\/\/www.portaldelolleria.es\/wp-content\/uploads\/2014\/12\/1manza2.jpg\" alt=\"\" width=\"598\" height=\"196\" srcset=\"http:\/\/www.portaldelolleria.es\/wp-content\/uploads\/2014\/12\/1manza2.jpg 598w, http:\/\/www.portaldelolleria.es\/wp-content\/uploads\/2014\/12\/1manza2-300x98.jpg 300w\" sizes=\"(max-width: 598px) 100vw, 598px\" \/><\/a><\/p>\n","protected":false},"excerpt":{"rendered":"<p>Este domingo se celebra una edici\u00f3n especial\u00a0 de el rastro que vuelve a la calle P. Ferreres con el horario habitual, estar\u00e1 abierto desde las 8 de la ma\u00f1ana. Esta sesi\u00f3n Navide\u00f1a adem\u00e1s de los art\u00edculos habituales que se suelen exponer, se intuye que apareceran otros m\u00e1s apropiados para estas fechas,\u00a0\u00a0 Puede ser una gran [&hellip;]<\/p>\n","protected":false},"author":1,"featured_media":0,"comment_status":"closed","ping_status":"open","sticky":false,"template":"","format":"standard","meta":{"_monsterinsights_skip_tracking":false,"_monsterinsights_sitenote_active":false,"_monsterinsights_sitenote_note":"","_monsterinsights_sitenote_category":0},"categories":[171,12],"tags":[1240,1239,20,469],"_links":{"self":[{"href":"http:\/\/www.portaldelolleria.es\/index.php?rest_route=\/wp\/v2\/posts\/7885"}],"collection":[{"href":"http:\/\/www.portaldelolleria.es\/index.php?rest_route=\/wp\/v2\/posts"}],"about":[{"href":"http:\/\/www.portaldelolleria.es\/index.php?rest_route=\/wp\/v2\/types\/post"}],"author":[{"embeddable":true,"href":"http:\/\/www.portaldelolleria.es\/index.php?rest_route=\/wp\/v2\/users\/1"}],"replies":[{"embeddable":true,"href":"http:\/\/www.portaldelolleria.es\/index.php?rest_route=%2Fwp%2Fv2%2Fcomments&post=7885"}],"version-history":[{"count":3,"href":"http:\/\/www.portaldelolleria.es\/index.php?rest_route=\/wp\/v2\/posts\/7885\/revisions"}],"predecessor-version":[{"id":7889,"href":"http:\/\/www.portaldelolleria.es\/index.php?rest_route=\/wp\/v2\/posts\/7885\/revisions\/7889"}],"wp:attachment":[{"href":"http:\/\/www.portaldelolleria.es\/index.php?rest_route=%2Fwp%2Fv2%2Fmedia&parent=7885"}],"wp:term":[{"taxonomy":"category","embeddable":true,"href":"http:\/\/www.portaldelolleria.es\/index.php?rest_route=%2Fwp%2Fv2%2Fcategories&post=7885"},{"taxonomy":"post_tag","embeddable":true,"href":"http:\/\/www.portaldelolleria.es\/index.php?rest_route=%2Fwp%2Fv2%2Ftags&post=7885"}],"curies":[{"name":"wp","href":"https:\/\/api.w.org\/{rel}","templated":true}]}}