{"id":7895,"date":"2014-12-18T22:23:27","date_gmt":"2014-12-18T20:23:27","guid":{"rendered":"http:\/\/www.portaldelolleria.es\/?p=7895"},"modified":"2014-12-18T22:34:21","modified_gmt":"2014-12-18T20:34:21","slug":"la-llegada-del-paje-real-llena-de-navidad-lolleria","status":"publish","type":"post","link":"http:\/\/www.portaldelolleria.es\/?p=7895","title":{"rendered":"La llegada del Paje Real llena de Navidad l&#8217;Olleria"},"content":{"rendered":"<p><a href=\"http:\/\/www.portaldelolleria.es\/wp-content\/uploads\/2014\/12\/paje.jpg\"><img loading=\"lazy\" class=\"aligncenter size-full wp-image-7897\" title=\"paje\" src=\"http:\/\/www.portaldelolleria.es\/wp-content\/uploads\/2014\/12\/paje.jpg\" alt=\"\" width=\"598\" height=\"398\" srcset=\"http:\/\/www.portaldelolleria.es\/wp-content\/uploads\/2014\/12\/paje.jpg 598w, http:\/\/www.portaldelolleria.es\/wp-content\/uploads\/2014\/12\/paje-300x199.jpg 300w\" sizes=\"(max-width: 598px) 100vw, 598px\" \/><\/a><\/p>\n<p>&nbsp;<\/p>\n<p style=\"text-align: justify;\">Es, cada a\u00f1o, uno de los momentos m\u00e1s esperados de las v\u00edsperas navide\u00f1as. El Paje Real ha aparecido en la Plaza de la Vila entre el bullicio de m\u00e1s de 100 peque\u00f1os,\u00a0 alumnos de la Escuela Infantil, que la han llenado de alegr\u00eda y vida.<\/p>\n<p style=\"text-align: justify;\">Todos han disfrutado de una ma\u00f1ana en la que no han faltado los villancicos m\u00e1s populares. Tanto los ni\u00f1os como profesores, padres, e incluso abuelos, se han animado a cantar y bailar las canciones tradicionales de estas fechas.<\/p>\n<p style=\"text-align: justify;\">Los peque\u00f1os, han podido entregar personalmente sus cartas dirigidas a los Reyes Magos. El Alcalde de L\u2019Olleria, Jos\u00e9 Vidal, ha se\u00f1alado que \u201cuna vez m\u00e1s, es una satisfacci\u00f3n ver la ilusi\u00f3n de los peque\u00f1os, entregando sus cartas al Paje Real, para que en esa noche m\u00e1gica se cumplan sus deseos\u201d.<\/p>\n<p style=\"text-align: justify;\">Adem\u00e1s, tanto el Alcalde como la Concejala de Educaci\u00f3n, Gema Borr\u00e1s,\u00a0 les han entregado un regalo muy especial a cada uno de ellos y los han animado a visitar el Bel\u00e9n Municipal instalado en una sala del antiguo Ayuntamiento de L\u2019Olleria.<\/p>\n<p style=\"text-align: justify;\">El Bel\u00e9n ha sido realizado por Joaquin Engo Momp\u00f3, vecino de la localidad y est\u00e1 compuesto por m\u00e1s de 100 figuras, que recogen escenas tradicionales, como la Anunciaci\u00f3n a los Pastores o la Llegada de los Reyes Magos.<\/p>\n<p>\u00a0<a href=\"http:\/\/www.portaldelolleria.es\/wp-content\/uploads\/2014\/12\/1manza21.jpg\"><img loading=\"lazy\" class=\"aligncenter size-full wp-image-7896\" title=\"1manza2\" src=\"http:\/\/www.portaldelolleria.es\/wp-content\/uploads\/2014\/12\/1manza21.jpg\" alt=\"\" width=\"598\" height=\"196\" srcset=\"http:\/\/www.portaldelolleria.es\/wp-content\/uploads\/2014\/12\/1manza21.jpg 598w, http:\/\/www.portaldelolleria.es\/wp-content\/uploads\/2014\/12\/1manza21-300x98.jpg 300w\" sizes=\"(max-width: 598px) 100vw, 598px\" \/><\/a><\/p>\n","protected":false},"excerpt":{"rendered":"<p>&nbsp; Es, cada a\u00f1o, uno de los momentos m\u00e1s esperados de las v\u00edsperas navide\u00f1as. El Paje Real ha aparecido en la Plaza de la Vila entre el bullicio de m\u00e1s de 100 peque\u00f1os,\u00a0 alumnos de la Escuela Infantil, que la han llenado de alegr\u00eda y vida. Todos han disfrutado de una ma\u00f1ana en la que [&hellip;]<\/p>\n","protected":false},"author":1,"featured_media":0,"comment_status":"closed","ping_status":"open","sticky":false,"template":"","format":"standard","meta":{"_monsterinsights_skip_tracking":false,"_monsterinsights_sitenote_active":false,"_monsterinsights_sitenote_note":"","_monsterinsights_sitenote_category":0},"categories":[16,12],"tags":[20,469,1241],"_links":{"self":[{"href":"http:\/\/www.portaldelolleria.es\/index.php?rest_route=\/wp\/v2\/posts\/7895"}],"collection":[{"href":"http:\/\/www.portaldelolleria.es\/index.php?rest_route=\/wp\/v2\/posts"}],"about":[{"href":"http:\/\/www.portaldelolleria.es\/index.php?rest_route=\/wp\/v2\/types\/post"}],"author":[{"embeddable":true,"href":"http:\/\/www.portaldelolleria.es\/index.php?rest_route=\/wp\/v2\/users\/1"}],"replies":[{"embeddable":true,"href":"http:\/\/www.portaldelolleria.es\/index.php?rest_route=%2Fwp%2Fv2%2Fcomments&post=7895"}],"version-history":[{"count":4,"href":"http:\/\/www.portaldelolleria.es\/index.php?rest_route=\/wp\/v2\/posts\/7895\/revisions"}],"predecessor-version":[{"id":7901,"href":"http:\/\/www.portaldelolleria.es\/index.php?rest_route=\/wp\/v2\/posts\/7895\/revisions\/7901"}],"wp:attachment":[{"href":"http:\/\/www.portaldelolleria.es\/index.php?rest_route=%2Fwp%2Fv2%2Fmedia&parent=7895"}],"wp:term":[{"taxonomy":"category","embeddable":true,"href":"http:\/\/www.portaldelolleria.es\/index.php?rest_route=%2Fwp%2Fv2%2Fcategories&post=7895"},{"taxonomy":"post_tag","embeddable":true,"href":"http:\/\/www.portaldelolleria.es\/index.php?rest_route=%2Fwp%2Fv2%2Ftags&post=7895"}],"curies":[{"name":"wp","href":"https:\/\/api.w.org\/{rel}","templated":true}]}}