{"id":7955,"date":"2014-12-22T08:37:28","date_gmt":"2014-12-22T06:37:28","guid":{"rendered":"http:\/\/www.portaldelolleria.es\/?p=7955"},"modified":"2014-12-22T08:37:28","modified_gmt":"2014-12-22T06:37:28","slug":"jornada-revalorem-els-barrancs-fem-horts-socials-2","status":"publish","type":"post","link":"http:\/\/www.portaldelolleria.es\/?p=7955","title":{"rendered":"Jornada \u00abrevalorem els barrancs, fem horts socials\u00bb"},"content":{"rendered":"<p><a href=\"http:\/\/www.portaldelolleria.es\/wp-content\/uploads\/2014\/12\/huerto.jpg\"><img loading=\"lazy\" class=\"aligncenter size-full wp-image-7957\" title=\"huerto\" src=\"http:\/\/www.portaldelolleria.es\/wp-content\/uploads\/2014\/12\/huerto.jpg\" alt=\"\" width=\"598\" height=\"398\" srcset=\"http:\/\/www.portaldelolleria.es\/wp-content\/uploads\/2014\/12\/huerto.jpg 598w, http:\/\/www.portaldelolleria.es\/wp-content\/uploads\/2014\/12\/huerto-300x199.jpg 300w\" sizes=\"(max-width: 598px) 100vw, 598px\" \/><\/a><\/p>\n<p>Este domingo con una gran participaci\u00f3n ciudadana, se ha celebrado la Jornada &#8216;REVALOREM ELS BARRANCS, FEM HORTS SOCIALS &#8216;. Por la ma\u00f1ana, se ha realizado una actividad senderista y formativa denominada &#8216;Ruta para interpretar la fauna de los barrancos y sierras de L&#8217;Olleria&#8217;. El bi\u00f3logo local, \u00c1ngel Such Sanz, nos ha acompa\u00f1ado en la Ruta que ha transcurrido por las dos vertientes del Barranco del Patillao por sendas con bastante pendiente y terreno roto. El ritmo ha sido lento para poder observar huellas y excrementos, as\u00ed como reconocer aves y escuchar sus cantos. Por la tarde, una actividad l\u00fadica y ecologista &#8216;Hacemos Huertos Sociales&#8217;. Una exposici\u00f3n del Proyecto de Huertos Sociales y galer\u00eda fotogr\u00e1fica. Tambi\u00e9n juegos tradicionales en el lecho del barranco para ni\u00f1os y mayores y limpieza selectiva de restos y clasificaci\u00f3n en punto de recogida. Para finalizar, chocolatada para todos los participantes.<\/p>\n<p>Con esta iniciativa la Concejal\u00eda de medio ambiente ha explicado \u00abin situ\u00bb,\u00a0 lo que supondr\u00e1 el proyecto de Huerto Social,\u00a0 a la vez que una parte del Barranco del Grau, deja de ser un dep\u00f3sito natural\u00a0 restos, supone un cambio de paisaje,\u00a0 que permitir\u00e1 extraer productos de cultivo, y ser entretenimiento de muchos.\u00a0\u00a0 Es una aplicaci\u00f3n l\u00f3gica de como aprovechar terrenos, que en principio se descartaban para todo.\u00a0 La buena acogida del acto, puede suponer exportar el mismo modelo a otros barrancos de la localidad.<\/p>\n<p><a href=\"http:\/\/www.portaldelolleria.es\/wp-content\/uploads\/2014\/12\/huerto2.jpg\"><img loading=\"lazy\" class=\"aligncenter size-full wp-image-7956\" title=\"huerto2\" src=\"http:\/\/www.portaldelolleria.es\/wp-content\/uploads\/2014\/12\/huerto2.jpg\" alt=\"\" width=\"598\" height=\"398\" srcset=\"http:\/\/www.portaldelolleria.es\/wp-content\/uploads\/2014\/12\/huerto2.jpg 598w, http:\/\/www.portaldelolleria.es\/wp-content\/uploads\/2014\/12\/huerto2-300x199.jpg 300w\" sizes=\"(max-width: 598px) 100vw, 598px\" \/><\/a><\/p>\n","protected":false},"excerpt":{"rendered":"<p>Este domingo con una gran participaci\u00f3n ciudadana, se ha celebrado la Jornada &#8216;REVALOREM ELS BARRANCS, FEM HORTS SOCIALS &#8216;. Por la ma\u00f1ana, se ha realizado una actividad senderista y formativa denominada &#8216;Ruta para interpretar la fauna de los barrancos y sierras de L&#8217;Olleria&#8217;. El bi\u00f3logo local, \u00c1ngel Such Sanz, nos ha acompa\u00f1ado en la Ruta [&hellip;]<\/p>\n","protected":false},"author":1,"featured_media":0,"comment_status":"closed","ping_status":"open","sticky":false,"template":"","format":"standard","meta":{"_monsterinsights_skip_tracking":false,"_monsterinsights_sitenote_active":false,"_monsterinsights_sitenote_note":"","_monsterinsights_sitenote_category":0},"categories":[10,12],"tags":[1252,1253,20,643],"_links":{"self":[{"href":"http:\/\/www.portaldelolleria.es\/index.php?rest_route=\/wp\/v2\/posts\/7955"}],"collection":[{"href":"http:\/\/www.portaldelolleria.es\/index.php?rest_route=\/wp\/v2\/posts"}],"about":[{"href":"http:\/\/www.portaldelolleria.es\/index.php?rest_route=\/wp\/v2\/types\/post"}],"author":[{"embeddable":true,"href":"http:\/\/www.portaldelolleria.es\/index.php?rest_route=\/wp\/v2\/users\/1"}],"replies":[{"embeddable":true,"href":"http:\/\/www.portaldelolleria.es\/index.php?rest_route=%2Fwp%2Fv2%2Fcomments&post=7955"}],"version-history":[{"count":1,"href":"http:\/\/www.portaldelolleria.es\/index.php?rest_route=\/wp\/v2\/posts\/7955\/revisions"}],"predecessor-version":[{"id":7958,"href":"http:\/\/www.portaldelolleria.es\/index.php?rest_route=\/wp\/v2\/posts\/7955\/revisions\/7958"}],"wp:attachment":[{"href":"http:\/\/www.portaldelolleria.es\/index.php?rest_route=%2Fwp%2Fv2%2Fmedia&parent=7955"}],"wp:term":[{"taxonomy":"category","embeddable":true,"href":"http:\/\/www.portaldelolleria.es\/index.php?rest_route=%2Fwp%2Fv2%2Fcategories&post=7955"},{"taxonomy":"post_tag","embeddable":true,"href":"http:\/\/www.portaldelolleria.es\/index.php?rest_route=%2Fwp%2Fv2%2Ftags&post=7955"}],"curies":[{"name":"wp","href":"https:\/\/api.w.org\/{rel}","templated":true}]}}