{"id":7999,"date":"2014-12-23T11:34:33","date_gmt":"2014-12-23T09:34:33","guid":{"rendered":"http:\/\/www.portaldelolleria.es\/?p=7999"},"modified":"2014-12-23T11:34:33","modified_gmt":"2014-12-23T09:34:33","slug":"david-tolsa-pone-la-guinda-a-un-memorable-2014-para-el-taekwondo-de-lolleria","status":"publish","type":"post","link":"http:\/\/www.portaldelolleria.es\/?p=7999","title":{"rendered":"David Tols\u00e0 pone la guinda a un memorable 2014 para el Taekwondo de L&#8217;Olleria."},"content":{"rendered":"<p style=\"text-align: justify;\"><a href=\"http:\/\/www.portaldelolleria.es\/wp-content\/uploads\/2014\/12\/taekwondo_lolleria9.jpg\"><img loading=\"lazy\" class=\"aligncenter size-full wp-image-8000\" title=\"taekwondo_lolleria9\" src=\"http:\/\/www.portaldelolleria.es\/wp-content\/uploads\/2014\/12\/taekwondo_lolleria9.jpg\" alt=\"\" width=\"598\" height=\"398\" srcset=\"http:\/\/www.portaldelolleria.es\/wp-content\/uploads\/2014\/12\/taekwondo_lolleria9.jpg 598w, http:\/\/www.portaldelolleria.es\/wp-content\/uploads\/2014\/12\/taekwondo_lolleria9-300x199.jpg 300w\" sizes=\"(max-width: 598px) 100vw, 598px\" \/><\/a><\/p>\n<p style=\"text-align: justify;\"><strong>DAVID TOLS\u00c1 CAMPE\u00d3N AUTON\u00d3MICO JUNIOR DE TAEKWONDO.<\/strong><\/p>\n<p style=\"text-align: justify;\">Este s\u00e1bado 20 de diciembre en la ciudad de Castell\u00f3n de la Plana se celebr\u00f3 el Campeonato Auton\u00f3mico Junior de Taekwondo clasificatorio para el Campeonato de Espa\u00f1a Junior. De L&#8217;Olleria participaron los deportistas, Estela Oltra en -52kg., Mireya Giner en &#8211; 49kg. y David Tols\u00e0 en -51kg.<\/p>\n<p style=\"text-align: justify;\">La primera en salir al tapiz fue Estela en cuartos de final contra la taekwondista valenciana del KTK Sport, Barbara Plaza, Estela remont\u00f3 un 4-0 en su contra poniendo 0-4 al macador pero dos malas decisiones arbitrales por dos patadas a la cabeza inexistentes que valen seis puntos acabaron en el buen combate de Estela que acab\u00f3 perdiendo por 5-9, Estela mostr\u00f3 una buena actitud\u00a0 que ya se est\u00e1 poni\u00e9ndose en forma tras la grave lesi\u00f3n, ahora toca trabajar duro y superarse para conseguir\u00a0 nuevos objetivos.<\/p>\n<p style=\"text-align: justify;\">Luego fu\u00e9 Mireya Giner en competir, Mireya estaba directamente en semifinales por incomparenciencia de su contrincante en cuartos, en semis le esperaba la cabeza de serie del peso Sandra Cabel del Club Olimpo de Sedav\u00ed, Mireya no pudo hacer nada y no pudo superar a Sandra que al final se proclam\u00f3 campeona auton\u00f3mica junior y Mireya fue Bronce.<\/p>\n<p style=\"text-align: justify;\">Por \u00faltimo compiti\u00f3 David Tols\u00e0,\u00a0 David que part\u00eda como cabeza de serie estaba en la final, ya que el contrincante de semifinal no se present\u00f3, Tols\u00e0 no tuvo ning\u00fan problema en derrotar por 18-1 al competidor castellonense Michel Carregui del Granjo David no tuvo rival y demostr\u00f3 que hoy por hoy no tiene rival en la Comunidad Valenciana y muestra que este a\u00f1o puede ser su a\u00f1o, recordamos que hace dos semanas Tols\u00e0 se proclamaba en Pontevedra Campe\u00f3n de Espa\u00f1a por Clubes y ahora Campe\u00f3n Auton\u00f3mico Junior.<\/p>\n<p style=\"text-align: justify;\">Ahora toca esperar al 10 de enero que se celebrar\u00e1 la Copa Junior donde participar\u00e1n los medallistas del junior y se decidir\u00e1n las plazas para el Campeonato de Espa\u00f1a Junior de febrero donde David tiene todas las papeletas para participar en el ser Campe\u00f3n Junior y Mireya tendr\u00e1 que trabajar muy por una plaza,<\/p>\n<p style=\"text-align: justify;\">Comentar tambi\u00e9n que el pasado s\u00e1bado 13 de diciembre en la localidad alicantina de Torrevieja se celebr\u00f3 la I Liguilla 2014 hasta 2015; en este campeonato por diversos motivos s\u00f3lo particip\u00f3 Ra\u00fal Tols\u00e0 en categor\u00eda Cadete -33kg, Ra\u00f9l no pudo hacer nada y perdi\u00f3 el primer combate contra el Campe\u00f3n de Espa\u00f1a Cadete en este 2014, el murciano Joaqu\u00edn Albadalejo del Koryo.<\/p>\n<p style=\"text-align: justify;\">Ahora ya toca mirar al futuro y superar el exitoso 2014 para el Taekwondo de nuestra querida poblaci\u00f3n ya esperar el nuevo a\u00f1o 2015, con nuevos campeonatos, nuevos retos, nuevos objetivos, nuevos campeones y de seguro que nuevos \u00e9xitos en el Taekwondo de la Olleria.<\/p>\n<p style=\"text-align: justify;\">Desde el equipo de competici\u00f3n, equipo t\u00e9cnico y padres y madres del Taekwondo del Olleriano desear a todo el pueblo de l&#8217;Olleria, comarca y ha toda la gente que le gusta este y otros deportes los mejores deseos para el 2015 y muy FELIZ NAVIDAD para todo el mundo.<\/p>\n<p style=\"text-align: justify;\">Ximo C.<\/p>\n<p style=\"text-align: justify;\"><span style=\"color: #800000;\"><em>Y desde el Portal de l&#8217;Olleria, adem\u00e1s de alegrarnos por sus \u00e9xitos,\u00a0 queremos agradecer a esa gran familia del Taekwondo, la deferencia que durante todo el a\u00f1o, han tenido con este medio, facilit\u00e1ndo comunicaciones y cr\u00f3nicas,\u00a0 que nos han acercado a todos un poco m\u00e1s a este deporte.\u00a0 Nuestro deseo es que el 2015, vuelva a ser un a\u00f1o de superaci\u00f3n tanto colectiva como individual y sigan representando a este pueblo con dignidad que merece.<\/em><\/span><\/p>\n","protected":false},"excerpt":{"rendered":"<p>DAVID TOLS\u00c1 CAMPE\u00d3N AUTON\u00d3MICO JUNIOR DE TAEKWONDO. Este s\u00e1bado 20 de diciembre en la ciudad de Castell\u00f3n de la Plana se celebr\u00f3 el Campeonato Auton\u00f3mico Junior de Taekwondo clasificatorio para el Campeonato de Espa\u00f1a Junior. De L&#8217;Olleria participaron los deportistas, Estela Oltra en -52kg., Mireya Giner en &#8211; 49kg. y David Tols\u00e0 en -51kg. La [&hellip;]<\/p>\n","protected":false},"author":1,"featured_media":0,"comment_status":"closed","ping_status":"open","sticky":false,"template":"","format":"standard","meta":{"_monsterinsights_skip_tracking":false,"_monsterinsights_sitenote_active":false,"_monsterinsights_sitenote_note":"","_monsterinsights_sitenote_category":0},"categories":[9,12],"tags":[457,103,20,19],"_links":{"self":[{"href":"http:\/\/www.portaldelolleria.es\/index.php?rest_route=\/wp\/v2\/posts\/7999"}],"collection":[{"href":"http:\/\/www.portaldelolleria.es\/index.php?rest_route=\/wp\/v2\/posts"}],"about":[{"href":"http:\/\/www.portaldelolleria.es\/index.php?rest_route=\/wp\/v2\/types\/post"}],"author":[{"embeddable":true,"href":"http:\/\/www.portaldelolleria.es\/index.php?rest_route=\/wp\/v2\/users\/1"}],"replies":[{"embeddable":true,"href":"http:\/\/www.portaldelolleria.es\/index.php?rest_route=%2Fwp%2Fv2%2Fcomments&post=7999"}],"version-history":[{"count":1,"href":"http:\/\/www.portaldelolleria.es\/index.php?rest_route=\/wp\/v2\/posts\/7999\/revisions"}],"predecessor-version":[{"id":8001,"href":"http:\/\/www.portaldelolleria.es\/index.php?rest_route=\/wp\/v2\/posts\/7999\/revisions\/8001"}],"wp:attachment":[{"href":"http:\/\/www.portaldelolleria.es\/index.php?rest_route=%2Fwp%2Fv2%2Fmedia&parent=7999"}],"wp:term":[{"taxonomy":"category","embeddable":true,"href":"http:\/\/www.portaldelolleria.es\/index.php?rest_route=%2Fwp%2Fv2%2Fcategories&post=7999"},{"taxonomy":"post_tag","embeddable":true,"href":"http:\/\/www.portaldelolleria.es\/index.php?rest_route=%2Fwp%2Fv2%2Ftags&post=7999"}],"curies":[{"name":"wp","href":"https:\/\/api.w.org\/{rel}","templated":true}]}}