{"id":8013,"date":"2014-12-23T11:01:09","date_gmt":"2014-12-23T09:01:09","guid":{"rendered":"http:\/\/www.portaldelolleria.es\/?p=8013"},"modified":"2014-12-24T00:00:12","modified_gmt":"2014-12-23T22:00:12","slug":"sabado-27-lo-mejor-del-lolleria-cf-se-da-cita-en-el-cine-goya","status":"publish","type":"post","link":"http:\/\/www.portaldelolleria.es\/?p=8013","title":{"rendered":"S\u00e1bado 27, lo mejor del  L&#8217;Olleria CF se d\u00e1 cita en el Cine Goya."},"content":{"rendered":"<p><a href=\"http:\/\/www.portaldelolleria.es\/wp-content\/uploads\/2014\/12\/expo3.jpg\"><img loading=\"lazy\" class=\"aligncenter size-full wp-image-8014\" title=\"expo3\" src=\"http:\/\/www.portaldelolleria.es\/wp-content\/uploads\/2014\/12\/expo3.jpg\" alt=\"\" width=\"598\" height=\"398\" srcset=\"http:\/\/www.portaldelolleria.es\/wp-content\/uploads\/2014\/12\/expo3.jpg 598w, http:\/\/www.portaldelolleria.es\/wp-content\/uploads\/2014\/12\/expo3-300x199.jpg 300w\" sizes=\"(max-width: 598px) 100vw, 598px\" \/><\/a><\/p>\n<p style=\"text-align: justify;\">El pr\u00f3ximo s\u00e1bado 27 de diciembre a partir de las 12:00h, con motivo del 85\u00ba aniversario de L&#8217;Olleria C.F., se realizar\u00e1 una visita a la exposici\u00f3n fotogr\u00e1fica instalada al Teatro Goya. Im\u00e1genes de los diferentes planteles de L&#8217;Olleria C.F. y retales de prensa de los momentos m\u00e1s importantes del Club, entre muchas otros, ser\u00e1n las protagonistas de esta jornada. Adem\u00e1s, asitiran , antiguos y actuales directivos y jugadores de L&#8217;Olleria C.F., miembros de la Escuela Deportiva Municipal de F\u00fatbol y miembros de la Corporaci\u00f3n Municipal. Tambi\u00e9n nos acompa\u00f1ar\u00e1n Juanlu Mart\u00ednez, actual Director Deportivo del F\u00fatbol Base del Dinamo de Mosc\u00fa y Sara Mic\u00f3, Jugadora del Valencia C.F.<\/p>\n","protected":false},"excerpt":{"rendered":"<p>El pr\u00f3ximo s\u00e1bado 27 de diciembre a partir de las 12:00h, con motivo del 85\u00ba aniversario de L&#8217;Olleria C.F., se realizar\u00e1 una visita a la exposici\u00f3n fotogr\u00e1fica instalada al Teatro Goya. Im\u00e1genes de los diferentes planteles de L&#8217;Olleria C.F. y retales de prensa de los momentos m\u00e1s importantes del Club, entre muchas otros, ser\u00e1n las [&hellip;]<\/p>\n","protected":false},"author":1,"featured_media":0,"comment_status":"closed","ping_status":"open","sticky":false,"template":"","format":"standard","meta":{"_monsterinsights_skip_tracking":false,"_monsterinsights_sitenote_active":false,"_monsterinsights_sitenote_note":"","_monsterinsights_sitenote_category":0},"categories":[9,12],"tags":[736,1259,31,315],"_links":{"self":[{"href":"http:\/\/www.portaldelolleria.es\/index.php?rest_route=\/wp\/v2\/posts\/8013"}],"collection":[{"href":"http:\/\/www.portaldelolleria.es\/index.php?rest_route=\/wp\/v2\/posts"}],"about":[{"href":"http:\/\/www.portaldelolleria.es\/index.php?rest_route=\/wp\/v2\/types\/post"}],"author":[{"embeddable":true,"href":"http:\/\/www.portaldelolleria.es\/index.php?rest_route=\/wp\/v2\/users\/1"}],"replies":[{"embeddable":true,"href":"http:\/\/www.portaldelolleria.es\/index.php?rest_route=%2Fwp%2Fv2%2Fcomments&post=8013"}],"version-history":[{"count":3,"href":"http:\/\/www.portaldelolleria.es\/index.php?rest_route=\/wp\/v2\/posts\/8013\/revisions"}],"predecessor-version":[{"id":8041,"href":"http:\/\/www.portaldelolleria.es\/index.php?rest_route=\/wp\/v2\/posts\/8013\/revisions\/8041"}],"wp:attachment":[{"href":"http:\/\/www.portaldelolleria.es\/index.php?rest_route=%2Fwp%2Fv2%2Fmedia&parent=8013"}],"wp:term":[{"taxonomy":"category","embeddable":true,"href":"http:\/\/www.portaldelolleria.es\/index.php?rest_route=%2Fwp%2Fv2%2Fcategories&post=8013"},{"taxonomy":"post_tag","embeddable":true,"href":"http:\/\/www.portaldelolleria.es\/index.php?rest_route=%2Fwp%2Fv2%2Ftags&post=8013"}],"curies":[{"name":"wp","href":"https:\/\/api.w.org\/{rel}","templated":true}]}}