{"id":8046,"date":"2014-12-26T12:36:49","date_gmt":"2014-12-26T10:36:49","guid":{"rendered":"http:\/\/www.portaldelolleria.es\/?p=8046"},"modified":"2014-12-26T16:29:46","modified_gmt":"2014-12-26T14:29:46","slug":"damian-lapena-vida-convocado-por-el-valencia-cf-para-su-seguimiento","status":"publish","type":"post","link":"http:\/\/www.portaldelolleria.es\/?p=8046","title":{"rendered":"Damian Lape\u00f1a Vidal, convocado por el Valencia CF, para su seguimiento."},"content":{"rendered":"<p><a href=\"http:\/\/www.portaldelolleria.es\/wp-content\/uploads\/2014\/12\/20141221_104909.jpg\"><img loading=\"lazy\" class=\"aligncenter size-full wp-image-8047\" title=\"20141221_104909\" src=\"http:\/\/www.portaldelolleria.es\/wp-content\/uploads\/2014\/12\/20141221_104909.jpg\" alt=\"\" width=\"641\" height=\"375\" \/><\/a><\/p>\n<div id=\"gt-res-content\">\n<div dir=\"ltr\">\n<p>El jugador DAMIAN LAPE\u00d1A VIDAL ha sido convocado, a\u00a0 las instalaciones de Paterna, por el Valencia CF, para realizar unas pruebas y poder seguir posteriormente su progresi\u00f3n y evoluci\u00f3n.<\/p>\n<p>Aprovechando las vacaciones escolares, ha formado\u00a0 parte de una selecci\u00f3n de jugadores privilegiados que jugaron unos partidillos ante la atenta mirada del equipo de scouting del Valencia CF.\u00a0 Los nervios iniciales pasaron r\u00e1pidamente y fue uno de los pocos jugadores distinguidos, disputando todos los minutos que dur\u00f3 la prueba, siendo un motivo de satisfacci\u00f3n y alegr\u00eda a\u00f1adida. Una experiencia inolvidable para \u00e9l y sus familiares, mostrando nuestra felicitaci\u00f3n y darles la m\u00e1s sincera enhorabuena.<\/p>\n<p>Dami\u00e1n, nacido en 2005, forma parte del equipo Benjam\u00edn \u00abA\u00bb de la Escuela f\u00fatbol base de Oller\u00eda, actual l\u00edder destacado de su grupo, uno de los motivos que justifica el seguimiento de varios equipos importantes de la Comunidad Valenciana de algunos jugadores de este plantel.<\/p>\n<p>Por lo tanto, nos alegra a toda la familia deportiva que formamos parte de la Escuela, esta convocatoria y la de su compa\u00f1ero Jairo que, el pr\u00f3ximo s\u00e1bado 27 de Diciembre, tambi\u00e9n realizar\u00e1 unas pruebas en el H\u00e9rcules de Alicante, siendo el momento para desearle la mejor de las suertes.<\/p>\n<p><a href=\"http:\/\/www.futbolbaseolleria.weebly.com\" target=\"_blank\">www.futbolbaseolleria.weebly.com<\/a><\/p>\n<p><a href=\"http:\/\/www.portaldelolleria.es\/wp-content\/uploads\/2014\/12\/20141221_104630-2.jpg\"><img loading=\"lazy\" class=\"aligncenter size-full wp-image-8049\" title=\"20141221_104630 (2)\" src=\"http:\/\/www.portaldelolleria.es\/wp-content\/uploads\/2014\/12\/20141221_104630-2.jpg\" alt=\"\" width=\"598\" height=\"1063\" srcset=\"http:\/\/www.portaldelolleria.es\/wp-content\/uploads\/2014\/12\/20141221_104630-2.jpg 598w, http:\/\/www.portaldelolleria.es\/wp-content\/uploads\/2014\/12\/20141221_104630-2-168x300.jpg 168w, http:\/\/www.portaldelolleria.es\/wp-content\/uploads\/2014\/12\/20141221_104630-2-576x1024.jpg 576w\" sizes=\"(max-width: 598px) 100vw, 598px\" \/><\/a><\/p>\n<\/div>\n<\/div>\n","protected":false},"excerpt":{"rendered":"<p>El jugador DAMIAN LAPE\u00d1A VIDAL ha sido convocado, a\u00a0 las instalaciones de Paterna, por el Valencia CF, para realizar unas pruebas y poder seguir posteriormente su progresi\u00f3n y evoluci\u00f3n. Aprovechando las vacaciones escolares, ha formado\u00a0 parte de una selecci\u00f3n de jugadores privilegiados que jugaron unos partidillos ante la atenta mirada del equipo de scouting del [&hellip;]<\/p>\n","protected":false},"author":1,"featured_media":0,"comment_status":"closed","ping_status":"open","sticky":false,"template":"","format":"standard","meta":{"_monsterinsights_skip_tracking":false,"_monsterinsights_sitenote_active":false,"_monsterinsights_sitenote_note":"","_monsterinsights_sitenote_category":0},"categories":[9,12],"tags":[1194,1264,31,315,23],"_links":{"self":[{"href":"http:\/\/www.portaldelolleria.es\/index.php?rest_route=\/wp\/v2\/posts\/8046"}],"collection":[{"href":"http:\/\/www.portaldelolleria.es\/index.php?rest_route=\/wp\/v2\/posts"}],"about":[{"href":"http:\/\/www.portaldelolleria.es\/index.php?rest_route=\/wp\/v2\/types\/post"}],"author":[{"embeddable":true,"href":"http:\/\/www.portaldelolleria.es\/index.php?rest_route=\/wp\/v2\/users\/1"}],"replies":[{"embeddable":true,"href":"http:\/\/www.portaldelolleria.es\/index.php?rest_route=%2Fwp%2Fv2%2Fcomments&post=8046"}],"version-history":[{"count":6,"href":"http:\/\/www.portaldelolleria.es\/index.php?rest_route=\/wp\/v2\/posts\/8046\/revisions"}],"predecessor-version":[{"id":8054,"href":"http:\/\/www.portaldelolleria.es\/index.php?rest_route=\/wp\/v2\/posts\/8046\/revisions\/8054"}],"wp:attachment":[{"href":"http:\/\/www.portaldelolleria.es\/index.php?rest_route=%2Fwp%2Fv2%2Fmedia&parent=8046"}],"wp:term":[{"taxonomy":"category","embeddable":true,"href":"http:\/\/www.portaldelolleria.es\/index.php?rest_route=%2Fwp%2Fv2%2Fcategories&post=8046"},{"taxonomy":"post_tag","embeddable":true,"href":"http:\/\/www.portaldelolleria.es\/index.php?rest_route=%2Fwp%2Fv2%2Ftags&post=8046"}],"curies":[{"name":"wp","href":"https:\/\/api.w.org\/{rel}","templated":true}]}}