{"id":8063,"date":"2014-12-27T15:54:43","date_gmt":"2014-12-27T13:54:43","guid":{"rendered":"http:\/\/www.portaldelolleria.es\/?p=8063"},"modified":"2015-01-04T21:48:53","modified_gmt":"2015-01-04T19:48:53","slug":"juanlu-martinez-y-sara-mico-maximos-exponentes-del-futbol-local-visitan-exposicion-de-lolleria-cf","status":"publish","type":"post","link":"http:\/\/www.portaldelolleria.es\/?p=8063","title":{"rendered":"Juanlu Mart\u00ednez y Sara Mic\u00f3, m\u00e1ximos exponentes del futbol local, visitan exposici\u00f3n de L&#8217;Olleria CF."},"content":{"rendered":"<p><a href=\"http:\/\/www.portaldelolleria.es\/wp-content\/uploads\/2014\/12\/olleria-cf-expo1.jpg\"><img loading=\"lazy\" class=\"aligncenter size-full wp-image-8070\" title=\"olleria cf expo1\" src=\"http:\/\/www.portaldelolleria.es\/wp-content\/uploads\/2014\/12\/olleria-cf-expo1.jpg\" alt=\"\" width=\"598\" height=\"398\" srcset=\"http:\/\/www.portaldelolleria.es\/wp-content\/uploads\/2014\/12\/olleria-cf-expo1.jpg 598w, http:\/\/www.portaldelolleria.es\/wp-content\/uploads\/2014\/12\/olleria-cf-expo1-300x199.jpg 300w\" sizes=\"(max-width: 598px) 100vw, 598px\" \/><\/a><\/p>\n<p style=\"text-align: justify;\">Juanlu Mart\u00ednez,\u00a0 Director deportivo del f\u00fatbol base del D\u00ednamo de Mosc\u00fa, y Sara Mic\u00f3, Jugadora del Valencia CF, y seleccionada hace poco para el combinado nacional,\u00a0 ambos, m\u00e1ximos exponentes del futbol local,\u00a0 aprovecharon estas fechas para visitar la exposici\u00f3n que l&#8217;Olleria CF, hab\u00eda montando en la entrada del Cine Goya, con motivo de su 85 aniversario.\u00a0\u00a0 Al acto tambi\u00e9n asistieron el Alcalde, el entrenador del primer equipo Sergio Franc\u00e9s,\u00a0 as\u00ed como una nutrida representaci\u00f3n de exjugadores y exdirectivos\u00a0 del club.<\/p>\n<p style=\"text-align: justify;\">Adem\u00e1s de una charla sobre f\u00fatbol celebrada en el \u00e1ula taller del Centro Social ,\u00a0 y la presentaci\u00f3n de un libro sobre el f\u00fatbol en Valencia, \u00a0 los invitados de honor pudieron disfrutar de la expsoci\u00f3n rodeados del\u00a0 p\u00fablico asistente,\u00a0 as\u00ed como familiares que asistieron al acto. \u00a0 El broche lo pusieron encendiendo la traca dispuesta para el evento\u00a0 y tan preciada visita, en la peque\u00f1a plaza de la calle Batle.<\/p>\n<p style=\"text-align: justify;\">Por otro lado,\u00a0 el presidente\u00a0 Joaqu\u00edn \u00dabeda, mostraba su total satisfacci\u00f3n , ya que todo el tiempo que estar\u00e1 la exposici\u00f3n abierta, es sin duda alguna el d\u00eda m\u00e1s importante que se pod\u00eda esperar de ella.\u00a0 Hoy es uno de esos d\u00edas en que mira el esfuerzo recompensado,\u00a0\u00a0 la ilusi\u00f3n de montar la exposici\u00f3n,\u00a0 y reunir pasado con futuro para ejemplo del presente,\u00a0 se vi\u00f3 totalmente recompensado en una jornada como la de hoy.\u00a0\u00a0 Y que hoy es un d\u00eda de fiesta, donde los aficionados al f\u00fatbol, adem\u00e1s de disfrutar de nuestro equipo, han podido ver las raices,\u00a0 y\u00a0 el&#8230;\u00bbhasta donde se puede llegar\u00bb\u00a0 con trabajo, calidad y esfuerzo.<\/p>\n<p style=\"text-align: justify;\"><a href=\"http:\/\/www.portaldelolleria.es\/wp-content\/uploads\/2014\/12\/olleria-cf-expo2.jpg\"><img loading=\"lazy\" class=\"aligncenter size-full wp-image-8064\" title=\"olleria cf expo2\" src=\"http:\/\/www.portaldelolleria.es\/wp-content\/uploads\/2014\/12\/olleria-cf-expo2.jpg\" alt=\"\" width=\"598\" height=\"398\" srcset=\"http:\/\/www.portaldelolleria.es\/wp-content\/uploads\/2014\/12\/olleria-cf-expo2.jpg 598w, http:\/\/www.portaldelolleria.es\/wp-content\/uploads\/2014\/12\/olleria-cf-expo2-300x199.jpg 300w\" sizes=\"(max-width: 598px) 100vw, 598px\" \/><\/a><\/p>\n<p style=\"text-align: justify;\"><a href=\"http:\/\/www.portaldelolleria.es\/wp-content\/uploads\/2014\/12\/olleria-cf-expo3.jpg\"><img loading=\"lazy\" class=\"aligncenter size-full wp-image-8065\" title=\"olleria cf expo3\" src=\"http:\/\/www.portaldelolleria.es\/wp-content\/uploads\/2014\/12\/olleria-cf-expo3.jpg\" alt=\"\" width=\"598\" height=\"398\" srcset=\"http:\/\/www.portaldelolleria.es\/wp-content\/uploads\/2014\/12\/olleria-cf-expo3.jpg 598w, http:\/\/www.portaldelolleria.es\/wp-content\/uploads\/2014\/12\/olleria-cf-expo3-300x199.jpg 300w\" sizes=\"(max-width: 598px) 100vw, 598px\" \/><\/a><\/p>\n<p style=\"text-align: justify;\"><a href=\"http:\/\/www.portaldelolleria.es\/wp-content\/uploads\/2014\/12\/olleria-cf-expo4.jpg\"><img loading=\"lazy\" class=\"aligncenter size-full wp-image-8066\" title=\"olleria cf expo4\" src=\"http:\/\/www.portaldelolleria.es\/wp-content\/uploads\/2014\/12\/olleria-cf-expo4.jpg\" alt=\"\" width=\"598\" height=\"398\" srcset=\"http:\/\/www.portaldelolleria.es\/wp-content\/uploads\/2014\/12\/olleria-cf-expo4.jpg 598w, http:\/\/www.portaldelolleria.es\/wp-content\/uploads\/2014\/12\/olleria-cf-expo4-300x199.jpg 300w\" sizes=\"(max-width: 598px) 100vw, 598px\" \/><\/a><\/p>\n<p style=\"text-align: justify;\"><a href=\"http:\/\/www.portaldelolleria.es\/wp-content\/uploads\/2014\/12\/olleria-cf-expo5.jpg\"><img loading=\"lazy\" class=\"aligncenter size-full wp-image-8067\" title=\"olleria cf expo5\" src=\"http:\/\/www.portaldelolleria.es\/wp-content\/uploads\/2014\/12\/olleria-cf-expo5.jpg\" alt=\"\" width=\"598\" height=\"398\" srcset=\"http:\/\/www.portaldelolleria.es\/wp-content\/uploads\/2014\/12\/olleria-cf-expo5.jpg 598w, http:\/\/www.portaldelolleria.es\/wp-content\/uploads\/2014\/12\/olleria-cf-expo5-300x199.jpg 300w\" sizes=\"(max-width: 598px) 100vw, 598px\" \/><\/a><\/p>\n<p style=\"text-align: justify;\"><a href=\"http:\/\/www.portaldelolleria.es\/wp-content\/uploads\/2014\/12\/olleria-cf-expo6.jpg\"><img loading=\"lazy\" class=\"aligncenter size-full wp-image-8068\" title=\"olleria cf expo6\" src=\"http:\/\/www.portaldelolleria.es\/wp-content\/uploads\/2014\/12\/olleria-cf-expo6.jpg\" alt=\"\" width=\"598\" height=\"398\" srcset=\"http:\/\/www.portaldelolleria.es\/wp-content\/uploads\/2014\/12\/olleria-cf-expo6.jpg 598w, http:\/\/www.portaldelolleria.es\/wp-content\/uploads\/2014\/12\/olleria-cf-expo6-300x199.jpg 300w\" sizes=\"(max-width: 598px) 100vw, 598px\" \/><\/a><\/p>\n<p style=\"text-align: justify;\"><a href=\"http:\/\/www.portaldelolleria.es\/wp-content\/uploads\/2014\/12\/olleria-cf-expo7.jpg\"><img loading=\"lazy\" class=\"aligncenter size-full wp-image-8069\" title=\"olleria cf expo7\" src=\"http:\/\/www.portaldelolleria.es\/wp-content\/uploads\/2014\/12\/olleria-cf-expo7.jpg\" alt=\"\" width=\"598\" height=\"398\" srcset=\"http:\/\/www.portaldelolleria.es\/wp-content\/uploads\/2014\/12\/olleria-cf-expo7.jpg 598w, http:\/\/www.portaldelolleria.es\/wp-content\/uploads\/2014\/12\/olleria-cf-expo7-300x199.jpg 300w\" sizes=\"(max-width: 598px) 100vw, 598px\" \/><\/a><\/p>\n<p><object id=\"swf_id_54a997b4ed72f1831034402\" style=\"display: block;\" width=\"598\" height=\"339\" classid=\"clsid:d27cdb6e-ae6d-11cf-96b8-444553540000\" codebase=\"http:\/\/download.macromedia.com\/pub\/shockwave\/cabs\/flash\/swflash.cab#version=6,0,40,0\"><param name=\"src\" value=\"https:\/\/fbstatic-a.akamaihd.net\/rsrc.php\/v1\/y1\/r\/wp3fsUyK7CP.swf\" \/><param name=\"quality\" value=\"high\" \/><param name=\"allowfullscreen\" value=\"true\" \/><param name=\"allowscriptaccess\" value=\"always\" \/><param name=\"salign\" value=\"tl\" \/><param name=\"scale\" value=\"noscale\" \/><param name=\"wmode\" value=\"opaque\" \/><param name=\"flashvars\" value=\"params=%7B%22auto_hd%22%3Afalse%2C%22autoplay_reason%22%3A%22all_page_organic_allowed%22%2C%22default_hd%22%3Afalse%2C%22disable_native_controls%22%3Afalse%2C%22inline_player%22%3Atrue%2C%22pixel_ratio%22%3A1%2C%22preload%22%3Atrue%2C%22start_muted%22%3Atrue%2C%22video_data%22%3A%5B%7B%22hd_src%22%3A%22https%3A%5C%2F%5C%2Ffbcdn-video-l-a.akamaihd.net%5C%2Fhvideo-ak-xfp1%5C%2Fv%5C%2Ft43.1792-2%5C%2F10325946_1560064300901106_202917777_n.mp4%3Frl%3D1500%26vabr%3D761%26oh%3D3e7c1b532420365b029947bce4d97405%26oe%3D54A9BF82%26__gda__%3D1420411041_29376c0c48ec04d152f9d97f7a8b6dc4%22%2C%22is_hds%22%3Afalse%2C%22is_hls%22%3Afalse%2C%22index%22%3A0%2C%22rotation%22%3A0%2C%22sd_src%22%3A%22https%3A%5C%2F%5C%2Ffbcdn-video-d-a.akamaihd.net%5C%2Fhvideo-ak-xap1%5C%2Fv%5C%2Ft42.1790-2%5C%2F10863118_1560064284234441_1193487414_n.mp4%3Frl%3D387%26vabr%3D215%26oh%3D5b2e9eedc04831d26462e84933975fa4%26oe%3D54A9BCD7%26__gda__%3D1420411002_3d338bdf80d5eda1e84b9ef55c866901%22%2C%22video_id%22%3A%221560055407568662%22%2C%22sd_src_no_ratelimit%22%3A%22https%3A%5C%2F%5C%2Ffbcdn-video-d-a.akamaihd.net%5C%2Fhvideo-ak-xap1%5C%2Fv%5C%2Ft42.1790-2%5C%2F10863118_1560064284234441_1193487414_n.mp4%3Foh%3D5b2e9eedc04831d26462e84933975fa4%26oe%3D54A9BCD7%26__gda__%3D1420411002_396ffe2186a26cfae7e3bcb7aafce70e%22%2C%22hd_src_no_ratelimit%22%3A%22https%3A%5C%2F%5C%2Ffbcdn-video-l-a.akamaihd.net%5C%2Fhvideo-ak-xfp1%5C%2Fv%5C%2Ft43.1792-2%5C%2F10325946_1560064300901106_202917777_n.mp4%3Foh%3D3e7c1b532420365b029947bce4d97405%26oe%3D54A9BF82%26__gda__%3D1420411041_d59df0ec702e4940860cd6fb36f2eb4d%22%7D%5D%2C%22show_captions_default%22%3Afalse%2C%22persistent_volume%22%3Atrue%2C%22buffer_length%22%3A0.1%7D&amp;width=470&amp;height=264&amp;user=1766422750&amp;log=no&amp;div_id=id_54a997b4ed72f1831034402&amp;swf_id=swf_id_54a997b4ed72f1831034402&amp;browser=Firefox+34.0&amp;tracking_domain=https%3A%2F%2Fpixel.facebook.com&amp;post_form_id=&amp;string_table=https%3A%2F%2Fs-static.ak.facebook.com%2Fflash_strings.php%2Ft98638%2Fes_ES\" \/><embed id=\"swf_id_54a997b4ed72f1831034402\" style=\"display: block;\" width=\"470\" height=\"264\" type=\"application\/x-shockwave-flash\" src=\"https:\/\/fbstatic-a.akamaihd.net\/rsrc.php\/v1\/y1\/r\/wp3fsUyK7CP.swf\" quality=\"high\" allowfullscreen=\"true\" allowscriptaccess=\"always\" salign=\"tl\" scale=\"noscale\" wmode=\"opaque\" flashvars=\"params=%7B%22auto_hd%22%3Afalse%2C%22autoplay_reason%22%3A%22all_page_organic_allowed%22%2C%22default_hd%22%3Afalse%2C%22disable_native_controls%22%3Afalse%2C%22inline_player%22%3Atrue%2C%22pixel_ratio%22%3A1%2C%22preload%22%3Atrue%2C%22start_muted%22%3Atrue%2C%22video_data%22%3A%5B%7B%22hd_src%22%3A%22https%3A%5C%2F%5C%2Ffbcdn-video-l-a.akamaihd.net%5C%2Fhvideo-ak-xfp1%5C%2Fv%5C%2Ft43.1792-2%5C%2F10325946_1560064300901106_202917777_n.mp4%3Frl%3D1500%26vabr%3D761%26oh%3D3e7c1b532420365b029947bce4d97405%26oe%3D54A9BF82%26__gda__%3D1420411041_29376c0c48ec04d152f9d97f7a8b6dc4%22%2C%22is_hds%22%3Afalse%2C%22is_hls%22%3Afalse%2C%22index%22%3A0%2C%22rotation%22%3A0%2C%22sd_src%22%3A%22https%3A%5C%2F%5C%2Ffbcdn-video-d-a.akamaihd.net%5C%2Fhvideo-ak-xap1%5C%2Fv%5C%2Ft42.1790-2%5C%2F10863118_1560064284234441_1193487414_n.mp4%3Frl%3D387%26vabr%3D215%26oh%3D5b2e9eedc04831d26462e84933975fa4%26oe%3D54A9BCD7%26__gda__%3D1420411002_3d338bdf80d5eda1e84b9ef55c866901%22%2C%22video_id%22%3A%221560055407568662%22%2C%22sd_src_no_ratelimit%22%3A%22https%3A%5C%2F%5C%2Ffbcdn-video-d-a.akamaihd.net%5C%2Fhvideo-ak-xap1%5C%2Fv%5C%2Ft42.1790-2%5C%2F10863118_1560064284234441_1193487414_n.mp4%3Foh%3D5b2e9eedc04831d26462e84933975fa4%26oe%3D54A9BCD7%26__gda__%3D1420411002_396ffe2186a26cfae7e3bcb7aafce70e%22%2C%22hd_src_no_ratelimit%22%3A%22https%3A%5C%2F%5C%2Ffbcdn-video-l-a.akamaihd.net%5C%2Fhvideo-ak-xfp1%5C%2Fv%5C%2Ft43.1792-2%5C%2F10325946_1560064300901106_202917777_n.mp4%3Foh%3D3e7c1b532420365b029947bce4d97405%26oe%3D54A9BF82%26__gda__%3D1420411041_d59df0ec702e4940860cd6fb36f2eb4d%22%7D%5D%2C%22show_captions_default%22%3Afalse%2C%22persistent_volume%22%3Atrue%2C%22buffer_length%22%3A0.1%7D&amp;width=470&amp;height=264&amp;user=1766422750&amp;log=no&amp;div_id=id_54a997b4ed72f1831034402&amp;swf_id=swf_id_54a997b4ed72f1831034402&amp;browser=Firefox+34.0&amp;tracking_domain=https%3A%2F%2Fpixel.facebook.com&amp;post_form_id=&amp;string_table=https%3A%2F%2Fs-static.ak.facebook.com%2Fflash_strings.php%2Ft98638%2Fes_ES\" \/><\/object><\/p>\n","protected":false},"excerpt":{"rendered":"<p>Juanlu Mart\u00ednez,\u00a0 Director deportivo del f\u00fatbol base del D\u00ednamo de Mosc\u00fa, y Sara Mic\u00f3, Jugadora del Valencia CF, y seleccionada hace poco para el combinado nacional,\u00a0 ambos, m\u00e1ximos exponentes del futbol local,\u00a0 aprovecharon estas fechas para visitar la exposici\u00f3n que l&#8217;Olleria CF, hab\u00eda montando en la entrada del Cine Goya, con motivo de su 85 [&hellip;]<\/p>\n","protected":false},"author":1,"featured_media":0,"comment_status":"closed","ping_status":"open","sticky":false,"template":"","format":"standard","meta":{"_monsterinsights_skip_tracking":false,"_monsterinsights_sitenote_active":false,"_monsterinsights_sitenote_note":"","_monsterinsights_sitenote_category":0},"categories":[9,12],"tags":[1268,736,1267,315,115],"_links":{"self":[{"href":"http:\/\/www.portaldelolleria.es\/index.php?rest_route=\/wp\/v2\/posts\/8063"}],"collection":[{"href":"http:\/\/www.portaldelolleria.es\/index.php?rest_route=\/wp\/v2\/posts"}],"about":[{"href":"http:\/\/www.portaldelolleria.es\/index.php?rest_route=\/wp\/v2\/types\/post"}],"author":[{"embeddable":true,"href":"http:\/\/www.portaldelolleria.es\/index.php?rest_route=\/wp\/v2\/users\/1"}],"replies":[{"embeddable":true,"href":"http:\/\/www.portaldelolleria.es\/index.php?rest_route=%2Fwp%2Fv2%2Fcomments&post=8063"}],"version-history":[{"count":6,"href":"http:\/\/www.portaldelolleria.es\/index.php?rest_route=\/wp\/v2\/posts\/8063\/revisions"}],"predecessor-version":[{"id":8144,"href":"http:\/\/www.portaldelolleria.es\/index.php?rest_route=\/wp\/v2\/posts\/8063\/revisions\/8144"}],"wp:attachment":[{"href":"http:\/\/www.portaldelolleria.es\/index.php?rest_route=%2Fwp%2Fv2%2Fmedia&parent=8063"}],"wp:term":[{"taxonomy":"category","embeddable":true,"href":"http:\/\/www.portaldelolleria.es\/index.php?rest_route=%2Fwp%2Fv2%2Fcategories&post=8063"},{"taxonomy":"post_tag","embeddable":true,"href":"http:\/\/www.portaldelolleria.es\/index.php?rest_route=%2Fwp%2Fv2%2Ftags&post=8063"}],"curies":[{"name":"wp","href":"https:\/\/api.w.org\/{rel}","templated":true}]}}