{"id":8098,"date":"2014-12-29T12:24:08","date_gmt":"2014-12-29T10:24:08","guid":{"rendered":"http:\/\/www.portaldelolleria.es\/?p=8098"},"modified":"2014-12-29T12:24:08","modified_gmt":"2014-12-29T10:24:08","slug":"alerta-de-frio-y-viento-este-martes-lolleria-puede-alcanzar-los-4%c2%ba-bajo-cero","status":"publish","type":"post","link":"http:\/\/www.portaldelolleria.es\/?p=8098","title":{"rendered":"Alerta de frio y viento, este martes l&#8217;Olleria puede alcanzar los 4\u00ba bajo cero"},"content":{"rendered":"<p><a href=\"http:\/\/www.portaldelolleria.es\/wp-content\/uploads\/2014\/12\/frio.jpg\"><img loading=\"lazy\" class=\"aligncenter size-full wp-image-8099\" title=\"frio\" src=\"http:\/\/www.portaldelolleria.es\/wp-content\/uploads\/2014\/12\/frio.jpg\" alt=\"\" width=\"598\" height=\"398\" srcset=\"http:\/\/www.portaldelolleria.es\/wp-content\/uploads\/2014\/12\/frio.jpg 598w, http:\/\/www.portaldelolleria.es\/wp-content\/uploads\/2014\/12\/frio-300x199.jpg 300w\" sizes=\"(max-width: 598px) 100vw, 598px\" \/><\/a><\/p>\n<p>&nbsp;<\/p>\n<p>La Comunitat Valenciana sigue en alerta amarilla por rachas de viento de 70 kil\u00f3metros por hora y por m\u00ednimas que bajar\u00e1n hasta los 4 grados bajo cero en el interior de las tres provincias. Asimismo, se ha decretadado la alerta por fen\u00f3menos costeros en el litoral norte de Alicante y Castell\u00f3.<\/p>\n<p>Esta madrugada las temperaturas m\u00ednimas han descendido de forma notable, m\u00e1s de 6 grados, en casi todo el territorio de la Comunitat Valenciana, con heladas en interior, hasta los -6.7 en Fredes, los -5.7 Castellfort, los -5.4 Vilafranca, los -5.0 en Tur\u00eds o los -2.3 en Utiel, seg\u00fan la Agencia Estatal de Meteorolog\u00eda (Aemet).<\/p>\n<p>De este modo, los cielos estar\u00e1n despejados con temperaturas en descenso, localmente notable en la mitad sur, y heladas d\u00e9biles en el interior y no se descarta que sean localmente moderadas, seg\u00fan las mismas fuentes.<\/p>\n<p>En cuanto a l&#8217;Olleria, la minima puede variar de 0\u00ba a -4\u00ba,\u00a0 con vientos no superiores a 10 km\/h<\/p>\n","protected":false},"excerpt":{"rendered":"<p>&nbsp; La Comunitat Valenciana sigue en alerta amarilla por rachas de viento de 70 kil\u00f3metros por hora y por m\u00ednimas que bajar\u00e1n hasta los 4 grados bajo cero en el interior de las tres provincias. Asimismo, se ha decretadado la alerta por fen\u00f3menos costeros en el litoral norte de Alicante y Castell\u00f3. Esta madrugada las [&hellip;]<\/p>\n","protected":false},"author":1,"featured_media":0,"comment_status":"closed","ping_status":"open","sticky":false,"template":"","format":"standard","meta":{"_monsterinsights_skip_tracking":false,"_monsterinsights_sitenote_active":false,"_monsterinsights_sitenote_note":"","_monsterinsights_sitenote_category":0},"categories":[3,12],"tags":[134,1273,20,576],"_links":{"self":[{"href":"http:\/\/www.portaldelolleria.es\/index.php?rest_route=\/wp\/v2\/posts\/8098"}],"collection":[{"href":"http:\/\/www.portaldelolleria.es\/index.php?rest_route=\/wp\/v2\/posts"}],"about":[{"href":"http:\/\/www.portaldelolleria.es\/index.php?rest_route=\/wp\/v2\/types\/post"}],"author":[{"embeddable":true,"href":"http:\/\/www.portaldelolleria.es\/index.php?rest_route=\/wp\/v2\/users\/1"}],"replies":[{"embeddable":true,"href":"http:\/\/www.portaldelolleria.es\/index.php?rest_route=%2Fwp%2Fv2%2Fcomments&post=8098"}],"version-history":[{"count":1,"href":"http:\/\/www.portaldelolleria.es\/index.php?rest_route=\/wp\/v2\/posts\/8098\/revisions"}],"predecessor-version":[{"id":8100,"href":"http:\/\/www.portaldelolleria.es\/index.php?rest_route=\/wp\/v2\/posts\/8098\/revisions\/8100"}],"wp:attachment":[{"href":"http:\/\/www.portaldelolleria.es\/index.php?rest_route=%2Fwp%2Fv2%2Fmedia&parent=8098"}],"wp:term":[{"taxonomy":"category","embeddable":true,"href":"http:\/\/www.portaldelolleria.es\/index.php?rest_route=%2Fwp%2Fv2%2Fcategories&post=8098"},{"taxonomy":"post_tag","embeddable":true,"href":"http:\/\/www.portaldelolleria.es\/index.php?rest_route=%2Fwp%2Fv2%2Ftags&post=8098"}],"curies":[{"name":"wp","href":"https:\/\/api.w.org\/{rel}","templated":true}]}}