{"id":8265,"date":"2015-01-16T13:19:53","date_gmt":"2015-01-16T11:19:53","guid":{"rendered":"http:\/\/www.portaldelolleria.es\/?p=8265"},"modified":"2015-01-16T13:27:55","modified_gmt":"2015-01-16T11:27:55","slug":"plaza-de-loreto-cerrada-por-obras-del-19-al-21-de-enero","status":"publish","type":"post","link":"http:\/\/www.portaldelolleria.es\/?p=8265","title":{"rendered":"Plaza de Loreto cerrada por obras del 19 al 21 de enero"},"content":{"rendered":"<p>&nbsp;<\/p>\n<p><a href=\"http:\/\/www.portaldelolleria.es\/wp-content\/uploads\/2015\/01\/loreto.jpg\"><img loading=\"lazy\" class=\"aligncenter size-full wp-image-8266\" title=\"loreto\" src=\"http:\/\/www.portaldelolleria.es\/wp-content\/uploads\/2015\/01\/loreto.jpg\" alt=\"\" width=\"598\" height=\"399\" srcset=\"http:\/\/www.portaldelolleria.es\/wp-content\/uploads\/2015\/01\/loreto.jpg 598w, http:\/\/www.portaldelolleria.es\/wp-content\/uploads\/2015\/01\/loreto-300x200.jpg 300w\" sizes=\"(max-width: 598px) 100vw, 598px\" \/><\/a><\/p>\n<p>La Regidor\u00eda de Seguridad Ciudadana informa que los pr\u00f3ximos d\u00edas 19, 20 y 21 de enero de 2015 el acceso a\u00a0 La Plaza de Loreto estar\u00e1 cortado por motivos de mejora del pavimento. A continuaci\u00f3n detallamos los calles en que no se podr\u00e1 circular: Avda Jaime I &#8211; C\/Ausi\u00e0s March, C\/ Virgen del Remedio, C\/ Santo Domingo y la Plaza S\u00edndico Joan Plan. El acceso a la calle Battle se realizar\u00e1 por el Camino Capuchinos Plaza S\u00edndico Joan Plan.<\/p>\n<p>&nbsp;<\/p>\n<p><a href=\"http:\/\/www.portaldelolleria.es\/wp-content\/uploads\/2015\/01\/10860841_841717265889830_2292647120859443712_o.jpg\"><img loading=\"lazy\" class=\"aligncenter size-full wp-image-8268\" title=\"10860841_841717265889830_2292647120859443712_o\" src=\"http:\/\/www.portaldelolleria.es\/wp-content\/uploads\/2015\/01\/10860841_841717265889830_2292647120859443712_o.jpg\" alt=\"\" width=\"598\" height=\"422\" srcset=\"http:\/\/www.portaldelolleria.es\/wp-content\/uploads\/2015\/01\/10860841_841717265889830_2292647120859443712_o.jpg 1755w, http:\/\/www.portaldelolleria.es\/wp-content\/uploads\/2015\/01\/10860841_841717265889830_2292647120859443712_o-300x212.jpg 300w, http:\/\/www.portaldelolleria.es\/wp-content\/uploads\/2015\/01\/10860841_841717265889830_2292647120859443712_o-1024x724.jpg 1024w\" sizes=\"(max-width: 598px) 100vw, 598px\" \/><\/a><\/p>\n","protected":false},"excerpt":{"rendered":"<p>&nbsp; La Regidor\u00eda de Seguridad Ciudadana informa que los pr\u00f3ximos d\u00edas 19, 20 y 21 de enero de 2015 el acceso a\u00a0 La Plaza de Loreto estar\u00e1 cortado por motivos de mejora del pavimento. A continuaci\u00f3n detallamos los calles en que no se podr\u00e1 circular: Avda Jaime I &#8211; C\/Ausi\u00e0s March, C\/ Virgen del Remedio, [&hellip;]<\/p>\n","protected":false},"author":1,"featured_media":0,"comment_status":"closed","ping_status":"open","sticky":false,"template":"","format":"standard","meta":{"_monsterinsights_skip_tracking":false,"_monsterinsights_sitenote_active":false,"_monsterinsights_sitenote_note":"","_monsterinsights_sitenote_category":0},"categories":[3,12],"tags":[1296,20,108,1295],"_links":{"self":[{"href":"http:\/\/www.portaldelolleria.es\/index.php?rest_route=\/wp\/v2\/posts\/8265"}],"collection":[{"href":"http:\/\/www.portaldelolleria.es\/index.php?rest_route=\/wp\/v2\/posts"}],"about":[{"href":"http:\/\/www.portaldelolleria.es\/index.php?rest_route=\/wp\/v2\/types\/post"}],"author":[{"embeddable":true,"href":"http:\/\/www.portaldelolleria.es\/index.php?rest_route=\/wp\/v2\/users\/1"}],"replies":[{"embeddable":true,"href":"http:\/\/www.portaldelolleria.es\/index.php?rest_route=%2Fwp%2Fv2%2Fcomments&post=8265"}],"version-history":[{"count":3,"href":"http:\/\/www.portaldelolleria.es\/index.php?rest_route=\/wp\/v2\/posts\/8265\/revisions"}],"predecessor-version":[{"id":8271,"href":"http:\/\/www.portaldelolleria.es\/index.php?rest_route=\/wp\/v2\/posts\/8265\/revisions\/8271"}],"wp:attachment":[{"href":"http:\/\/www.portaldelolleria.es\/index.php?rest_route=%2Fwp%2Fv2%2Fmedia&parent=8265"}],"wp:term":[{"taxonomy":"category","embeddable":true,"href":"http:\/\/www.portaldelolleria.es\/index.php?rest_route=%2Fwp%2Fv2%2Fcategories&post=8265"},{"taxonomy":"post_tag","embeddable":true,"href":"http:\/\/www.portaldelolleria.es\/index.php?rest_route=%2Fwp%2Fv2%2Ftags&post=8265"}],"curies":[{"name":"wp","href":"https:\/\/api.w.org\/{rel}","templated":true}]}}