{"id":8272,"date":"2015-01-16T19:31:31","date_gmt":"2015-01-16T17:31:31","guid":{"rendered":"http:\/\/www.portaldelolleria.es\/?p=8272"},"modified":"2015-01-16T19:37:29","modified_gmt":"2015-01-16T17:37:29","slug":"llega-una-ola-de-frio","status":"publish","type":"post","link":"http:\/\/www.portaldelolleria.es\/?p=8272","title":{"rendered":"Llega una ola de fr\u00edo"},"content":{"rendered":"<p><a href=\"http:\/\/www.portaldelolleria.es\/wp-content\/uploads\/2015\/01\/frio-ola.jpg\"><img loading=\"lazy\" class=\"aligncenter size-full wp-image-8273\" title=\"frio ola\" src=\"http:\/\/www.portaldelolleria.es\/wp-content\/uploads\/2015\/01\/frio-ola.jpg\" alt=\"\" width=\"598\" height=\"399\" srcset=\"http:\/\/www.portaldelolleria.es\/wp-content\/uploads\/2015\/01\/frio-ola.jpg 598w, http:\/\/www.portaldelolleria.es\/wp-content\/uploads\/2015\/01\/frio-ola-300x200.jpg 300w\" sizes=\"(max-width: 598px) 100vw, 598px\" \/><\/a><\/p>\n<p>&nbsp;<\/p>\n<p style=\"text-align: justify;\">Una ola de fr\u00edo llegar\u00e1 este pr\u00f3ximo viernes 16 de enero a las comarcas del interior de Valencia y Alicante. Las predicciones meteorol\u00f3gicas anuncian una importante bajada de las temperaturas que podr\u00edan alcanzar valores bajo cero.<\/p>\n<p style=\"text-align: justify;\">Los term\u00f3metros bajar\u00e1n hasta 7 grados en apenas unas horas y pasar\u00e1n de los 16 de m\u00e1xima del jueves 15 de enero a los 13 que se esperan un d\u00eda despu\u00e9s.<\/p>\n<p style=\"text-align: justify;\">Para el mismo viernes, las predicciones anuncian lluvia pero de escasa consideraci\u00f3n y marcan la cota de nieve a 1.200 metros de altura.<\/p>\n<p style=\"text-align: justify;\">Las temperaturas continuar\u00e1n bajando durante el fin de semana y se espera que tanto s\u00e1bado, como domingo, lunes y martes los term\u00f3metros oscilen entre los 3\u00ba y los -1\u00ba grados de m\u00ednima.\u00a0 Tambi\u00e9n es probable que entre el domingo y el lunes llueva\u00a0 sobre l&#8217;Olleria.<\/p>\n<p style=\"text-align: justify;\">Las predicciones, adem\u00e1s, marcan la cota de nieve en los 1.100 metros el domingo 18 y los 800 el lunes 19 de enero.<\/p>\n","protected":false},"excerpt":{"rendered":"<p>&nbsp; Una ola de fr\u00edo llegar\u00e1 este pr\u00f3ximo viernes 16 de enero a las comarcas del interior de Valencia y Alicante. Las predicciones meteorol\u00f3gicas anuncian una importante bajada de las temperaturas que podr\u00edan alcanzar valores bajo cero. Los term\u00f3metros bajar\u00e1n hasta 7 grados en apenas unas horas y pasar\u00e1n de los 16 de m\u00e1xima del [&hellip;]<\/p>\n","protected":false},"author":1,"featured_media":0,"comment_status":"closed","ping_status":"open","sticky":false,"template":"","format":"standard","meta":{"_monsterinsights_skip_tracking":false,"_monsterinsights_sitenote_active":false,"_monsterinsights_sitenote_note":"","_monsterinsights_sitenote_category":0},"categories":[3,12],"tags":[1273,20,1297,1298],"_links":{"self":[{"href":"http:\/\/www.portaldelolleria.es\/index.php?rest_route=\/wp\/v2\/posts\/8272"}],"collection":[{"href":"http:\/\/www.portaldelolleria.es\/index.php?rest_route=\/wp\/v2\/posts"}],"about":[{"href":"http:\/\/www.portaldelolleria.es\/index.php?rest_route=\/wp\/v2\/types\/post"}],"author":[{"embeddable":true,"href":"http:\/\/www.portaldelolleria.es\/index.php?rest_route=\/wp\/v2\/users\/1"}],"replies":[{"embeddable":true,"href":"http:\/\/www.portaldelolleria.es\/index.php?rest_route=%2Fwp%2Fv2%2Fcomments&post=8272"}],"version-history":[{"count":3,"href":"http:\/\/www.portaldelolleria.es\/index.php?rest_route=\/wp\/v2\/posts\/8272\/revisions"}],"predecessor-version":[{"id":8275,"href":"http:\/\/www.portaldelolleria.es\/index.php?rest_route=\/wp\/v2\/posts\/8272\/revisions\/8275"}],"wp:attachment":[{"href":"http:\/\/www.portaldelolleria.es\/index.php?rest_route=%2Fwp%2Fv2%2Fmedia&parent=8272"}],"wp:term":[{"taxonomy":"category","embeddable":true,"href":"http:\/\/www.portaldelolleria.es\/index.php?rest_route=%2Fwp%2Fv2%2Fcategories&post=8272"},{"taxonomy":"post_tag","embeddable":true,"href":"http:\/\/www.portaldelolleria.es\/index.php?rest_route=%2Fwp%2Fv2%2Ftags&post=8272"}],"curies":[{"name":"wp","href":"https:\/\/api.w.org\/{rel}","templated":true}]}}