{"id":8277,"date":"2015-01-16T19:45:24","date_gmt":"2015-01-16T17:45:24","guid":{"rendered":"http:\/\/www.portaldelolleria.es\/?p=8277"},"modified":"2015-01-17T08:24:22","modified_gmt":"2015-01-17T06:24:22","slug":"los-vecinos-de-la-calle-sant-antoni-preparados-para-un-fin-de-semana-intenso","status":"publish","type":"post","link":"http:\/\/www.portaldelolleria.es\/?p=8277","title":{"rendered":"Los vecinos de la calle Sant Antoni, preparados para un fin de semana intenso."},"content":{"rendered":"<p><a href=\"http:\/\/www.portaldelolleria.es\/wp-content\/uploads\/2015\/01\/sant-antoni4.jpg\"><img loading=\"lazy\" class=\"aligncenter size-full wp-image-8309\" title=\"sant antoni\" src=\"http:\/\/www.portaldelolleria.es\/wp-content\/uploads\/2015\/01\/sant-antoni4.jpg\" alt=\"\" width=\"598\" height=\"398\" srcset=\"http:\/\/www.portaldelolleria.es\/wp-content\/uploads\/2015\/01\/sant-antoni4.jpg 598w, http:\/\/www.portaldelolleria.es\/wp-content\/uploads\/2015\/01\/sant-antoni4-300x199.jpg 300w\" sizes=\"(max-width: 598px) 100vw, 598px\" \/><\/a><\/p>\n<p><strong>\u00a0A las 9 de la noche se enciende la hoguera.<\/strong><\/p>\n<p style=\"text-align: justify;\">\u00a0<em>Son unos d\u00edas en los que su calle centra todas las miradas<\/em><br \/>\nLa programaci\u00f3n de actos se iniciar\u00e1 el <strong>viernes 16<\/strong>\u00a0 con la visita de los alumnos de la Escoleta, Isabel la Cat\u00f3lica y el Colegio Sanchis Guarner, y\u00e1 a la tarde noche,\u00a0 la <strong>encendida de la hoguera<\/strong> que re\u00fane a\u00f1o tras a\u00f1o a cientos de personas que no se quieren perder esta tradici\u00f3n, eso ser\u00e1 a las<strong> 9 de la noche<\/strong>.<br \/>\n<strong>Ya el s\u00e1bado 17<\/strong>, d\u00eda de la Festividad de San Antonio, se celebrar\u00e1 a las once de la ma\u00f1ana una Misa en la misma calle y como es costumbre, en la hospitalidad de los vecinos de la calle, habr\u00e1 pan bendecido para todos los asistentes, el domingo, las calles de L\u2019Olleria se llenaran de animales para participar en el desfile que se iniciar\u00e1 a las doce y media de la ma\u00f1ana desde el Colegio Isabel la Cat\u00f3lica y que acabar\u00e1 en la calle Sant Antoni, ya all\u00ed tendr\u00e1 lugar la bendici\u00f3n de los animales. En este acto tambi\u00e9n habr\u00e1 pan bendecido para todos los asistentes y la actuaci\u00f3n del Grupo de Danzas \u00abEl Revol\u00bb,\u00a0 asistido por el grupo de Colla La Morralla.<br \/>\n<em><\/em><\/p>\n<p style=\"text-align: justify;\"><em>Es una de las fiestas m\u00e1s arraigadas del pueblo, con un alto grado de participaci\u00f3n,\u00a0 por parte de la ciudadan\u00eda.\u00a0 Este a\u00f1o se notar\u00e1 la perdida de uno de los vecinos que m\u00e1s se involucraba en esta fiesta, (sobre todo en la hoguera) como era \u00a0<strong> Rufino Chicharro<\/strong>,\u00a0 hombre voluntarioso y afable, que precisamente falt\u00f3 esta semana.\u00a0\u00a0 M\u00e1s de una mistela se alzar\u00e1 merecidamente en su memoria. DEP.<\/em><\/p>\n<p style=\"text-align: justify;\"><em><\/em><em><a href=\"http:\/\/www.portaldelolleria.es\/wp-content\/uploads\/2015\/01\/rufino.jpg\"><img loading=\"lazy\" class=\"aligncenter size-full wp-image-8308\" title=\"rufino\" src=\"http:\/\/www.portaldelolleria.es\/wp-content\/uploads\/2015\/01\/rufino.jpg\" alt=\"\" width=\"598\" height=\"656\" srcset=\"http:\/\/www.portaldelolleria.es\/wp-content\/uploads\/2015\/01\/rufino.jpg 598w, http:\/\/www.portaldelolleria.es\/wp-content\/uploads\/2015\/01\/rufino-273x300.jpg 273w\" sizes=\"(max-width: 598px) 100vw, 598px\" \/><\/a><\/em><\/p>\n<p><iframe loading=\"lazy\" src=\"\/\/www.youtube.com\/embed\/wLGyMS8l0aQ\" frameborder=\"0\" width=\"598\" height=\"336\"><\/iframe><\/p>\n<p style=\"text-align: justify;\"><em>a\u00f1adido:\u00a0 visita escolares<br \/>\n<\/em><\/p>\n<p><a href=\"http:\/\/www.portaldelolleria.es\/wp-content\/uploads\/2015\/01\/santanton2i.jpg\"><img loading=\"lazy\" class=\"aligncenter size-full wp-image-8281\" title=\"santanton2i\" src=\"http:\/\/www.portaldelolleria.es\/wp-content\/uploads\/2015\/01\/santanton2i.jpg\" alt=\"\" width=\"598\" height=\"398\" srcset=\"http:\/\/www.portaldelolleria.es\/wp-content\/uploads\/2015\/01\/santanton2i.jpg 598w, http:\/\/www.portaldelolleria.es\/wp-content\/uploads\/2015\/01\/santanton2i-300x199.jpg 300w\" sizes=\"(max-width: 598px) 100vw, 598px\" \/><\/a><\/p>\n<p><a href=\"http:\/\/www.portaldelolleria.es\/wp-content\/uploads\/2015\/01\/santanton3i1.jpg\"><img loading=\"lazy\" class=\"aligncenter size-full wp-image-8303\" title=\"santanton3i\" src=\"http:\/\/www.portaldelolleria.es\/wp-content\/uploads\/2015\/01\/santanton3i1.jpg\" alt=\"\" width=\"598\" height=\"398\" srcset=\"http:\/\/www.portaldelolleria.es\/wp-content\/uploads\/2015\/01\/santanton3i1.jpg 598w, http:\/\/www.portaldelolleria.es\/wp-content\/uploads\/2015\/01\/santanton3i1-300x199.jpg 300w\" sizes=\"(max-width: 598px) 100vw, 598px\" \/><\/a>a\u00f1adido:\u00a0 encendido de la hoguera.<\/p>\n<p><a href=\"http:\/\/www.portaldelolleria.es\/wp-content\/uploads\/2015\/01\/1669609_842277449167145_2893586342334255482_o.jpg\"><img loading=\"lazy\" class=\"aligncenter size-full wp-image-8298\" title=\"1669609_842277449167145_2893586342334255482_o\" src=\"http:\/\/www.portaldelolleria.es\/wp-content\/uploads\/2015\/01\/1669609_842277449167145_2893586342334255482_o.jpg\" alt=\"\" width=\"594\" height=\"394\" srcset=\"http:\/\/www.portaldelolleria.es\/wp-content\/uploads\/2015\/01\/1669609_842277449167145_2893586342334255482_o.jpg 2048w, http:\/\/www.portaldelolleria.es\/wp-content\/uploads\/2015\/01\/1669609_842277449167145_2893586342334255482_o-300x199.jpg 300w, http:\/\/www.portaldelolleria.es\/wp-content\/uploads\/2015\/01\/1669609_842277449167145_2893586342334255482_o-1024x680.jpg 1024w\" sizes=\"(max-width: 594px) 100vw, 594px\" \/><\/a><\/p>\n<p><a href=\"http:\/\/www.portaldelolleria.es\/wp-content\/uploads\/2015\/01\/10818240_842277795833777_8564446968230540722_o.jpg\"><img loading=\"lazy\" class=\"aligncenter size-full wp-image-8299\" title=\"10818240_842277795833777_8564446968230540722_o\" src=\"http:\/\/www.portaldelolleria.es\/wp-content\/uploads\/2015\/01\/10818240_842277795833777_8564446968230540722_o.jpg\" alt=\"\" width=\"599\" height=\"396\" \/><\/a><\/p>\n<p><a href=\"http:\/\/www.portaldelolleria.es\/wp-content\/uploads\/2015\/01\/10925467_842277102500513_6926133865780341753_o.jpg\"><img loading=\"lazy\" class=\"aligncenter size-full wp-image-8300\" title=\"10925467_842277102500513_6926133865780341753_o\" src=\"http:\/\/www.portaldelolleria.es\/wp-content\/uploads\/2015\/01\/10925467_842277102500513_6926133865780341753_o.jpg\" alt=\"\" width=\"597\" height=\"397\" srcset=\"http:\/\/www.portaldelolleria.es\/wp-content\/uploads\/2015\/01\/10925467_842277102500513_6926133865780341753_o.jpg 2048w, http:\/\/www.portaldelolleria.es\/wp-content\/uploads\/2015\/01\/10925467_842277102500513_6926133865780341753_o-300x199.jpg 300w, http:\/\/www.portaldelolleria.es\/wp-content\/uploads\/2015\/01\/10925467_842277102500513_6926133865780341753_o-1024x682.jpg 1024w\" sizes=\"(max-width: 597px) 100vw, 597px\" \/><\/a><\/p>\n<p>&nbsp;<\/p>\n","protected":false},"excerpt":{"rendered":"<p>\u00a0A las 9 de la noche se enciende la hoguera. \u00a0Son unos d\u00edas en los que su calle centra todas las miradas La programaci\u00f3n de actos se iniciar\u00e1 el viernes 16\u00a0 con la visita de los alumnos de la Escoleta, Isabel la Cat\u00f3lica y el Colegio Sanchis Guarner, y\u00e1 a la tarde noche,\u00a0 la encendida [&hellip;]<\/p>\n","protected":false},"author":1,"featured_media":0,"comment_status":"closed","ping_status":"open","sticky":false,"template":"","format":"standard","meta":{"_monsterinsights_skip_tracking":false,"_monsterinsights_sitenote_active":false,"_monsterinsights_sitenote_note":"","_monsterinsights_sitenote_category":0},"categories":[16,12],"tags":[1299,20,1302,936],"_links":{"self":[{"href":"http:\/\/www.portaldelolleria.es\/index.php?rest_route=\/wp\/v2\/posts\/8277"}],"collection":[{"href":"http:\/\/www.portaldelolleria.es\/index.php?rest_route=\/wp\/v2\/posts"}],"about":[{"href":"http:\/\/www.portaldelolleria.es\/index.php?rest_route=\/wp\/v2\/types\/post"}],"author":[{"embeddable":true,"href":"http:\/\/www.portaldelolleria.es\/index.php?rest_route=\/wp\/v2\/users\/1"}],"replies":[{"embeddable":true,"href":"http:\/\/www.portaldelolleria.es\/index.php?rest_route=%2Fwp%2Fv2%2Fcomments&post=8277"}],"version-history":[{"count":11,"href":"http:\/\/www.portaldelolleria.es\/index.php?rest_route=\/wp\/v2\/posts\/8277\/revisions"}],"predecessor-version":[{"id":8311,"href":"http:\/\/www.portaldelolleria.es\/index.php?rest_route=\/wp\/v2\/posts\/8277\/revisions\/8311"}],"wp:attachment":[{"href":"http:\/\/www.portaldelolleria.es\/index.php?rest_route=%2Fwp%2Fv2%2Fmedia&parent=8277"}],"wp:term":[{"taxonomy":"category","embeddable":true,"href":"http:\/\/www.portaldelolleria.es\/index.php?rest_route=%2Fwp%2Fv2%2Fcategories&post=8277"},{"taxonomy":"post_tag","embeddable":true,"href":"http:\/\/www.portaldelolleria.es\/index.php?rest_route=%2Fwp%2Fv2%2Ftags&post=8277"}],"curies":[{"name":"wp","href":"https:\/\/api.w.org\/{rel}","templated":true}]}}