{"id":8383,"date":"2015-01-21T10:26:56","date_gmt":"2015-01-21T08:26:56","guid":{"rendered":"http:\/\/www.portaldelolleria.es\/?p=8383"},"modified":"2015-01-21T10:33:55","modified_gmt":"2015-01-21T08:33:55","slug":"espai-ideo-jornada-de-puertas-abiertas-el-proximo-viernes-23","status":"publish","type":"post","link":"http:\/\/www.portaldelolleria.es\/?p=8383","title":{"rendered":"Espai IDEO, Jornada de puertas abiertas el pr\u00f3ximo viernes, 23"},"content":{"rendered":"<p>&nbsp;<\/p>\n<p><a href=\"http:\/\/www.portaldelolleria.es\/wp-content\/uploads\/2015\/01\/ideo77.jpg\"><img loading=\"lazy\" class=\"aligncenter size-full wp-image-8392\" title=\"ideo77\" src=\"http:\/\/www.portaldelolleria.es\/wp-content\/uploads\/2015\/01\/ideo77.jpg\" alt=\"\" width=\"598\" height=\"359\" srcset=\"http:\/\/www.portaldelolleria.es\/wp-content\/uploads\/2015\/01\/ideo77.jpg 598w, http:\/\/www.portaldelolleria.es\/wp-content\/uploads\/2015\/01\/ideo77-300x180.jpg 300w\" sizes=\"(max-width: 598px) 100vw, 598px\" \/><\/a><\/p>\n<p>&nbsp;<\/p>\n<p>El Ayuntamiento de L\u2019Olleria organiza, este viernes, una jornada de puertas abiertas del Espai iDEO destinada a empresas y emprendedores.\u00a0 Desde las 16:30 hasta la 21:00 h, en las instalaciones de Juan XXIII, n\u00ba 25\u00a0 bajo.<\/p>\n<p>Este centro cuenta con dos partes habilitadas. Una de ellas est\u00e1 abierta, el coworking, en la que los interesados eligen su puesto de trabajo compartiendo mesa con otros profesionales, y otra, vivero de empresas, con varios espacios y despachos privados, adem\u00e1s de \u00e1reas con servicios comunes.<\/p>\n<p>Tal y como ha se\u00f1alado el Concejal de Promoci\u00f3n Econ\u00f3mica, Jes\u00fas Engo, \u201cel objetivo de esta jornada es dar a conocer el centro en toda su dimensi\u00f3n, la zona coworking y nuestro vivero de empresas\u00a0como la mejor opci\u00f3n de apoyo para los emprendedores y para el crecimiento de las empresas\u201d.<\/p>\n<p>Todas las personas interesadas podr\u00e1n consultar e informarse de las diferentes tarifas y servicios que ofrece este espacio en la oficina ADL del Ayuntamiento o bien en las mismas instalaciones.<\/p>\n<p>El Espai iDEO abrir\u00e1 sus puertas el pr\u00f3ximo lunes 26 de enero de 2015 con horario de 9:00 &#8211; 21:00h interrumpidamente.<\/p>\n<p>&nbsp;<\/p>\n<p><a href=\"http:\/\/www.portaldelolleria.es\/wp-content\/uploads\/2015\/01\/ideo47.jpg\"><img loading=\"lazy\" class=\"aligncenter size-full wp-image-8384\" title=\"ideo47\" src=\"http:\/\/www.portaldelolleria.es\/wp-content\/uploads\/2015\/01\/ideo47.jpg\" alt=\"\" width=\"598\" height=\"398\" srcset=\"http:\/\/www.portaldelolleria.es\/wp-content\/uploads\/2015\/01\/ideo47.jpg 598w, http:\/\/www.portaldelolleria.es\/wp-content\/uploads\/2015\/01\/ideo47-300x199.jpg 300w\" sizes=\"(max-width: 598px) 100vw, 598px\" \/><\/a><\/p>\n<p style=\"text-align: justify;\">El Ayuntamiento de L\u2019Oller\u00eda a trav\u00e9s de su Concejal\u00eda de Promoci\u00f3n Econ\u00f3mica y Empleo y en concreto el departamento ADL-IDEO (Iniciativa para el \u00a0Desarrollo Econ\u00f3mico de L\u2019Oller\u00eda)\u00a0 pondr\u00e1 en funcionamiento el pr\u00f3ximo lunes,\u00a0 el Espai IDEO, nos explica el concejal <strong>Jes\u00fas Engo Ari\u00f1o.<\/strong><\/p>\n<p style=\"text-align: justify;\"><strong>\u00bfEn qu\u00e9 consiste \u00e9sta iniciativa?<\/strong><\/p>\n<p style=\"text-align: justify;\">Tenemos como objetivo favorecer el emprendimiento a los profesionales en su fase inicial, la m\u00e1s dura, la que m\u00e1s inc\u00f3gnitas plantea y la que m\u00e1s cuesta por sus costes, que por cierto aqu\u00ed van a ser muy, pero que muy reducidos estos costes, para que el arranque sea lo menos traum\u00e1tico posible. Se crea para proyectos empresariales sobre todo de servicios, sociales y\/o tecnol\u00f3gicos con todo lo que ello supone de creaci\u00f3n de empleo y riqueza. Lo podemos definir como una lanzadera o incubadora de proyectos.<\/p>\n<p style=\"text-align: justify;\"><strong>\u00bfQu\u00e9 nos podemos encontrar en el Espacio IDEO?<\/strong><\/p>\n<p style=\"text-align: justify;\">Bueno, vamos a disponer de tres espacios claramente diferenciados, por un lado el Coworking con su zona de descanso, las dos salas de reuniones y\/o conferencias y por \u00faltimo la zona de Vivero de Empresas. El Coworking ofrecer\u00e1 ocho puestos de trabajos en m\u00f3dulos de ma\u00f1ana o tarde de lunes a viernes y posiblemente los s\u00e1bados de ma\u00f1ana. El vivero en principio son tres dependencias para la ubicaci\u00f3n de negocio de forma fija durante el periodo que dure el contrato. Todo ello aderezado con instalaci\u00f3n de ADSL de alta velocidad, zona de m\u00e1quinas expendedoras, aire acondicionado, acceso de minusv\u00e1lidos, equipo multifunci\u00f3n con control de impresi\u00f3n, limpieza, seguridad, etc. En fin un equipamiento de primer orden para que los emprendedores puedan arrancar a coste baj\u00edsimos.<\/p>\n<p style=\"text-align: justify;\"><strong>\u00bfA qui\u00e9n va dirigido?<\/strong><\/p>\n<p style=\"text-align: justify;\">Nuestro p\u00fablico objetivo es aquella persona f\u00edsica o jur\u00eddica o empresa de reciente creaci\u00f3n o en fase de creaci\u00f3n con un claro proyecto de empresa. Estudiantes de \u00faltimos cursos universitarios, reci\u00e9n licenciados, profesionales con proyecto, en definitiva, aquellos que tenga pensado crear su proyecto empresarial.<\/p>\n<p style=\"text-align: justify;\"><strong>\u00bfS\u00f3lo para los vecinos de L\u2019Olleria?<\/strong><\/p>\n<p style=\"text-align: justify;\">No, claro que no, el Espai IDEO est\u00e1 pensado no s\u00f3lo para nuestros vecinos, que por supuesto lo est\u00e1. Estamos abiertos a emprendedores de toda La Vall d\u2019Albaida y comarcas lim\u00edtrofes, de hecho ya han mostrado inter\u00e9s empresas cercanas a Valencia que quieren establecer sede en la zona y apuestan por l\u2019Olleria como base para la zona sur de la Cdad. Valenciana.<\/p>\n<p style=\"text-align: justify;\"><strong>El pasado 16 de julio se firm\u00f3 el convenio con la UPV \u00bftiene relaci\u00f3n con este proyecto?<\/strong><\/p>\n<p style=\"text-align: justify;\">Efectivamente, no es que tenga algo que ver, sino es la piedra angular de todo el proyecto, \u00e9ste no tendr\u00eda sentido sin el apoyo incondicional de la UPV-Campus de Alcoi, ellos van a ser los agentes dinamizadores del proyecto de hecho el nombre es Espai IDEO-START UPV. Quiero aprovechar para agradecer a la UPV Campus Alcoi su predisposici\u00f3n e implicaci\u00f3n en este proyecto, podemos decir que se alinearon las estrellas, estuvimos el d\u00eda de y a la hora hache en el lugar oportuno para hacer coincidir los objetivos. Gracias a su Directora Giorgina Blanes, a Pablo Diaz Subdirector de relaciones con el entorno, al Rector Francisco Mora y a Jos\u00e9 Millet, Director del instituto Ideas por su apoyo y visi\u00f3n del proyecto.<\/p>\n<p style=\"text-align: justify;\"><strong>Y para finalizar \u00bfD\u00f3nde estar\u00e1 ubicado y como informarse?<\/strong><\/p>\n<p style=\"text-align: justify;\">El Ayuntamiento en la c\/San Juan XXIII, n\u00ba 25\u00a0 tiene un local de unos 350 m2 d\u00f3nde antiguamente estaba el ambulatorio y posteriormente la oficina del CIJ, es aqu\u00ed donde hemos realizado la obra para ubicar el Espaci IDEO aprovechando las instalaciones como es el caso del acceso a minusv\u00e1lidos mediante plataforma elevadora.<\/p>\n<p style=\"text-align: justify;\">Para pedir informaci\u00f3n s\u00f3lo hay que dirigirse a la oficina ADL-iDEO del Ayuntamiento de L\u2019OLLERIA, d\u00f3nde el t\u00e9cnico Vicente Momp\u00f3 le atender\u00e1 gustosamente\u2026 o bien en las instalaciones de Espai-IDEO\u00a0 de 9:00 a 11:00 h, o de 16:00 a 20:00 h .<\/p>\n","protected":false},"excerpt":{"rendered":"<p>&nbsp; &nbsp; El Ayuntamiento de L\u2019Olleria organiza, este viernes, una jornada de puertas abiertas del Espai iDEO destinada a empresas y emprendedores.\u00a0 Desde las 16:30 hasta la 21:00 h, en las instalaciones de Juan XXIII, n\u00ba 25\u00a0 bajo. Este centro cuenta con dos partes habilitadas. Una de ellas est\u00e1 abierta, el coworking, en la que [&hellip;]<\/p>\n","protected":false},"author":1,"featured_media":0,"comment_status":"closed","ping_status":"open","sticky":false,"template":"","format":"standard","meta":{"_monsterinsights_skip_tracking":false,"_monsterinsights_sitenote_active":false,"_monsterinsights_sitenote_note":"","_monsterinsights_sitenote_category":0},"categories":[171,12],"tags":[1205,1204,20,1304,1059],"_links":{"self":[{"href":"http:\/\/www.portaldelolleria.es\/index.php?rest_route=\/wp\/v2\/posts\/8383"}],"collection":[{"href":"http:\/\/www.portaldelolleria.es\/index.php?rest_route=\/wp\/v2\/posts"}],"about":[{"href":"http:\/\/www.portaldelolleria.es\/index.php?rest_route=\/wp\/v2\/types\/post"}],"author":[{"embeddable":true,"href":"http:\/\/www.portaldelolleria.es\/index.php?rest_route=\/wp\/v2\/users\/1"}],"replies":[{"embeddable":true,"href":"http:\/\/www.portaldelolleria.es\/index.php?rest_route=%2Fwp%2Fv2%2Fcomments&post=8383"}],"version-history":[{"count":7,"href":"http:\/\/www.portaldelolleria.es\/index.php?rest_route=\/wp\/v2\/posts\/8383\/revisions"}],"predecessor-version":[{"id":8397,"href":"http:\/\/www.portaldelolleria.es\/index.php?rest_route=\/wp\/v2\/posts\/8383\/revisions\/8397"}],"wp:attachment":[{"href":"http:\/\/www.portaldelolleria.es\/index.php?rest_route=%2Fwp%2Fv2%2Fmedia&parent=8383"}],"wp:term":[{"taxonomy":"category","embeddable":true,"href":"http:\/\/www.portaldelolleria.es\/index.php?rest_route=%2Fwp%2Fv2%2Fcategories&post=8383"},{"taxonomy":"post_tag","embeddable":true,"href":"http:\/\/www.portaldelolleria.es\/index.php?rest_route=%2Fwp%2Fv2%2Ftags&post=8383"}],"curies":[{"name":"wp","href":"https:\/\/api.w.org\/{rel}","templated":true}]}}